{"id":152960,"date":"2025-12-15T22:17:10","date_gmt":"2025-12-15T22:17:10","guid":{"rendered":"https:\/\/www.europesays.com\/pl\/152960\/"},"modified":"2025-12-15T22:17:10","modified_gmt":"2025-12-15T22:17:10","slug":"lodzkie-asf-u-padlych-dzikow-nowe-informacje-po-akcji-wojska","status":"publish","type":"post","link":"https:\/\/www.europesays.com\/pl\/152960\/","title":{"rendered":"\u0141\u00f3dzkie. ASF u pad\u0142ych dzik\u00f3w. Nowe informacje po akcji wojska"},"content":{"rendered":"<ul class=\"typography ids-typeset-body ids-typeset-body--preset-large list ids-list ids-list--unordered ids-list--size-large \" datatype=\"disc\">\n<li class=\"ids-list-item\">\n<p>Na terenie powiatu piotrkowskiego trwaj\u0105 intensywne poszukiwania pad\u0142ych dzik\u00f3w, aby ograniczy\u0107 rozprzestrzenianie si\u0119 afryka\u0144skiego pomoru \u015bwi\u0144 (ASF).<\/p>\n<\/li>\n<li class=\"ids-list-item\">\n<p>W weekend znaleziono 10 dzik\u00f3w, z czego siedem by\u0142o zaka\u017conych ASF; dzia\u0142ania prowadzone s\u0105 zgodnie z bioasekuracj\u0105 i obejmuj\u0105 udzia\u0142 wojska oraz s\u0142u\u017cb cywilnych.<\/p>\n<\/li>\n<li class=\"ids-list-item\">\n<p>Zaplanowano sanitarny odstrza\u0142 dzik\u00f3w i wdro\u017cono szereg restrykcji na terenie powiatu.<\/p>\n<\/li>\n<li class=\"ids-list-item\">Wi\u0119cej wa\u017cnych informacji znajdziesz na <a class=\"ids-undecorated-link link ids-link link\" href=\"https:\/\/www.interia.pl\/#utm_source=wydarzenia&amp;utm_medium=bullet&amp;utm_campaign=powrot_z_wew&amp;iwa_source=bullet\" target=\"_blank\" rel=\"nofollow noopener\">stronie g\u0142\u00f3wnej Interii<\/a><\/li>\n<\/ul>\n<p class=\"typography ids-typeset-body ids-typeset-body--preset-large link paragraph ids-paragraph ids-paragraph--default\">Na terenie pi\u0119ciu gmin w powiecie piotrkowskim obowi\u0105zuje rozporz\u0105dzenie powiatowego lekarza weterynarii w Piotrkowie Trybunalskim dotycz\u0105ce zwalczania afryka\u0144skiego pomoru \u015bwi\u0144 (ASF) u dzik\u00f3w. Chodzi o gminy: Sulej\u00f3w, Rozprza, \u0141\u0119ki Szlacheckie, Wola Krzysztoporska oraz miasto Piotrk\u00f3w Trybunalski.<\/p>\n<p class=\"typography ids-typeset-body ids-typeset-body--preset-large link paragraph ids-paragraph ids-paragraph--default\">Rozporz\u0105dzenie og\u0142oszono po tym, jak badanie osk\u00f3rowanej tuszy dzika odnalezionej pod koniec listopada w lesie na terenie gm. Rozprza wykaza\u0142o obecno\u015b\u0107 wirusa.<\/p>\n<p class=\"typography ids-typeset-body ids-typeset-body--preset-large link paragraph ids-paragraph ids-paragraph--default\">W weekend oko\u0142o 130 os\u00f3b\u00a0prowadzi\u0142o dzia\u0142ania poszukiwawcze w celu znalezienia pad\u0142ej zwierzyny. Zaanga\u017cowano w to \u017co\u0142nierzy Wojsk Obrony Terytorialnej, le\u015bnik\u00f3w, stra\u017cak\u00f3w z ochotniczych jednostek i przedstawicielami k\u00f3\u0142 \u0142owieckich. Ka\u017cde podejrzane znalezisko\u00a0by\u0142o zabezpieczane zgodnie z procedurami bioasekuracji i zg\u0142aszane odpowiednim s\u0142u\u017cbom.<\/p>\n<p>Dziki zaka\u017cone wirusem afryka\u0144skiego pomoru \u015bwi\u0144. Wielkie poszukiwania<\/p>\n<p class=\"typography ids-typeset-body ids-typeset-body--preset-large link paragraph ids-paragraph ids-paragraph--default\">Ministerstwo Rolnictwa i Rozwoju Wsi poinformowa\u0142o, \u017ce podczas poszukiwa\u0144 w miejscowo\u015bci Krupa odnaleziono siedem dzik\u00f3w. Wst\u0119pne badania laboratoryjne wykaza\u0142y, \u017ce wszystkie mia\u0142y dodatnie wyniki w kierunku ASF. Pobrane od nich pr\u00f3bki zosta\u0142y przes\u0142ane do krajowego laboratorium referencyjnego PIWet-PIB w Pu\u0142awach w celu potwierdzenia bada\u0144.<\/p>\n<p class=\"typography ids-typeset-body ids-typeset-body--preset-large link paragraph ids-paragraph ids-paragraph--default\">Dodatkowo w niedziel\u0119 s\u0142u\u017cby natkn\u0119\u0142y si\u0119 jeszcze na trzy dziki &#8211; jeden z nich nie by\u0142 zaka\u017cony ASF, materia\u0142 od dw\u00f3ch pozosta\u0142ych jest w trakcie bada\u0144.<\/p>\n<p class=\"typography ids-typeset-body ids-typeset-body--preset-large link paragraph ids-paragraph ids-paragraph--default\">Ujemne wyniki bada\u0144 uzyskano tak\u017ce w przypadku pr\u00f3bek pobranych od dzika zabitego w wypadku komunikacyjnym w miejscowo\u015bci R\u0119czno, w miejscu oddalonym od &#8222;dzika zero&#8221; o oko\u0142o 16 km, oraz od dzika odnalezionego w miejscowo\u015bci Antoniel\u00f3w, ok. 10 km od pierwszych szcz\u0105tk\u00f3w znalezionych w listopadzie.<\/p>\n<p>Strach przed dzikami. Komisja Europejska rozwa\u017ca powi\u0119kszenie obszaru<\/p>\n<p class=\"typography ids-typeset-body ids-typeset-body--preset-large link paragraph ids-paragraph ids-paragraph--default\">Resort rolnictwa poda\u0142, \u017ce dzia\u0142ania poszukiwawcze w systemie ci\u0105g\u0142ym prowadzone b\u0119d\u0105 do 21 grudnia. Po zako\u0144czeniu tej akcji planowane s\u0105 odstrza\u0142y sanitarne, kt\u00f3rych celem jest ograniczenie populacji dzik\u00f3w oraz zmniejszenie ryzyka rozprzestrzeniania si\u0119 wirusa ASF.<\/p>\n<p class=\"typography ids-typeset-body ids-typeset-body--preset-large link paragraph ids-paragraph ids-paragraph--default\">Wed\u0142ug ministerstwa we wtorek <a href=\"https:\/\/wydarzenia.interia.pl\/tematy-komisja-europejska,gsbi,34\" rel=\"nofollow noopener\" target=\"_blank\">Komisja Europejska<\/a> planuje podj\u0119cie decyzji o powi\u0119kszeniu strefy obj\u0119tej zaka\u017ceniem ASF. Jak zaznaczono w komunikacie, dot\u0105d organ wstrzymywa\u0142 si\u0119 z wprowadzaniem dodatkowych dzia\u0142a\u0144 ochronnych, poniewa\u017c polskie s\u0142u\u017cby podj\u0119\u0142y intensywn\u0105 prewencj\u0119.<\/p>\n<p>Sztab kryzysowy w Piotrkowie Trybunalskim. &#8222;Zag\u0142\u0119bie hodowli \u015bwi\u0144&#8221;<\/p>\n<p class=\"typography ids-typeset-body ids-typeset-body--preset-large link paragraph ids-paragraph ids-paragraph--default\">W poniedzia\u0142ek w Piotrkowie Trybunalskim zebra\u0142 si\u0119\u00a0wojew\u00f3dzki zesp\u00f3\u0142 zarz\u0105dzania kryzysowego z udzia\u0142em wojewody \u0142\u00f3dzkiego Doroty Ryl. Przekazano na nim najnowsze informacje dotycz\u0105ce zagro\u017cenia ASF w pow. piotrkowskim. W strefie zaka\u017cenia obowi\u0105zuje obecnie zakaz odstrza\u0142u dzik\u00f3w. Z kolei w 9 obwodach w powiecie piotrkowskim odstrza\u0142 zosta\u0142 zwi\u0119kszony o 450 dzik\u00f3w.<\/p>\n<p class=\"typography ids-typeset-body ids-typeset-body--preset-large link paragraph ids-paragraph ids-paragraph--default\">Powiat piotrkowski to zag\u0142\u0119bie hodowli trzody, na kt\u00f3rym znajduje si\u0119 ok. 450 tysi\u0119cy \u015bwi\u0144. Tylko w promieniu 5 km od miejsca znalezienia &#8222;dzika zero&#8221; dzia\u0142a 58 gospodarstw, w kt\u00f3rych utrzymywanych jest ponad 7 tys. \u015bwi\u0144.<\/p>\n<p class=\"typography ids-typeset-body ids-typeset-body--preset-large link paragraph ids-paragraph ids-paragraph--default\">Na posiadaczy trzody chlewnej na terenie pi\u0119ciu gmin w pow. piotrkowskim na\u0142o\u017cono szereg obowi\u0105zk\u00f3w, m.in. prowadzenia aktualnego spisu \u015bwi\u0144, zabezpieczenia pasz oraz stosowania skutecznych \u015brodk\u00f3w dezynfekcyjnych. Obowi\u0105zuje te\u017c zakaz wwo\u017cenia na teren gospodarstwa tusz dzik\u00f3w i produkt\u00f3w pochodzenia zwierz\u0119cego, organizowania targ\u00f3w i wystaw ze \u015bwiniami oraz prowadzenia polowa\u0144. Granice obszaru obj\u0119tego zaka\u017ceniem ASF maj\u0105 by\u0107 oznaczone tablicami ostrzegawczymi.<\/p>\n<p>Trwa wyja\u015bnianie przypadku &#8222;dzika zero&#8221;<\/p>\n<p class=\"typography ids-typeset-body ids-typeset-body--preset-large link paragraph ids-paragraph ids-paragraph--default\">S\u0142u\u017cby nadal wyja\u015bniaj\u0105 okoliczno\u015bci pozostawienia w lesie w\u00a0gm. Rozprza osk\u00f3rowanego dzika, kt\u00f3ry\u00a0by\u0142 zaka\u017cony wirusem ASF. Dzia\u0142ania w tej sprawie prowadzone s\u0105 przez <a href=\"https:\/\/wydarzenia.interia.pl\/tematy-agencja-bezpieczenstwa-wewnetrznego,gsbi,6841\" rel=\"nofollow noopener\" target=\"_blank\">Agencj\u0119 Bezpiecze\u0144stwa Wewn\u0119trznego<\/a>, policj\u0119 i prokuratur\u0119.<\/p>\n<p class=\"typography ids-typeset-body ids-typeset-body--preset-large link paragraph ids-paragraph ids-paragraph--default\">Afryka\u0144ski pom\u00f3r \u015bwi\u0144 to zaka\u017ana choroba wirusowa \u015bwi\u0144 domowych wszystkich ras oraz dzik\u00f3w. Ludzie nie s\u0105 nara\u017ceni na zaka\u017cenie tym wirusem, wi\u0119c choroba ta nie stwarza zagro\u017cenia dla ich zdrowia i \u017cycia. Wyst\u0105pienie ASF ma przede wszystkim znaczenie ekonomiczne.<\/p>\n<ul class=\"typography ids-typeset-body ids-typeset-body--preset-small list--article-list ids-list ids-list--unordered ids-list--size-small \" datatype=\"disc\">\n<li class=\"ids-list-item ids-list-item__content brief-list-item\"><a class=\"ids-undecorated-link link ids-link \" data-spons=\"false\" href=\"https:\/\/wydarzenia.interia.pl\/zagranica\/news-grozny-wirus-dotarl-do-niemiec-sluzby-oceniaja-ryzyko,nId,22453469\" rel=\"nofollow noopener\" target=\"_blank\">Gro\u017any wirus dotar\u0142 do Niemiec. S\u0142u\u017cby oceniaj\u0105 ryzyko<\/a><\/li>\n<li class=\"ids-list-item ids-list-item__content brief-list-item\"><a class=\"ids-undecorated-link link ids-link \" data-spons=\"false\" href=\"https:\/\/wydarzenia.interia.pl\/lubelskie\/news-szczatki-obiektu-przypominajacego-drona-komunikat-lubelskiej,nId,22498352\" rel=\"nofollow noopener\" target=\"_blank\">Szcz\u0105tki &#8222;obiektu przypominaj\u0105cego drona&#8221;. Komunikat lubelskiej policji<\/a><\/li>\n<\/ul>\n<p>Spotkanie Nawrockiego i Ze\u0142enskiego w Warszawie. Siwiec w &#8221;Go\u015bciu Wydarze\u0144&#8221;: Marsza\u0142ek Sejmu r\u00f3wnie\u017c b\u0119dzie go\u015bci\u0142 Ze\u0142enskiegoPolsat NewsPolsat News<\/p>\n<p><a class=\"ids-undecorated-link source ids-page-info--source__link\" href=\"https:\/\/p.iplsc.com\/-\/000L0SCEGA4O3ESS.pdf\" rel=\"nofollow noopener\" target=\"_blank\"><img decoding=\"async\" class=\"ids-image-holder__img\" loading=\"lazy\" alt=\"\" title=\"\" height=\"24px\" src=\"https:\/\/www.europesays.com\/pl\/wp-content\/uploads\/2025\/12\/0009A6098CYXTC6T-C202-F4.webp.webp\"\/><\/a><\/p>\n<p>Masz sugestie, uwagi albo widzisz b\u0142\u0105d? Napisz do nas<\/p>\n","protected":false},"excerpt":{"rendered":"Na terenie powiatu piotrkowskiego trwaj\u0105 intensywne poszukiwania pad\u0142ych dzik\u00f3w, aby ograniczy\u0107 rozprzestrzenianie si\u0119 afryka\u0144skiego pomoru \u015bwi\u0144 (ASF). W&hellip;\n","protected":false},"author":2,"featured_media":152961,"comment_status":"","ping_status":"","sticky":false,"template":"","format":"standard","meta":{"footnotes":""},"categories":[12],"tags":[32,33,36,37,27,34,35,28,31,25,42,38,40,39,41,29,30,26],"class_list":{"0":"post-152960","1":"post","2":"type-post","3":"status-publish","4":"format-standard","5":"has-post-thumbnail","7":"category-polska","8":"tag-breaking-news","9":"tag-breakingnews","10":"tag-featured-news","11":"tag-featurednews","12":"tag-headlines","13":"tag-latest-news","14":"tag-latestnews","15":"tag-naglowki","16":"tag-najwazniejsze-artykuly","17":"tag-news","18":"tag-pl","19":"tag-poland","20":"tag-polish","21":"tag-polska","22":"tag-polski","23":"tag-top-stories","24":"tag-topstories","25":"tag-wiadomosci"},"share_on_mastodon":{"url":"https:\/\/pubeurope.com\/@pl\/115725903222376524","error":""},"_links":{"self":[{"href":"https:\/\/www.europesays.com\/pl\/wp-json\/wp\/v2\/posts\/152960","targetHints":{"allow":["GET"]}}],"collection":[{"href":"https:\/\/www.europesays.com\/pl\/wp-json\/wp\/v2\/posts"}],"about":[{"href":"https:\/\/www.europesays.com\/pl\/wp-json\/wp\/v2\/types\/post"}],"author":[{"embeddable":true,"href":"https:\/\/www.europesays.com\/pl\/wp-json\/wp\/v2\/users\/2"}],"replies":[{"embeddable":true,"href":"https:\/\/www.europesays.com\/pl\/wp-json\/wp\/v2\/comments?post=152960"}],"version-history":[{"count":0,"href":"https:\/\/www.europesays.com\/pl\/wp-json\/wp\/v2\/posts\/152960\/revisions"}],"wp:featuredmedia":[{"embeddable":true,"href":"https:\/\/www.europesays.com\/pl\/wp-json\/wp\/v2\/media\/152961"}],"wp:attachment":[{"href":"https:\/\/www.europesays.com\/pl\/wp-json\/wp\/v2\/media?parent=152960"}],"wp:term":[{"taxonomy":"category","embeddable":true,"href":"https:\/\/www.europesays.com\/pl\/wp-json\/wp\/v2\/categories?post=152960"},{"taxonomy":"post_tag","embeddable":true,"href":"https:\/\/www.europesays.com\/pl\/wp-json\/wp\/v2\/tags?post=152960"}],"curies":[{"name":"wp","href":"https:\/\/api.w.org\/{rel}","templated":true}]}}