{"id":152962,"date":"2025-12-15T22:18:14","date_gmt":"2025-12-15T22:18:14","guid":{"rendered":"https:\/\/www.europesays.com\/pl\/152962\/"},"modified":"2025-12-15T22:18:14","modified_gmt":"2025-12-15T22:18:14","slug":"171-mld-zl-tyle-pieniedzy-moze-zabraknac-w-kasie-nfz-w-roku-2040","status":"publish","type":"post","link":"https:\/\/www.europesays.com\/pl\/152962\/","title":{"rendered":"171 mld z\u0142. Tyle pieni\u0119dzy mo\u017ce zabrakn\u0105\u0107 w kasie NFZ w roku 2040"},"content":{"rendered":"<p><img alt=\"\"   src=\"https:\/\/www.europesays.com\/pl\/wp-content\/uploads\/2025\/12\/ZAT250926_010.jpg\" decoding=\"async\" data-nimg=\"fill\" class=\"image\" style=\"position:absolute;top:0;left:0;bottom:0;right:0;box-sizing:border-box;padding:0;border:none;margin:auto;display:block;width:0;height:0;min-width:100%;max-width:100%;min-height:100%;max-height:100%;object-fit:cover\"\/><\/p>\n<p>Prawa autorskie: Fot. Krzysztof Zatycki \/ Agencja Wyborcza.plFot. Krzysztof Zatyc&#8230;<\/p>\n<p>Prawa autorskie: Fot. Krzysztof Zatycki \/ Agencja Wyborcza.plFot. Krzysztof Zatyc&#8230;<\/p>\n<p>Zaloguj si\u0119, aby zapisa\u0107 na p\u00f3\u017aniej<\/p>\n<p>15 grudnia 2025<\/p>\n<p><a target=\"_blank\" href=\"https:\/\/news.google.com\/publications\/CAAiEGYSkp3as7HPQ8kTGP1yxGQqFAgKIhBmEpKd2rOxz0PJExj9csRk?hl=pl&amp;gl=PL&amp;ceid=PL%3Apl\" rel=\"noreferrer nofollow noopener\">Google News<\/a>Udost\u0119pnij na FacebookuUdost\u0119pnij na TwitterzeUdost\u0119pnij w mailu<\/p>\n<p class=\"mt-3 font-serif font-semibold text-lg text-gray-900 lg:mt-5 lg:text-xl lg:leading-8 dark:text-gray-50 print:dark:text-black\">Je\u017celi nic si\u0119 nie zmieni, coraz wi\u0119kszy ci\u0119\u017car koszt\u00f3w leczenia spadnie na obywateli UE. Najmocniej odczuj\u0105 to rodziny z najni\u017cszymi dochodami \u2013 te, kt\u00f3re pa\u0144stwo powinno szczeg\u00f3lnie wspiera\u0107. To nie jest raport o finansach, lecz o przysz\u0142o\u015bci zdrowia ca\u0142ego spo\u0142ecze\u0144stwa\u00a0<\/p>\n<p><a target=\"_blank\" href=\"https:\/\/news.google.com\/publications\/CAAiEGYSkp3as7HPQ8kTGP1yxGQqFAgKIhBmEpKd2rOxz0PJExj9csRk?hl=pl&amp;gl=PL&amp;ceid=PL%3Apl\" rel=\"noreferrer nofollow noopener\">Google News<\/a>Udost\u0119pnij na FacebookuUdost\u0119pnij na TwitterzeUdost\u0119pnij w mailu<\/p>\n<p class=\"typography__paragraph my-5 font-serif font-normal text-xl leading-8 text-gray-900 dark:text-gray-50 print:dark:text-black break-words\">Autorami raportu, kt\u00f3ry ukaza\u0142 si\u0119 9 grudnia 2025 r., s\u0105:   <\/p>\n<ul class=\"typography__unordered-list ul-list mt-5 pl-9 text-gray-900 first-child:mt-0 dark:text-gray-50 print:dark:text-black break-words ul-level-0\">\n<li class=\"typography__list-item mt-3 pl-1 font-serif font-normal text-xl leading-8 text-gray-900 dark:text-gray-50 marker:text-lg marker:leading-none marker:text-red-700 dark:marker:text-red-400 print:dark:text-black break-words\">\u0141ukasz Koz\u0142owski, g\u0142\u00f3wny ekonomista Federacji Przedsi\u0119biorc\u00f3w Polskich;  <\/li>\n<li class=\"typography__list-item mt-3 pl-1 font-serif font-normal text-xl leading-8 text-gray-900 dark:text-gray-50 marker:text-lg marker:leading-none marker:text-red-700 dark:marker:text-red-400 print:dark:text-black break-words\">Bernard Wa\u015bko, dyrektor Narodowego Instytutu Zdrowia Publicznego \u2013 Pa\u0144stwowego Zak\u0142adu Higieny  <\/li>\n<li class=\"typography__list-item mt-3 pl-1 font-serif font-normal text-xl leading-8 text-gray-900 dark:text-gray-50 marker:text-lg marker:leading-none marker:text-red-700 dark:marker:text-red-400 print:dark:text-black break-words\">i Wojciech Wi\u015bniewski, ekspert ds. ochrony zdrowia Federacji Przedsi\u0119biorc\u00f3w Polskich.  <\/li>\n<\/ul>\n<p class=\"typography__paragraph my-5 font-serif font-normal text-xl leading-8 text-gray-900 dark:text-gray-50 print:dark:text-black break-words\">To ju\u017c trzeci dokument tego typu przygotowany przez ekspert\u00f3w Federacji Przedsi\u0119biorc\u00f3w Polskich i NZIP PZH. O ile pierwsze dwa raporty obejmowa\u0142y lata 2025\u20132027 oraz okres do roku 2028, obecny wybiega w przysz\u0142o\u015b\u0107, a\u017c do roku 2060.  <\/p>\n<p class=\"typography__paragraph my-5 font-serif font-normal text-xl leading-8 text-gray-900 dark:text-gray-50 print:dark:text-black break-words\">\u201cSystem ochrony zdrowia wymaga stabilnych i przewidywalnych ram finansowania\u201d \u2013 pisz\u0105 we wst\u0119pie autorzy raportu. \u201cPowinien si\u0119 r\u00f3wnie\u017c charakteryzowa\u0107 odporno\u015bci\u0105 na wahania koniunkturalne oraz odpowiada\u0107 na d\u0142ugoterminowe wyzwania, zwi\u0105zane m.in. z trendami demograficznymi czy rosn\u0105cymi kosztami \u015bwiadcze\u0144\u201d \u2013 dodaj\u0105.  <\/p>\n<p class=\"typography__paragraph my-5 font-serif font-normal text-xl leading-8 text-gray-900 dark:text-gray-50 print:dark:text-black break-words\">Zdaniem trzech ekspert\u00f3w r\u00f3wnowaga finansowania systemu ochrony zdrowia w Polsce uleg\u0142a w ostatnich latach znacznemu zachwianiu. Nie trzeba zreszt\u0105 by\u0107 ekspertem, by zauwa\u017cy\u0107 ten niepokoj\u0105cy trend. O k\u0142opotach naszego narodowego p\u0142atnika s\u0142yszymy od co najmniej 2 lat. Pisali\u015bmy o tym nieraz w OKO.press. <\/p>\n<p class=\"typography__paragraph my-5 font-serif font-normal text-xl leading-8 text-gray-900 dark:text-gray-50 print:dark:text-black break-words\">Autorzy raportu pisz\u0105 o przyczynach takiego stanu rzeczy. Pocz\u0105wszy od ca\u0142kowitego wyczerpania rezerw, poprzez przerzucenie na NFZ wielu obowi\u0105zk\u00f3w bez zapewnienia odpowiedniego finansowania, a sko\u0144czywszy na niemo\u017cno\u015bci pokrycia rosn\u0105cych potrzeb wy\u0142\u0105cznie ze sk\u0142adek zdrowotnych. <\/p>\n<blockquote class=\"typography__blockquote mt-6 font-serif font-bold text-[1.8125rem] leading-[2.75rem] text-gray-900 before:inline-block before:mr-3 before:h-[0.8125rem] before:w-24 before:bg-red-700 dark:text-gray-50 dark:before:bg-red-400 print:dark:text-black before:print:dark:bg-black break-words\"><p>Poniewa\u017c finansowanie sk\u0142adkowe przesta\u0142o wystarcza\u0107, konieczno\u015bci\u0105 staje si\u0119 finansowanie sk\u0142adkowo-bud\u017cetowe.<\/p><\/blockquote>\n<p class=\"typography__paragraph my-5 font-serif font-normal text-xl leading-8 text-gray-900 dark:text-gray-50 print:dark:text-black break-words\">\u201cUdzia\u0142 \u015brodk\u00f3w z bud\u017cetu pa\u0144stwa w nak\u0142adach na ochron\u0119 zdrowia wzro\u015bnie kilkukrotnie i w 2027 r. osi\u0105gnie poziom wy\u017cszy, ni\u017c wynosz\u0105 cho\u0107by wydatki na program 800+\u201d \u2013 pisz\u0105 autorzy raportu. Ale co b\u0119dzie dalej?  <\/p>\n<p class=\"typography__paragraph my-5 font-serif font-normal text-xl leading-8 text-gray-900 dark:text-gray-50 print:dark:text-black break-words\">\u201cOchrona zdrowia, kt\u00f3ra do niedawna w relatywnie niewielkim stopniu obci\u0105\u017ca\u0142a bud\u017cet pa\u0144stwa, stanie si\u0119 jedn\u0105 z trzech dziedzin o najwi\u0119kszym wp\u0142ywie na deficyt sektora finans\u00f3w publicznych, obok systemu ubezpiecze\u0144 spo\u0142ecznych oraz obronno\u015bci\u201d \u2013 podkre\u015blaj\u0105. <\/p>\n<p class=\"typography__paragraph my-5 font-serif font-normal text-xl leading-8 text-gray-900 dark:text-gray-50 print:dark:text-black break-words\">K\u0142opoty finansowe, jakie dotkn\u0119\u0142y nasz system ochrony zdrowia, mimo przeznaczania na\u0144 coraz wi\u0119kszych sum, nie tylko nie znikn\u0105, ale wr\u0119cz si\u0119 pog\u0142\u0119bi\u0105. Podstawow\u0105 przyczyn\u0105 jest demografia.  <\/p>\n<p class=\"typography__paragraph my-5 font-serif font-normal text-xl leading-8 text-gray-900 dark:text-gray-50 print:dark:text-black break-words\">Nasze spo\u0142ecze\u0144stwo, podobnie jak spo\u0142ecze\u0144stwa innych kraj\u00f3w rozwini\u0119tych, starzeje si\u0119. A to oznacza wi\u0119ksze zapotrzebowanie na \u015bwiadczenia zdrowotne. Wiadomo, \u017ce najwi\u0119cej drogich \u015bwiadcze\u0144 potrzebuj\u0105 ludzie starsi.  <\/p>\n<p class=\"typography__paragraph my-5 font-serif font-normal text-xl leading-8 text-gray-900 dark:text-gray-50 print:dark:text-black break-words\">Z drugiej strony od lat rodzi si\u0119 u nas coraz mniej dzieci. Z czasem wi\u0119c wp\u0142ywy ze sk\u0142adek zdrowotnych b\u0119d\u0105 si\u0119 coraz bardziej \u201erozje\u017cd\u017ca\u0107\u201d z potrzebami. <\/p>\n<p class=\"typography__paragraph my-5 font-serif font-normal text-xl leading-8 text-gray-900 dark:text-gray-50 print:dark:text-black break-words\">Liczba ludno\u015bci w przypadku m\u0119\u017cczyzn spadnie z   <\/p>\n<ul class=\"typography__unordered-list ul-list mt-5 pl-9 text-gray-900 first-child:mt-0 dark:text-gray-50 print:dark:text-black break-words ul-level-0\">\n<li class=\"typography__list-item mt-3 pl-1 font-serif font-normal text-xl leading-8 text-gray-900 dark:text-gray-50 marker:text-lg marker:leading-none marker:text-red-700 dark:marker:text-red-400 print:dark:text-black break-words\">18,67 mln do: <\/li>\n<li class=\"typography__list-item mt-3 pl-1 font-serif font-normal text-xl leading-8 text-gray-900 dark:text-gray-50 marker:text-lg marker:leading-none marker:text-red-700 dark:marker:text-red-400 print:dark:text-black break-words\">17,03 mln w 2040 r.;  <\/li>\n<li class=\"typography__list-item mt-3 pl-1 font-serif font-normal text-xl leading-8 text-gray-900 dark:text-gray-50 marker:text-lg marker:leading-none marker:text-red-700 dark:marker:text-red-400 print:dark:text-black break-words\">14,68 mln w 2060 r.;  <\/li>\n<li class=\"typography__list-item mt-3 pl-1 font-serif font-normal text-xl leading-8 text-gray-900 dark:text-gray-50 marker:text-lg marker:leading-none marker:text-red-700 dark:marker:text-red-400 print:dark:text-black break-words\">w przypadku kobiet z 19,87 mln do: <\/li>\n<li class=\"typography__list-item mt-3 pl-1 font-serif font-normal text-xl leading-8 text-gray-900 dark:text-gray-50 marker:text-lg marker:leading-none marker:text-red-700 dark:marker:text-red-400 print:dark:text-black break-words\">18,15 mln w 2040 r.;  <\/li>\n<li class=\"typography__list-item mt-3 pl-1 font-serif font-normal text-xl leading-8 text-gray-900 dark:text-gray-50 marker:text-lg marker:leading-none marker:text-red-700 dark:marker:text-red-400 print:dark:text-black break-words\">15,46 mln w 2060 r.   <\/li>\n<\/ul>\n<p class=\"typography__paragraph my-5 font-serif font-normal text-xl leading-8 text-gray-900 dark:text-gray-50 print:dark:text-black break-words\">Jednocze\u015bnie znacz\u0105co zmieni si\u0119 struktura wiekowa populacji. A to prze\u0142o\u017cy si\u0119 na liczb\u0119 os\u00f3b w wieku produkcyjnym. Wed\u0142ug GUS-owskiej \u201e<a rel=\"noindex nofollow noopener\" target=\"_blank\" href=\"https:\/\/stat.gov.pl\/obszary-tematyczne\/ludnosc\/prognoza-ludnosci\/prognoza-ludnosci-na-lata-2023-2060,11,1.html\" class=\"typography__anchor underline text-gray-900 decoration-red-700 cursor-pointer hover:text-red-700 dark:text-gray-50 dark:decoration-red-400 dark:hover:text-red-400 print:dark:text-black break-words\">Prognozy ludno\u015bci na lata 2023\u20132060<\/a>\u201d do 2060 r. spadek zasob\u00f3w ludno\u015bci w wieku produkcyjnym wyniesie od 25 do 40 proc.<\/p>\n<p class=\"typography__paragraph my-5 font-serif font-normal text-xl leading-8 text-gray-900 dark:text-gray-50 print:dark:text-black break-words\">\u201cCelem niniejszego opracowania jest przedstawienie opinii publicznej d\u0142ugoterminowych wyzwa\u0144 zwi\u0105zanych z finansowaniem ochrony zdrowia do 2060 r., ze szczeg\u00f3lnym uwzgl\u0119dnieniem prognozy pi\u0119tnastoletniej, do 2040 r., kiedy da si\u0119 odczu\u0107 wyra\u017any spadek udzia\u0142u os\u00f3b pracuj\u0105cych w populacji\u201d \u2013 czytamy w raporcie.  <\/p>\n<p class=\"typography__paragraph my-5 font-serif font-normal text-xl leading-8 text-gray-900 dark:text-gray-50 print:dark:text-black break-words\">Do przygotowania prognozy autorzy wykorzystali model PASH (Population Ageing financial Sustainability gap for Health systems) opracowany przez \u015awiatow\u0105 Organizacj\u0119 Zdrowia. Narz\u0119dzie to pozwala analizowa\u0107 stabilno\u015b\u0107 finansowania ochrony zdrowia z uwzgl\u0119dnieniem specyfiki danego kraju, tj. struktury demograficznej, systemu finansowania opieki zdrowotnej, a tak\u017ce ponoszonych koszt\u00f3w i przychod\u00f3w.  <\/p>\n<p class=\"typography__paragraph my-5 font-serif font-normal text-xl leading-8 text-gray-900 dark:text-gray-50 print:dark:text-black break-words\">Model PASH uwzgl\u0119dnia wp\u0142yw starzenia si\u0119 spo\u0142ecze\u0144stw nie tylko na wzrost koszt\u00f3w \u015bwiadcze\u0144, ale r\u00f3wnie\u017c na spadek przychod\u00f3w zwi\u0105zanych z wp\u0142ywami ze sk\u0142adki zdrowotnej.  <\/p>\n<p class=\"typography__paragraph my-5 font-serif font-normal text-xl leading-8 text-gray-900 dark:text-gray-50 print:dark:text-black break-words\">W przypadku Polski najsilniejszy wp\u0142yw tych dw\u00f3ch zjawisk spodziewany jest w ci\u0105gu najbli\u017cszych 15 lat po stronie wzrostu koszt\u00f3w, a pocz\u0105wszy od roku 2040, r\u00f3wnie\u017c w postaci spadku przychod\u00f3w z tytu\u0142u sk\u0142adki na ubezpieczenie zdrowotne. Innymi s\u0142owy, w latach 2025-2040 mo\u017cna spodziewa\u0107 si\u0119 g\u0142\u00f3wnie wzrostu koszt\u00f3w udzielanych \u015bwiadcze\u0144, a w latach 2040-2060 podstawowym k\u0142opotem b\u0119dzie s\u0142aby dop\u0142yw pieni\u0119dzy ze sk\u0142adki.  <\/p>\n<p class=\"typography__paragraph my-5 font-serif font-normal text-xl leading-8 text-gray-900 dark:text-gray-50 print:dark:text-black break-words\">Ostatecznym wynikiem prognozy mia\u0142o by\u0107 ustalenie wielko\u015bci luki finansowej systemu ochrony zdrowia powi\u0105zanej ze starzeniem si\u0119 spo\u0142ecze\u0144stwa, jak r\u00f3wnie\u017c dodatkowego wp\u0142ywu czynnik\u00f3w pozademograficznych wp\u0142ywaj\u0105cych na wzrost koszt\u00f3w funkcjonowania publicznego systemu ochrony zdrowia w ostatnich latach. <\/p>\n<p class=\"typography__paragraph my-5 font-serif font-normal text-xl leading-8 text-gray-900 dark:text-gray-50 print:dark:text-black break-words\">W analizie uwzgl\u0119dniono dwa scenariusze:  <\/p>\n<ul class=\"typography__unordered-list ul-list mt-5 pl-9 text-gray-900 first-child:mt-0 dark:text-gray-50 print:dark:text-black break-words ul-level-0\">\n<li class=\"typography__list-item mt-3 pl-1 font-serif font-normal text-xl leading-8 text-gray-900 dark:text-gray-50 marker:text-lg marker:leading-none marker:text-red-700 dark:marker:text-red-400 print:dark:text-black break-words\">scenariusz bazowy, opieraj\u0105cy si\u0119 na za\u0142o\u017ceniu, \u017ce wzrost koszt\u00f3w \u015bwiadcze\u0144 us\u0142ug medycznych b\u0119dzie, jak w ostatnich 3. latach, znacz\u0105co przewy\u017csza\u0142 wzrost cen w gospodarce.  <\/li>\n<li class=\"typography__list-item mt-3 pl-1 font-serif font-normal text-xl leading-8 text-gray-900 dark:text-gray-50 marker:text-lg marker:leading-none marker:text-red-700 dark:marker:text-red-400 print:dark:text-black break-words\">scenariusz alternatywny zak\u0142adaj\u0105cy os\u0142abienie dodatkowej presji kosztowej wyst\u0119puj\u0105cej najsilniej od 2022 r.  <\/li>\n<\/ul>\n<p class=\"typography__paragraph my-5 font-serif font-normal text-xl leading-8 text-gray-900 dark:text-gray-50 print:dark:text-black break-words\">Ile zatem b\u0119dzie wynosi\u0107 luka finansowa NFZ w kolejnych latach? Je\u015bli nic si\u0119 nie zmieni, tzn. koszty leczenia b\u0119d\u0105 ros\u0142y w takim tempie, jak w ostatnio, w roku 2040 wyniesie ona 171 mld z\u0142. Natomiast w roku 2060 osi\u0105gnie w cenach sta\u0142ych 434 mld z\u0142 (scenariusz bazowy). <\/p>\n<p class=\"typography__paragraph my-5 font-serif font-normal text-xl leading-8 text-gray-900 dark:text-gray-50 print:dark:text-black break-words\">Wed\u0142ug drugiego, alternatywnego scenariusza luka mo\u017ce rosn\u0105\u0107 wolniej, ale wymaga to zmniejszenia presji kosztowej w systemie. W tej wersji wyniesie ona 112 mld z\u0142 w 2040 r. i 315 mld z\u0142 w roku 2060.  <\/p>\n<p class=\"typography__paragraph my-5 font-serif font-normal text-xl leading-8 text-gray-900 dark:text-gray-50 print:dark:text-black break-words\">Czym te gigantyczne luki zape\u0142ni\u0107? \u201cAlbo wydatkami prywatnymi (out-of-pocket) obywateli, albo dodatkowymi \u015brodkami publicznymi, pochodz\u0105cymi spoza strumienia sk\u0142adkowego\u201d \u2013 czytamy w dokumencie. <\/p>\n<p class=\"typography__paragraph my-5 font-serif font-normal text-xl leading-8 text-gray-900 dark:text-gray-50 print:dark:text-black break-words\">\u201cW poprzednich raportach liczyli\u015bmy luk\u0119 w perspektywie kilku najbli\u017cszych lat. I ju\u017c wtedy by\u0142o jasne, \u017ce bez zmian system b\u0119dzie wymaga\u0142 coraz wi\u0119kszego dok\u0142adania \u015brodk\u00f3w z zewn\u0105trz\u201d \u2013 komentuje te wyniki \u0141ukasz Koz\u0142owski.<\/p>\n<p class=\"typography__paragraph my-5 font-serif font-normal text-xl leading-8 text-gray-900 dark:text-gray-50 print:dark:text-black break-words\">\u201cTeraz po raz pierwszy patrzymy d\u0142ugoterminowo i widzimy, \u017ce to nie jest chwilowe t\u0105pni\u0119cie, ale trwa\u0142y trend dotykaj\u0105cy wiele kraj\u00f3w, wynikaj\u0105cy z demografii, rosn\u0105cych koszt\u00f3w leczenia i wyczerpania rezerw. Im d\u0142u\u017cej b\u0119dziemy opiera\u0107 si\u0119 na dora\u017anych dotacjach zamiast na przejrzystych zasadach finansowania, tym wi\u0119ksz\u0105 luk\u0119 zostawimy kolejnym rz\u0105dom i kolejnym pokoleniom pacjent\u00f3w\u201d \u2013 dodaje Koz\u0142owski.  <\/p>\n<p class=\"typography__paragraph my-5 font-serif font-normal text-xl leading-8 text-gray-900 dark:text-gray-50 print:dark:text-black break-words\">\u201cDemografia to jedna z najsilniejszych zmiennych, kt\u00f3ra ju\u017c dzi\u015b przebudowuje system ochrony zdrowia i w kolejnych latach b\u0119dzie robi\u0107 to coraz szybciej\u201d \u2013 zaznacza z kolei dr Bernard Wa\u015bko.<\/p>\n<p class=\"typography__paragraph my-5 font-serif font-normal text-xl leading-8 text-gray-900 dark:text-gray-50 print:dark:text-black break-words\">\u201cDo 2060 r. mieszka\u0144c\u00f3w Polski mo\u017ce by\u0107 nawet o 7-8 mln mniej, a w ci\u0105gu jednej dekady struktura ich wieku zmieni si\u0119 bardziej, ni\u017c kiedy\u015b zmienia\u0142a si\u0119 w trzy. W zwi\u0105zku z tym stoimy przed nieuniknionym wyr\u00f3wnaniem koszt\u00f3w leczenia senior\u00f3w do poziomu obserwowanego w Europie Zachodniej, gdzie na opiek\u0119 nad osobami 75+ przeznacza si\u0119 ok. 20 proc. PKB per capita wobec 12 proc. w Polsce&#8221;. <\/p>\n<blockquote class=\"typography__blockquote mt-6 font-serif font-bold text-[1.8125rem] leading-[2.75rem] text-gray-900 before:inline-block before:mr-3 before:h-[0.8125rem] before:w-24 before:bg-red-700 dark:text-gray-50 dark:before:bg-red-400 print:dark:text-black before:print:dark:bg-black break-words\"><p>&#8222;Je\u015bli teraz nie zaczniemy planowa\u0107 wydatk\u00f3w na leczenie w d\u0142u\u017cszej perspektywie, te r\u00f3\u017cnice zaczn\u0105 wyznacza\u0107 dost\u0119p pacjenta do opieki\u201d \u2013 dodaje ekspert.<\/p><\/blockquote>\n<p class=\"typography__paragraph my-5 font-serif font-normal text-xl leading-8 text-gray-900 dark:text-gray-50 print:dark:text-black break-words\">I dalej: \u201cTe prognozy to syreny alarmowe. Dzi\u015b system finansowania ochrony zdrowia dzia\u0142a z roku na rok, bez pewno\u015bci, co przyniesie przysz\u0142o\u015b\u0107. Analizy prowadzone przez European Observatory on Health Systems and Policies s\u0105 jednoznaczne. Je\u017celi nic si\u0119 nie zmieni, coraz wi\u0119kszy ci\u0119\u017car koszt\u00f3w leczenia spadnie na obywateli pa\u0144stw UE. Najmocniej odczuj\u0105 to rodziny z najni\u017cszymi dochodami \u2013 te, kt\u00f3re pa\u0144stwo powinno szczeg\u00f3lnie wspiera\u0107. To nie jest raport o finansach, lecz o przysz\u0142o\u015bci zdrowia ca\u0142ego spo\u0142ecze\u0144stwa\u201d.  <\/p>\n<p class=\"typography__paragraph my-5 font-serif font-normal text-xl leading-8 text-gray-900 dark:text-gray-50 print:dark:text-black break-words\">Autorzy raportu nie poprzestaj\u0105 na zaprezentowaniu niepokoj\u0105cych wylicze\u0144. Pod koniec dokumentu formu\u0142uj\u0105 kilka konkretnych rekomendacji, zaczynaj\u0105c jednak od og\u00f3lniejszej uwagi. Namawiaj\u0105 do rozpocz\u0119cia debaty publicznej dotycz\u0105cej zapewnienia trwa\u0142ych i stabilnych ram finansowania systemu ochrony zdrowia w Polsce.  <\/p>\n<p class=\"typography__paragraph my-5 font-serif font-normal text-xl leading-8 text-gray-900 dark:text-gray-50 print:dark:text-black break-words\">Ich zdaniem w szczeg\u00f3lno\u015bci wydaje si\u0119 zasadne:   <\/p>\n<ul class=\"typography__unordered-list ul-list mt-5 pl-9 text-gray-900 first-child:mt-0 dark:text-gray-50 print:dark:text-black break-words ul-level-0\">\n<li class=\"typography__list-item mt-3 pl-1 font-serif font-normal text-xl leading-8 text-gray-900 dark:text-gray-50 marker:text-lg marker:leading-none marker:text-red-700 dark:marker:text-red-400 print:dark:text-black break-words\">Pilne wdro\u017cenie rozwi\u0105za\u0144 ograniczaj\u0105cych wzrost koszt\u00f3w udzielania \u015bwiadcze\u0144 opieki zdrowotnej ponad warto\u015b\u0107 inflacji w gospodarce. <\/li>\n<li class=\"typography__list-item mt-3 pl-1 font-serif font-normal text-xl leading-8 text-gray-900 dark:text-gray-50 marker:text-lg marker:leading-none marker:text-red-700 dark:marker:text-red-400 print:dark:text-black break-words\">Ustawowe uregulowanie sposobu uzupe\u0142nienia przychod\u00f3w w systemie ochrony zdrowia z innych \u017ar\u00f3de\u0142 ni\u017c zwi\u0105zane z wykonywaniem pracy lub prowadzeniem dzia\u0142alno\u015bci gospodarczej. Warto tu uwzgl\u0119dni\u0107 prognozy potrzeb zdrowotnych oparte na analizach rosn\u0105cego popytu na \u015bwiadczenia opieki zdrowotnej, a nie relacji wydatk\u00f3w publicznych do PKB (ten wska\u017anik okaza\u0142 si\u0119 zupe\u0142nie niemiarodajny i nieprzydatny w planowaniu wydatk\u00f3w).  <\/li>\n<li class=\"typography__list-item mt-3 pl-1 font-serif font-normal text-xl leading-8 text-gray-900 dark:text-gray-50 marker:text-lg marker:leading-none marker:text-red-700 dark:marker:text-red-400 print:dark:text-black break-words\">Rozszerzenie bazy podatkowej o op\u0142aty zwi\u0105zane z konsumpcj\u0105 produkt\u00f3w o udowodnionym szkodliwym wp\u0142ywie na zdrowie obywateli.  <\/li>\n<li class=\"typography__list-item mt-3 pl-1 font-serif font-normal text-xl leading-8 text-gray-900 dark:text-gray-50 marker:text-lg marker:leading-none marker:text-red-700 dark:marker:text-red-400 print:dark:text-black break-words\">Weryfikacja grup uprzywilejowanych lub zwolnionych z danin przeznaczonych na finansowanie systemu ochrony zdrowia.  <\/li>\n<li class=\"typography__list-item mt-3 pl-1 font-serif font-normal text-xl leading-8 text-gray-900 dark:text-gray-50 marker:text-lg marker:leading-none marker:text-red-700 dark:marker:text-red-400 print:dark:text-black break-words\">Opracowanie wieloletniej strategii finansowania systemu ochrony zdrowia, uwzgl\u0119dniaj\u0105cej d\u0142ugoterminowe trendy demograficzne.  <\/li>\n<\/ul>\n<p class=\"typography__paragraph my-5 font-serif font-normal text-xl leading-8 text-gray-900 dark:text-gray-50 print:dark:text-black break-words\">\u201cNiezale\u017cnie od powy\u017cszych kwestii, w Polsce od lat pozostaje nierozwi\u0105zany problem systemowego marnotrawstwa cz\u0119\u015bci \u015brodk\u00f3w. W tym spowodowany nadmiarem \u0142\u00f3\u017cek szpitalnych w przeliczeniu na liczb\u0119 mieszka\u0144c\u00f3w (jeden z najwy\u017cszych wska\u017anik\u00f3w w krajach UE, obok Rumunii), powielaniem nieuzasadnionych porad specjalistycznych czy hospitalizacji\u201d \u2013 dodaj\u0105 autorzy. <\/p>\n<p class=\"typography__paragraph my-5 font-serif font-normal text-xl leading-8 text-gray-900 dark:text-gray-50 print:dark:text-black break-words\">\u201cW obliczu nadchodz\u0105cych wyzwa\u0144 demograficznych i ekonomicznych poprawa efektywno\u015bci dzia\u0142ania systemu ochrony zdrowia pozostaje kluczowym priorytetem\u201d. <\/p>\n<p>;<a href=\"https:\/\/oko.press\/autor\/slawomir-zagorski\" class=\"w-20 h-20 relative xl:mt-0.5 shrink-0 rounded-full border-gray-300 dark:border-gray-600 grayscale\" rel=\"nofollow noopener\" target=\"_blank\"><img alt=\"Na zdj\u0119ciu S\u0142awomir Zag\u00f3rski\" src=\"data:image\/gif;base64,R0lGODlhAQABAIAAAAAAAP\/\/\/yH5BAEAAAAALAAAAAABAAEAAAIBRAA7\" decoding=\"async\" data-nimg=\"fill\" class=\"image\" style=\"position:absolute;top:0;left:0;bottom:0;right:0;box-sizing:border-box;padding:0;border:none;margin:auto;display:block;width:0;height:0;min-width:100%;max-width:100%;min-height:100%;max-height:100%;object-fit:cover\"\/><\/a><a href=\"https:\/\/oko.press\/autor\/slawomir-zagorski\" class=\"text-base font-medium print:dark:text-black\" rel=\"nofollow noopener\" target=\"_blank\">S\u0142awomir Zag\u00f3rski <\/a><\/p>\n<p class=\"hidden xl:block mt-2 text-xs print:dark:text-black\">Biolog, dziennikarz. Zrobi\u0142 doktorat na UW, uczy\u0142 biologii student\u00f3w w Algierii. 20 lat sp\u0119dzi\u0142 w \u201eGazecie Wyborczej\u201d. Wsp\u00f3\u0142zak\u0142ada\u0142 tam dzia\u0142 nauki i wypromowa\u0142 wielu dziennikarzy naukowych. Pracowa\u0142 te\u017c m.in. w Ambasadzie RP w Waszyngtonie, zajmuj\u0105c si\u0119 wsp\u00f3\u0142prac\u0105 naukow\u0105 i kulturaln\u0105 mi\u0119dzy Stanami a Polsk\u0105. W OKO.press pisze g\u0142\u00f3wnie o systemie ochrony zdrowia.<\/p>\n<p class=\"block xl:hidden mt-2 text-xs print:dark:text-black\">Biolog, dziennikarz. Zrobi\u0142 doktorat na UW, uczy\u0142 biologii student\u00f3w w Algierii. 20 lat sp\u0119dzi\u0142 w \u201eGazecie Wyborczej\u201d. Wsp\u00f3\u0142zak\u0142ada\u0142 tam dzia\u0142 nauki i wypromowa\u0142 wielu dziennikarzy naukowych. Pracowa\u0142 te\u017c m.in. w Ambasadzie RP w Waszyngtonie, zajmuj\u0105c si\u0119 wsp\u00f3\u0142prac\u0105 naukow\u0105 i kulturaln\u0105 mi\u0119dzy Stanami a Polsk\u0105. W OKO.press pisze g\u0142\u00f3wnie o systemie ochrony zdrowia.<\/p>\n<p>Copyright \u00a9 2016 &#8211; 2025. Made with love by OKO.press team. All Rights Reserved.<\/p>\n","protected":false},"excerpt":{"rendered":"Prawa autorskie: Fot. Krzysztof Zatycki \/ Agencja Wyborcza.plFot. Krzysztof Zatyc&#8230; Prawa autorskie: Fot. Krzysztof Zatycki \/ Agencja Wyborcza.plFot.&hellip;\n","protected":false},"author":2,"featured_media":152963,"comment_status":"","ping_status":"","sticky":false,"template":"","format":"standard","meta":{"footnotes":""},"categories":[5],"tags":[32,33,36,37,27,34,35,28,31,25,42,38,40,39,41,29,30,26],"class_list":{"0":"post-152962","1":"post","2":"type-post","3":"status-publish","4":"format-standard","5":"has-post-thumbnail","7":"category-naglowki","8":"tag-breaking-news","9":"tag-breakingnews","10":"tag-featured-news","11":"tag-featurednews","12":"tag-headlines","13":"tag-latest-news","14":"tag-latestnews","15":"tag-naglowki","16":"tag-najwazniejsze-artykuly","17":"tag-news","18":"tag-pl","19":"tag-poland","20":"tag-polish","21":"tag-polska","22":"tag-polski","23":"tag-top-stories","24":"tag-topstories","25":"tag-wiadomosci"},"share_on_mastodon":{"url":"https:\/\/pubeurope.com\/@pl\/115725907496009892","error":""},"_links":{"self":[{"href":"https:\/\/www.europesays.com\/pl\/wp-json\/wp\/v2\/posts\/152962","targetHints":{"allow":["GET"]}}],"collection":[{"href":"https:\/\/www.europesays.com\/pl\/wp-json\/wp\/v2\/posts"}],"about":[{"href":"https:\/\/www.europesays.com\/pl\/wp-json\/wp\/v2\/types\/post"}],"author":[{"embeddable":true,"href":"https:\/\/www.europesays.com\/pl\/wp-json\/wp\/v2\/users\/2"}],"replies":[{"embeddable":true,"href":"https:\/\/www.europesays.com\/pl\/wp-json\/wp\/v2\/comments?post=152962"}],"version-history":[{"count":0,"href":"https:\/\/www.europesays.com\/pl\/wp-json\/wp\/v2\/posts\/152962\/revisions"}],"wp:featuredmedia":[{"embeddable":true,"href":"https:\/\/www.europesays.com\/pl\/wp-json\/wp\/v2\/media\/152963"}],"wp:attachment":[{"href":"https:\/\/www.europesays.com\/pl\/wp-json\/wp\/v2\/media?parent=152962"}],"wp:term":[{"taxonomy":"category","embeddable":true,"href":"https:\/\/www.europesays.com\/pl\/wp-json\/wp\/v2\/categories?post=152962"},{"taxonomy":"post_tag","embeddable":true,"href":"https:\/\/www.europesays.com\/pl\/wp-json\/wp\/v2\/tags?post=152962"}],"curies":[{"name":"wp","href":"https:\/\/api.w.org\/{rel}","templated":true}]}}