{"id":152966,"date":"2025-12-15T22:20:06","date_gmt":"2025-12-15T22:20:06","guid":{"rendered":"https:\/\/www.europesays.com\/pl\/152966\/"},"modified":"2025-12-15T22:20:06","modified_gmt":"2025-12-15T22:20:06","slug":"pierwsza-milosc-odcinek-4116-musimy-zabrac-cialo","status":"publish","type":"post","link":"https:\/\/www.europesays.com\/pl\/152966\/","title":{"rendered":"\u201ePierwsza mi\u0142o\u015b\u0107\u201d &#8211; odcinek 4116: \u201eMusimy zabra\u0107 cia\u0142o\u201d"},"content":{"rendered":"<p>Piotrek, coraz bardziej zaniepokojony przed\u0142u\u017caj\u0105c\u0105 si\u0119 nieobecno\u015bci\u0105 Melki, szuka jej po koczowiskach bezdomnych. Na jednym z nich znajduje telefon dziewczyny.<\/p>\n<p>Upojeni wsp\u00f3lnym sukcesem Jurek i Adrianna umawiaj\u0105 si\u0119 na randk\u0119. Jednak gdy o Jurka upomina si\u0119 jego wsp\u00f3lnik i \u017c\u0105da natychmiastowego powrotu do miasta, dla m\u0142odego lekarza przychodzi czas decyzji. Co wybierze?<\/p>\n<p>\u201e<a href=\"https:\/\/www.polsat.pl\/serial\/pierwsza-milosc\/\" rel=\"nofollow noopener\" target=\"_blank\">Pierwsza mi\u0142o\u015b\u0107<\/a>\u201d od poniedzia\u0142ku do pi\u0105tku o godz. 18:00 w Telewizji POLSAT.<\/p>\n","protected":false},"excerpt":{"rendered":"Piotrek, coraz bardziej zaniepokojony przed\u0142u\u017caj\u0105c\u0105 si\u0119 nieobecno\u015bci\u0105 Melki, szuka jej po koczowiskach bezdomnych. Na jednym z nich znajduje&hellip;\n","protected":false},"author":2,"featured_media":152967,"comment_status":"","ping_status":"","sticky":false,"template":"","format":"standard","meta":{"footnotes":""},"categories":[22],"tags":[30684,122,42,38,40,39,41,123],"class_list":{"0":"post-152966","1":"post","2":"type-post","3":"status-publish","4":"format-standard","5":"has-post-thumbnail","7":"category-rozrywka","8":"tag-pierwsza-milosc-odcinek-4116-musimy-zabrac-cialo","9":"tag-entertainment","10":"tag-pl","11":"tag-poland","12":"tag-polish","13":"tag-polska","14":"tag-polski","15":"tag-rozrywka"},"share_on_mastodon":{"url":"https:\/\/pubeurope.com\/@pl\/115725915015212136","error":""},"_links":{"self":[{"href":"https:\/\/www.europesays.com\/pl\/wp-json\/wp\/v2\/posts\/152966","targetHints":{"allow":["GET"]}}],"collection":[{"href":"https:\/\/www.europesays.com\/pl\/wp-json\/wp\/v2\/posts"}],"about":[{"href":"https:\/\/www.europesays.com\/pl\/wp-json\/wp\/v2\/types\/post"}],"author":[{"embeddable":true,"href":"https:\/\/www.europesays.com\/pl\/wp-json\/wp\/v2\/users\/2"}],"replies":[{"embeddable":true,"href":"https:\/\/www.europesays.com\/pl\/wp-json\/wp\/v2\/comments?post=152966"}],"version-history":[{"count":0,"href":"https:\/\/www.europesays.com\/pl\/wp-json\/wp\/v2\/posts\/152966\/revisions"}],"wp:featuredmedia":[{"embeddable":true,"href":"https:\/\/www.europesays.com\/pl\/wp-json\/wp\/v2\/media\/152967"}],"wp:attachment":[{"href":"https:\/\/www.europesays.com\/pl\/wp-json\/wp\/v2\/media?parent=152966"}],"wp:term":[{"taxonomy":"category","embeddable":true,"href":"https:\/\/www.europesays.com\/pl\/wp-json\/wp\/v2\/categories?post=152966"},{"taxonomy":"post_tag","embeddable":true,"href":"https:\/\/www.europesays.com\/pl\/wp-json\/wp\/v2\/tags?post=152966"}],"curies":[{"name":"wp","href":"https:\/\/api.w.org\/{rel}","templated":true}]}}