{"id":152972,"date":"2025-12-15T22:23:09","date_gmt":"2025-12-15T22:23:09","guid":{"rendered":"https:\/\/www.europesays.com\/pl\/152972\/"},"modified":"2025-12-15T22:23:09","modified_gmt":"2025-12-15T22:23:09","slug":"po-raz-pierwszy-to-widac-tusk-o-przelomie-w-negocjacjach","status":"publish","type":"post","link":"https:\/\/www.europesays.com\/pl\/152972\/","title":{"rendered":"&#8222;Po raz pierwszy to wida\u0107&#8221;. Tusk o prze\u0142omie w negocjacjach"},"content":{"rendered":"<ul class=\"typography ids-typeset-body ids-typeset-body--preset-large list ids-list ids-list--unordered ids-list--size-large \" datatype=\"disc\">\n<li class=\"ids-list-item\">\n<p>Premier Donald Tusk uzna\u0142 poniedzia\u0142kowy szczyt w Berlinie za prze\u0142omowy, podkre\u015blaj\u0105c jedno\u015b\u0107 Ukrainy, USA i Europy.<\/p>\n<\/li>\n<li class=\"ids-list-item\">\n<p>Wyrazi\u0142 sceptycyzm wobec szybkiego zako\u0144czenia wojny, wskazuj\u0105c na brak zainteresowania Rosji negocjacjami pokojowymi.<\/p>\n<\/li>\n<li class=\"ids-list-item\">\n<p>Zaznaczy\u0142, \u017ce gwarancje bezpiecze\u0144stwa dla Ukrainy s\u0105 kluczowe r\u00f3wnie\u017c dla bezpiecze\u0144stwa Polski i ca\u0142ego regionu.<\/p>\n<\/li>\n<li class=\"ids-list-item\">Wi\u0119cej wa\u017cnych informacji znajdziesz na <a class=\"ids-undecorated-link link ids-link link\" href=\"https:\/\/www.interia.pl\/#utm_source=wydarzenia&amp;utm_medium=bullet&amp;utm_campaign=powrot_z_wew&amp;iwa_source=bullet\" target=\"_blank\" rel=\"nofollow noopener\">stronie g\u0142\u00f3wnej Interii<\/a><\/li>\n<\/ul>\n<p class=\"typography ids-typeset-body ids-typeset-body--preset-large link paragraph ids-paragraph ids-paragraph--default\">Premier <a href=\"https:\/\/wydarzenia.interia.pl\/tematy-donald-tusk,gsbi,2\" rel=\"nofollow noopener\" target=\"_blank\">Donald Tusk<\/a>\u00a0zabra\u0142 g\u0142os po poniedzia\u0142kowym szczycie w Berlinie, kt\u00f3rego tematem by\u0142a wojna w <a href=\"https:\/\/wydarzenia.interia.pl\/tematy-ukraina,gsbi,3144\" rel=\"nofollow noopener\" target=\"_blank\">Ukrainie<\/a>. Szef rz\u0105du oceni\u0142, \u017ce wysi\u0142ki europejskich lider\u00f3w &#8222;przynios\u0142y efekt&#8221;. &#8211; To, co jest prze\u0142omem, to fakt, \u017ce chyba po raz pierwszy tak wyra\u017anie by\u0142o wida\u0107, i\u017c zar\u00f3wno Ukraina, Amerykanie, jak i Europejczycy s\u0105 po jednej stronie &#8211; m\u00f3wi\u0142.<\/p>\n<p class=\"typography ids-typeset-body ids-typeset-body--preset-large link paragraph ids-paragraph ids-paragraph--default\">&#8211; Podczas dzisiejszego spotkania mia\u0142em poczucie, \u017ce wszyscy zachowuj\u0105 si\u0119 jak sojusznicy z jednego obozu &#8211; doda\u0142.<\/p>\n<p>Pok\u00f3j w Ukrainie jeszcze przed Bo\u017cym Narodzeniem? &#8222;Ma\u0142o prawdopodobne&#8221;<\/p>\n<p class=\"typography ids-typeset-body ids-typeset-body--preset-large link paragraph ids-paragraph ids-paragraph--default\">Tusk, pytany przez dziennikarzy, czy porozumienie pokojowe uda si\u0119 osi\u0105gn\u0105\u0107 jeszcze przed \u015bwi\u0119tami <a href=\"https:\/\/wydarzenia.interia.pl\/tematy-boze-narodzenie,gsbi,1469\" rel=\"nofollow noopener\" target=\"_blank\">Bo\u017cego Narodzenia<\/a>, oceni\u0142, \u017ce\u00a0jest to &#8222;bardzo ma\u0142o prawdopodobne&#8221;. Narracj\u0119 o tym, \u017ce taki scenariusz mo\u017ce si\u0119 zi\u015bci\u0107, rozpocz\u0105\u0142 <a href=\"https:\/\/wydarzenia.interia.pl\/tematy-donald-trump,gsbi,16\" rel=\"nofollow noopener\" target=\"_blank\">Donald Trump<\/a>.<\/p>\n<p class=\"typography ids-typeset-body ids-typeset-body--preset-large link paragraph ids-paragraph ids-paragraph--default\">&#8211; Dobrze by\u0142oby, gdyby prezydent Trump by\u0142 zdeterminowanym optymist\u0105, \u017ceby doprowadzi\u0142 do wstrzymania ognia, ale pyta pan realisty. Te\u017c jestem Donald, ale mniej optymistyczny, jak patrz\u0119 na to wszystko. Wydaje mi si\u0119, \u017ce przede wszystkim dlatego, \u017ce Rosjanie na ten moment nie s\u0105 zainteresowani negocjacjami pokojowymi czy przerwaniem ognia\u00a0&#8211; m\u00f3wi\u0142 premier.<\/p>\n<p class=\"typography ids-typeset-body ids-typeset-body--preset-large link paragraph ids-paragraph ids-paragraph--default\">Wskaza\u0142, \u017ce aby wojna w Ukrainie faktycznie dobieg\u0142a ko\u0144ca, niezb\u0119dne jest zwi\u0119kszenie presji na Rosjan. &#8211; Liczenie na dobr\u0105 wol\u0119 ze strony <a href=\"https:\/\/wydarzenia.interia.pl\/tematy-moskwa,gsbi,4412\" rel=\"nofollow noopener\" target=\"_blank\">Moskwy<\/a> jest oczywi\u015bcie czyst\u0105 naiwno\u015bci\u0105. Potrzebna jest jeszcze wi\u0119ksza presja i pokazanie, \u017ce nie damy si\u0119 podzieli\u0107 jako Zach\u00f3d. Wtedy te rozmowy mog\u0142yby nabra\u0107 powa\u017cniejszego charakteru &#8211; m\u00f3wi\u0142.<\/p>\n<p>Poniedzia\u0142kowy szczyt w Berlinie. Tusk zaapelowa\u0142 o &#8222;zjednoczenie Zachodu&#8221;<\/p>\n<p class=\"typography ids-typeset-body ids-typeset-body--preset-large link paragraph ids-paragraph ids-paragraph--default\">Powiedzia\u0142 tak\u017ce, jaki wp\u0142yw na dalsze losy wojny w Ukrainie maj\u0105 Amerykanie. Jak opisa\u0142, s\u0105 oni &#8222;przekonani, \u017ce z ich udzia\u0142em jeste\u015bmy w stanie zbudowa\u0107 powa\u017cne gwarancje bezpiecze\u0144stwa dla Ukrainy&#8221;.<\/p>\n<p class=\"typography ids-typeset-body ids-typeset-body--preset-large link paragraph ids-paragraph ids-paragraph--default\">Jednocze\u015bnie oceni\u0142, \u017ce &#8222;jedyn\u0105 szans\u0105 na to, aby sk\u0142oni\u0107 <a href=\"https:\/\/wydarzenia.interia.pl\/tematy-rosja,gsbi,3125\" rel=\"nofollow noopener\" target=\"_blank\">Rosj\u0119<\/a> do podj\u0119cia powa\u017cnych rozm\u00f3w o zako\u0144czeniu wojny albo przynajmniej o przerwaniu ognia, jest zjednoczenie ca\u0142ego Zachodu&#8221;.<\/p>\n<p class=\"typography ids-typeset-body ids-typeset-body--preset-large link paragraph ids-paragraph ids-paragraph--default\">Jednocze\u015bnie premier wskaza\u0142, \u017ce Amerykanie &#8222;nie okre\u015blili precyzyjnie&#8221; swoich oczekiwa\u0144 wobec ewentualnych ust\u0119pstw terytorialnych ze strony Ukrainy. &#8211; Powiedzia\u0142bym, \u017ce akurat panowie (Steve &#8211; red.) Witkoff i (Jared &#8211; red.) Kushner kilka razy bardzo mocno podkre\u015blali, \u017ce to musi by\u0107 decyzja Ukrainy, \u017ce oni chc\u0105 u\u0142atwi\u0107 (proces negocjacyjny &#8211; red.), a nie zmusi\u0107 (Ukrain\u0119 do ust\u0119pstw &#8211; red.) &#8211; wskaza\u0142.<\/p>\n<p class=\"typography ids-typeset-body ids-typeset-body--preset-large link paragraph ids-paragraph ids-paragraph--default\">Tusk wyrazi\u0142 r\u00f3wnie\u017c przekonanie, \u017ce &#8222;gwarancje bezpiecze\u0144stwa dla Ukrainy s\u0105 te\u017c w pewnym sensie gwarancjami bezpiecze\u0144stwa dla Polski&#8221;. &#8211; Ukraina zagro\u017cona ponown\u0105 agresj\u0105 oznacza\u0142aby wielkie ryzyko dla Polski i innych pa\u0144stw le\u017c\u0105cych blisko frontu &#8211; powiedzia\u0142, wskazuj\u0105c, \u017ce &#8222;Polska na pewno nie b\u0119dzie wywiera\u0142a najmniejszej presji na Ukrain\u0119, aby ta zdecydowa\u0142a si\u0119 na jakiekolwiek ust\u0119pstwa&#8221; wobec Rosji.<\/p>\n<p>\u015amiszek: Prezydent &#8222;podpala&#8221; spok\u00f3j spo\u0142eczny i robi wojn\u0119 domow\u0105Polsat NewsPolsat News<\/p>\n<p><a class=\"ids-undecorated-link source ids-page-info--source__link\" href=\"https:\/\/www.interia.pl\" rel=\"nofollow noopener\" target=\"_blank\"><img decoding=\"async\" class=\"ids-image-holder__img\" loading=\"lazy\" alt=\"\" title=\"\" height=\"24px\" src=\"https:\/\/www.europesays.com\/pl\/wp-content\/uploads\/2025\/12\/1765825632_127_0009A60QQ5I2TYF7-C202-F4.webp.webp\"\/><\/a><\/p>\n<p>Masz sugestie, uwagi albo widzisz b\u0142\u0105d? Napisz do nas<\/p>\n","protected":false},"excerpt":{"rendered":"Premier Donald Tusk uzna\u0142 poniedzia\u0142kowy szczyt w Berlinie za prze\u0142omowy, podkre\u015blaj\u0105c jedno\u015b\u0107 Ukrainy, USA i Europy. Wyrazi\u0142 sceptycyzm&hellip;\n","protected":false},"author":2,"featured_media":152973,"comment_status":"","ping_status":"","sticky":false,"template":"","format":"standard","meta":{"footnotes":""},"categories":[14],"tags":[32,33,27,34,35,28,31,25,40,41,80,29,30,26,82,83,84],"class_list":{"0":"post-152972","1":"post","2":"type-post","3":"status-publish","4":"format-standard","5":"has-post-thumbnail","7":"category-swiat","8":"tag-breaking-news","9":"tag-breakingnews","10":"tag-headlines","11":"tag-latest-news","12":"tag-latestnews","13":"tag-naglowki","14":"tag-najwazniejsze-artykuly","15":"tag-news","16":"tag-polish","17":"tag-polski","18":"tag-swiat","19":"tag-top-stories","20":"tag-topstories","21":"tag-wiadomosci","22":"tag-world","23":"tag-world-news","24":"tag-worldnews"},"share_on_mastodon":{"url":"https:\/\/pubeurope.com\/@pl\/115725927082813953","error":""},"_links":{"self":[{"href":"https:\/\/www.europesays.com\/pl\/wp-json\/wp\/v2\/posts\/152972","targetHints":{"allow":["GET"]}}],"collection":[{"href":"https:\/\/www.europesays.com\/pl\/wp-json\/wp\/v2\/posts"}],"about":[{"href":"https:\/\/www.europesays.com\/pl\/wp-json\/wp\/v2\/types\/post"}],"author":[{"embeddable":true,"href":"https:\/\/www.europesays.com\/pl\/wp-json\/wp\/v2\/users\/2"}],"replies":[{"embeddable":true,"href":"https:\/\/www.europesays.com\/pl\/wp-json\/wp\/v2\/comments?post=152972"}],"version-history":[{"count":0,"href":"https:\/\/www.europesays.com\/pl\/wp-json\/wp\/v2\/posts\/152972\/revisions"}],"wp:featuredmedia":[{"embeddable":true,"href":"https:\/\/www.europesays.com\/pl\/wp-json\/wp\/v2\/media\/152973"}],"wp:attachment":[{"href":"https:\/\/www.europesays.com\/pl\/wp-json\/wp\/v2\/media?parent=152972"}],"wp:term":[{"taxonomy":"category","embeddable":true,"href":"https:\/\/www.europesays.com\/pl\/wp-json\/wp\/v2\/categories?post=152972"},{"taxonomy":"post_tag","embeddable":true,"href":"https:\/\/www.europesays.com\/pl\/wp-json\/wp\/v2\/tags?post=152972"}],"curies":[{"name":"wp","href":"https:\/\/api.w.org\/{rel}","templated":true}]}}