{"id":152974,"date":"2025-12-15T22:24:09","date_gmt":"2025-12-15T22:24:09","guid":{"rendered":"https:\/\/www.europesays.com\/pl\/152974\/"},"modified":"2025-12-15T22:24:09","modified_gmt":"2025-12-15T22:24:09","slug":"zabojstwo-12-latki-w-jeleniej-gorze-prawdopodobnie-zabila-ja-kolezanka","status":"publish","type":"post","link":"https:\/\/www.europesays.com\/pl\/152974\/","title":{"rendered":"Zab\u00f3jstwo 12-latki w Jeleniej G\u00f3rze. &#8222;Prawdopodobnie zabi\u0142a j\u0105 kole\u017canka&#8221;"},"content":{"rendered":"<ul class=\"UnorderedList_container__nmfSl\">\n<li class=\"UnorderedList_listElement__Py7xi\" data-id=\"ai-summary-link\">Du\u017co czytania, a ma\u0142o czasu? Sprawd\u017a\u00a0skr\u00f3t\u00a0artyku\u0142u<\/li>\n<\/ul>\n<p class=\"Paragraph_desktopParagraph__U31Gm\">Komenda Miejska Policji w Jeleniej G\u00f3rze zamie\u015bci\u0142a komunikat na temat zdarzenia, do kt\u00f3rego dosz\u0142o w poniedzia\u0142ek ok. godz. 14:50. Na ul. Wyspia\u0144skiego, kilkaset metr\u00f3w od szko\u0142y podstawowej nr 10, <a href=\"https:\/\/www.onet.pl\/informacje\/onetwroclaw\/cialo-12-latki-przy-szkole-w-jeleniej-gorze-to-moglo-byc-zabojstwo\/sfts865,79cfc278\" id=\"ec7623d1-601b-4269-90f0-58d2bf8b1ddd\" rel=\"nofollow noopener\" target=\"_blank\">znaleziono cia\u0142o 12-letniej dziewczynki<\/a>. Policja przekaza\u0142a, \u017ce prawdopodobnie dosz\u0142o do zab\u00f3jstwa.<\/p>\n<p class=\"VideoPlayerText_videoPlayerText__iDwyz\">Dalszy ci\u0105g materia\u0142u pod wideo<\/p>\n<ul class=\"OchatFollowUps_wrapper__1ry7X\">\n<li class=\"OchatFollowUps_item__Dhyly OchatFollowUps_itemDesktop__R6aBv\">Kto m\u00f3g\u0142 zabi\u0107 12-latk\u0119 w Jeleniej G\u00f3rze?<\/li>\n<li class=\"OchatFollowUps_item__Dhyly OchatFollowUps_itemDesktop__R6aBv\">Gdzie znaleziono cia\u0142o ofiary?<\/li>\n<li class=\"OchatFollowUps_item__Dhyly OchatFollowUps_itemDesktop__R6aBv\">Jakie dzia\u0142ania podejmuje szko\u0142a po tragedii?<\/li>\n<li class=\"OchatFollowUps_item__Dhyly OchatFollowUps_itemDesktop__R6aBv\">Kiedy odb\u0119d\u0105 si\u0119 dy\u017cury dla os\u00f3b potrzebuj\u0105cych wsparcia psychologicznego?<\/li>\n<\/ul>\n<p>\u015amier\u0107 12-latki. &#8222;Dzia\u0142anie os\u00f3b trzecich&#8221; <\/p>\n<p class=\"Paragraph_desktopParagraph__U31Gm\">&#8222;Ze wst\u0119pnych ustale\u0144 wynika, \u017ce do \u015bmierci dziecka mog\u0142o doj\u015b\u0107 w wyniku dzia\u0142ania os\u00f3b trzecich. W toku prowadzonych czynno\u015bci procesowych ustalono osob\u0119 nieletni\u0105, kt\u00f3ra mo\u017ce mie\u0107 zwi\u0105zek z tym zdarzeniem&#8221; \u2014 czytamy w komunikacie policji.<\/p>\n<p class=\"Paragraph_desktopParagraph__U31Gm\">Policja i prokuratura wyja\u015bniaj\u0105 okoliczno\u015bci tej tragedii. Ze wzgl\u0119du na dobro \u015bledztwa oraz ochron\u0119 os\u00f3b nieletnich nie udzielaj\u0105 wi\u0119cej informacji.<\/p>\n<p class=\"Paragraph_desktopParagraph__U31Gm\">Z nieoficjalnych doniesie\u0144 &#8222;Gazety Wroc\u0142awskiej&#8221; wynika, \u017ce 12-latk\u0119 zabi\u0142a prawdopodobnie kole\u017canka, z kt\u00f3r\u0105 wcze\u015bniej si\u0119 pok\u0142\u00f3ci\u0142a. Nastolatka mia\u0142a zosta\u0107 zatrzymana przez policj\u0119.<\/p>\n<p>Reakcja w\u0142adz miasta na tragedi\u0119 <\/p>\n<p class=\"Paragraph_desktopParagraph__U31Gm\">Prezydent Jeleniej G\u00f3ry Jerzy \u0141u\u017cniak zwo\u0142a\u0142 posiedzenie Powiatowego Zespo\u0142u Zarz\u0105dzania Kryzysowego. Jak potwierdzili urz\u0119dnicy w nades\u0142anym po jego zako\u0144czeniu komunikacie, ofiara to uczennica Szko\u0142y Podstawowej nr 10 w Jeleniej G\u00f3rze.<\/p>\n<p class=\"Paragraph_desktopParagraph__U31Gm\">\u2014 W Szkole Podstawowej nr 10 w ka\u017cdej klasie na pierwszych lekcjach odb\u0119d\u0105 si\u0119 spotkania wychowawc\u00f3w przy wsparciu psycholog\u00f3w i pedagog\u00f3w z terenu miasta \u2014 zapowiedzia\u0142 rzecznik Urz\u0119du Miasta Jeleniej G\u00f3ry Marcin Ry\u0142ko.<\/p>\n<p class=\"Paragraph_desktopParagraph__U31Gm\">Dodatkowo w tej plac\u00f3wce zorganizowane zostan\u0105 dy\u017cury pracownik\u00f3w Poradni Psychologiczno-Pedagogicznej dla nauczycieli i rodzic\u00f3w. Zapewniono r\u00f3wnie\u017c, \u017ce rodzic\u00f3w zmar\u0142ej dziewczynki otoczono opiek\u0105 psychologiczn\u0105.<\/p>\n<p class=\"Paragraph_desktopParagraph__U31Gm\">Spotkania z pedagogami i psychologami maj\u0105 te\u017c odby\u0107 si\u0119 na terenie pozosta\u0142ych szk\u00f3\u0142, a za ich organizacj\u0119 maj\u0105 odpowiada\u0107 dyrektorzy. W dniach 22-23 grudnia br., kiedy w szko\u0142ach rozpoczn\u0105 si\u0119 ferie \u015bwi\u0105teczne, Poradnia Psychologiczno-Pedagogiczna przy ul. Wolno\u015bci 259 uruchomi dy\u017cury dla os\u00f3b, kt\u00f3re w zwi\u0105zku z poniedzia\u0142kow\u0105 tragedi\u0105 b\u0119d\u0105 potrzebowa\u0107 wsparcia psychologicznego.<\/p>\n","protected":false},"excerpt":{"rendered":"Du\u017co czytania, a ma\u0142o czasu? Sprawd\u017a\u00a0skr\u00f3t\u00a0artyku\u0142u Komenda Miejska Policji w Jeleniej G\u00f3rze zamie\u015bci\u0142a komunikat na temat zdarzenia, do&hellip;\n","protected":false},"author":2,"featured_media":152975,"comment_status":"","ping_status":"","sticky":false,"template":"","format":"standard","meta":{"footnotes":""},"categories":[12],"tags":[32,33,36,37,27,67,30648,34,35,28,31,53,25,52,68,51,55,42,38,251,40,39,41,47,29,30,65,50,26,3459],"class_list":{"0":"post-152974","1":"post","2":"type-post","3":"status-publish","4":"format-standard","5":"has-post-thumbnail","7":"category-polska","8":"tag-breaking-news","9":"tag-breakingnews","10":"tag-featured-news","11":"tag-featurednews","12":"tag-headlines","13":"tag-intextvideo_splayer","14":"tag-jelenia_gora","15":"tag-latest-news","16":"tag-latestnews","17":"tag-naglowki","18":"tag-najwazniejsze-artykuly","19":"tag-new_header","20":"tag-news","21":"tag-onet3","22":"tag-onet3d","23":"tag-onet3d_2i","24":"tag-phx","25":"tag-pl","26":"tag-poland","27":"tag-policja_policjanci_policjant_policjantka_policjantki","28":"tag-polish","29":"tag-polska","30":"tag-polski","31":"tag-screening_general","32":"tag-top-stories","33":"tag-topstories","34":"tag-update_me","35":"tag-v2021","36":"tag-wiadomosci","37":"tag-zabojstwo_morderstwo_morderstwa_zabojstwa"},"share_on_mastodon":{"url":"","error":"Validation failed: Text character limit of 500 exceeded"},"_links":{"self":[{"href":"https:\/\/www.europesays.com\/pl\/wp-json\/wp\/v2\/posts\/152974","targetHints":{"allow":["GET"]}}],"collection":[{"href":"https:\/\/www.europesays.com\/pl\/wp-json\/wp\/v2\/posts"}],"about":[{"href":"https:\/\/www.europesays.com\/pl\/wp-json\/wp\/v2\/types\/post"}],"author":[{"embeddable":true,"href":"https:\/\/www.europesays.com\/pl\/wp-json\/wp\/v2\/users\/2"}],"replies":[{"embeddable":true,"href":"https:\/\/www.europesays.com\/pl\/wp-json\/wp\/v2\/comments?post=152974"}],"version-history":[{"count":0,"href":"https:\/\/www.europesays.com\/pl\/wp-json\/wp\/v2\/posts\/152974\/revisions"}],"wp:featuredmedia":[{"embeddable":true,"href":"https:\/\/www.europesays.com\/pl\/wp-json\/wp\/v2\/media\/152975"}],"wp:attachment":[{"href":"https:\/\/www.europesays.com\/pl\/wp-json\/wp\/v2\/media?parent=152974"}],"wp:term":[{"taxonomy":"category","embeddable":true,"href":"https:\/\/www.europesays.com\/pl\/wp-json\/wp\/v2\/categories?post=152974"},{"taxonomy":"post_tag","embeddable":true,"href":"https:\/\/www.europesays.com\/pl\/wp-json\/wp\/v2\/tags?post=152974"}],"curies":[{"name":"wp","href":"https:\/\/api.w.org\/{rel}","templated":true}]}}