{"id":152988,"date":"2025-12-15T22:31:11","date_gmt":"2025-12-15T22:31:11","guid":{"rendered":"https:\/\/www.europesays.com\/pl\/152988\/"},"modified":"2025-12-15T22:31:11","modified_gmt":"2025-12-15T22:31:11","slug":"policjanci-ze-slaska-zobaczyli-jego-tablice-w-aucie-to-byl-dopiero-poczatek","status":"publish","type":"post","link":"https:\/\/www.europesays.com\/pl\/152988\/","title":{"rendered":"Policjanci ze \u015al\u0105ska zobaczyli jego tablic\u0119 w aucie. To by\u0142 dopiero pocz\u0105tek"},"content":{"rendered":"<p class=\"ods-c-paragraph \">W pi\u0105tek 12 grudnia po godz. 13.30 na ul. Ku\u017caja w Radzionkowie (woj. \u015bl\u0105skie) policjanci patroluj\u0105cy okolic\u0119 zauwa\u017cyli osobowego seata z dziwn\u0105 tablic\u0105 rejestracyjn\u0105. Okaza\u0142o si\u0119, \u017ce tablica zosta\u0142a zast\u0105piona tektur\u0105 z odr\u0119cznie wypisanymi numerami. Policjanci natychmiast zatrzymali pojazd do kontroli.<\/p>\n<p>Dalszy ci\u0105g artyku\u0142u pod materia\u0142em wideo<\/p>\n<p> Kto zosta\u0142 zatrzymany przez policj\u0119? <\/p>\n<p> Jakie by\u0142y przyczyny zatrzymania kierowcy? <\/p>\n<p> Co wykaza\u0142 narkotest przeprowadzony na kierowcy? <\/p>\n<p> Jakie konsekwencje gro\u017c\u0105 zatrzymanemu? <\/p>\n<p>  Jecha\u0142 przez \u015al\u0105sk autem z prowizoryczn\u0105 tablic\u0105. To by\u0142 pocz\u0105tek k\u0142opot\u00f3w<\/p>\n<p class=\"ods-c-paragraph \">Za kierownic\u0105 seata siedzia\u0142 41-letni mieszkaniec Radzionkowa. Jak ustalili policjanci, zatrzymany z\u0142ama\u0142 tego dnia a\u017c trzy s\u0105dowe zakazy prowadzenia pojazd\u00f3w. Podczas rozmowy z mundurowymi zachowywa\u0142 si\u0119 nerwowo, wzbudzaj\u0105c podejrzenia policjant\u00f3w. Kontrola trze\u017awo\u015bci wykaza\u0142a, \u017ce nie spo\u017cywa\u0142 alkoholu. Jednak narkotest wskaza\u0142 obecno\u015b\u0107 w jego ciele amfetaminy.<\/p>\n<p class=\"ods-c-paragraph \">Problemy kierowcy nie ko\u0144czy\u0142y si\u0119 na prowizorycznej tablicy rejestracyjnej i obecno\u015bci narkotyk\u00f3w. Samoch\u00f3d, kt\u00f3rym si\u0119 porusza\u0142, nie posiada\u0142 aktualnych bada\u0144 technicznych oraz wa\u017cnego ubezpieczenia OC. Auto zosta\u0142o przekazane znajomemu zatrzymanego. Kierowca trafi\u0142 do szpitala, gdzie pobrano mu krew do dalszych bada\u0144.<\/p>\n<p class=\"ods-c-paragraph \">Za z\u0142amanie trzech s\u0105dowych zakaz\u00f3w prowadzenia pojazd\u00f3w oraz jazd\u0119 pod wp\u0142ywem \u015brodk\u00f3w odurzaj\u0105cych m\u0119\u017cczyzna odpowie przed s\u0105dem. Grozi mu do pi\u0119ciu lat wi\u0119zienia. Spraw\u0105 braku ubezpieczenia samochodu zajmie si\u0119 Ubezpieczeniowy Fundusz Gwarancyjny.<\/p>\n","protected":false},"excerpt":{"rendered":"W pi\u0105tek 12 grudnia po godz. 13.30 na ul. Ku\u017caja w Radzionkowie (woj. \u015bl\u0105skie) policjanci patroluj\u0105cy okolic\u0119 zauwa\u017cyli&hellip;\n","protected":false},"author":2,"featured_media":152989,"comment_status":"","ping_status":"","sticky":false,"template":"","format":"standard","meta":{"footnotes":""},"categories":[12],"tags":[32,33,36,37,27,34,35,28,31,48,25,46,42,38,414,40,39,41,1358,47,1887,1886,29,30,26],"class_list":{"0":"post-152988","1":"post","2":"type-post","3":"status-publish","4":"format-standard","5":"has-post-thumbnail","7":"category-polska","8":"tag-breaking-news","9":"tag-breakingnews","10":"tag-featured-news","11":"tag-featurednews","12":"tag-headlines","13":"tag-latest-news","14":"tag-latestnews","15":"tag-naglowki","16":"tag-najwazniejsze-artykuly","17":"tag-nat_styl","18":"tag-news","19":"tag-omp","20":"tag-pl","21":"tag-poland","22":"tag-policja","23":"tag-polish","24":"tag-polska","25":"tag-polski","26":"tag-samochody_ruch_drogowy_motoryzacja","27":"tag-screening_general","28":"tag-slask","29":"tag-slask_slazacy_wojewodztwo_slaskie","30":"tag-top-stories","31":"tag-topstories","32":"tag-wiadomosci"},"share_on_mastodon":{"url":"https:\/\/pubeurope.com\/@pl\/115725958156302967","error":""},"_links":{"self":[{"href":"https:\/\/www.europesays.com\/pl\/wp-json\/wp\/v2\/posts\/152988","targetHints":{"allow":["GET"]}}],"collection":[{"href":"https:\/\/www.europesays.com\/pl\/wp-json\/wp\/v2\/posts"}],"about":[{"href":"https:\/\/www.europesays.com\/pl\/wp-json\/wp\/v2\/types\/post"}],"author":[{"embeddable":true,"href":"https:\/\/www.europesays.com\/pl\/wp-json\/wp\/v2\/users\/2"}],"replies":[{"embeddable":true,"href":"https:\/\/www.europesays.com\/pl\/wp-json\/wp\/v2\/comments?post=152988"}],"version-history":[{"count":0,"href":"https:\/\/www.europesays.com\/pl\/wp-json\/wp\/v2\/posts\/152988\/revisions"}],"wp:featuredmedia":[{"embeddable":true,"href":"https:\/\/www.europesays.com\/pl\/wp-json\/wp\/v2\/media\/152989"}],"wp:attachment":[{"href":"https:\/\/www.europesays.com\/pl\/wp-json\/wp\/v2\/media?parent=152988"}],"wp:term":[{"taxonomy":"category","embeddable":true,"href":"https:\/\/www.europesays.com\/pl\/wp-json\/wp\/v2\/categories?post=152988"},{"taxonomy":"post_tag","embeddable":true,"href":"https:\/\/www.europesays.com\/pl\/wp-json\/wp\/v2\/tags?post=152988"}],"curies":[{"name":"wp","href":"https:\/\/api.w.org\/{rel}","templated":true}]}}