{"id":152994,"date":"2025-12-15T22:34:19","date_gmt":"2025-12-15T22:34:19","guid":{"rendered":"https:\/\/www.europesays.com\/pl\/152994\/"},"modified":"2025-12-15T22:34:19","modified_gmt":"2025-12-15T22:34:19","slug":"koniec-pogromcow-chaosu-nie-bedzie-kolejnej-serii-w-tvn","status":"publish","type":"post","link":"https:\/\/www.europesays.com\/pl\/152994\/","title":{"rendered":"Koniec &#8222;Pogromc\u00f3w chaosu&#8221;. Nie b\u0119dzie kolejnej serii w TVN"},"content":{"rendered":"\n<p>Informacja dotycz\u0105ca przysz\u0142o\u015bci programu pojawi\u0142a si\u0119 na instagramowym koncie Agnieszki Witkowskiej. <\/p>\n<p>&#8222;Dzi\u015b mog\u0119 ju\u017c oficjalnie potwierdzi\u0107: nie b\u0119dzie kolejnych sezon\u00f3w 'Pogromc\u00f3w chaosu&#8217;, ale wiem jedno: to, co razem stworzyli\u015bmy, mia\u0142o ogromny sens. Czy rozumiem t\u0119 decyzj\u0119? Nie wiem [\u2026]&#8221; \u2013\u00a0napisa\u0142a specjalistka od declutteringu, znana w\u00a0sieci jako Architektka Porz\u0105dku, dzi\u0119kuj\u0105c w\u00a0swoim wpisie ekipie programu.<\/p>\n<p><a href=\"https:\/\/www.wirtualnemedia.pl\/koniec-pogromcow-chaosu-ilu-widzow-miala-nowosc-tvn,7221433784011648a\" rel=\"noopener noreferrer nofollow\" target=\"_blank\">&#8222;Pogromcy chaosu&#8221;<\/a> byli jedn\u0105 z\u00a0jesiennych nowo\u015bci stacji TVN. Program, poza wspomnian\u0105 Agnieszk\u0105 Witkowsk\u0105, prowadzi\u0142a te\u017c Dorota Szel\u0105gowska, kt\u00f3ra odpowiada\u0142a za metamorfozy odgracanych wn\u0119trz. <\/p>\n<p>W trakcie tygodnia ekspertki porz\u0105dkowa\u0142y i\u00a0na nowo organizowa\u0142y przestrze\u0144 mieszka\u0144 uczestnik\u00f3w, stawiaj\u0105c na funkcjonalno\u015b\u0107 i\u00a0bud\u017cetowe rozwi\u0105zania. Producentem wykonawczym programu by\u0142a Q\u017ania Team.<\/p>\n<p>  <img decoding=\"async\" src=\"https:\/\/www.europesays.com\/pl\/wp-content\/uploads\/2025\/12\/newsletter-widget-bg-desktop.png\" alt=\"\" class=\"wm-newsletter-article-bg\"\/><\/p>\n<p>  Codziennie rano<\/p>\n<p>  Oferty pracy<\/p>\n<p>  50 tysi\u0119cy subskrybent\u00f3w<\/p>\n<p> Dzi\u0119kujemy za zapisanie si\u0119 do newsletteraWirtualne Media<\/p>\n<p class=\"wm-newsletter-success-banner-text\">Sprawd\u017a swoj\u0105 skrzynk\u0119 odbiorcz\u0105. <\/p>\n<p> <img role=\"presentation\" class=\"absolute left-1\/2 top-1\/2 max-h-[80%] max-w-[100px] -translate-x-1\/2 -translate-y-1\/2\" src=\"https:\/\/www.europesays.com\/pl\/wp-content\/uploads\/2025\/12\/wm-placeholder.png\" loading=\"lazy\" decoding=\"async\"\/><\/p>\n<p>Ilu widz\u00f3w mieli &#8222;Pogromcy chaosu&#8221;? <\/p>\n<p>Stacja TVN emitowa\u0142a premierowe odcinki programu &#8222;Pogromcy chaosu&#8221; w\u00a0niedziele o\u00a0godz. 17:55 mi\u0119dzy 14 wrze\u015bnia a\u00a09\u00a0listopada br. W\u00a0analizowanym okresie <a href=\"https:\/\/www.wirtualnemedia.pl\/koniec-pogromcow-chaosu-ilu-widzow-miala-nowosc-tvn,7221433784011648a\" rel=\"noopener noreferrer nofollow\" target=\"_blank\">program z\u00a0udzia\u0142em Agnieszki Witkowskiej i\u00a0Doroty Szel\u0105gowskiej ogl\u0105da\u0142o \u015brednio 541 tys. widz\u00f3w<\/a>. To da\u0142o stacji TVN udzia\u0142 w\u00a0rynku w\u00a0grupie og\u00f3lnej na poziomie 4,57 proc., 6,37 proc. w\u00a0grupie 16\u201349 i\u00a06,30 proc. w\u00a0grupie 20\u201354 \u2013\u00a0wed\u0142ug danych Nielsena.<\/p>\n<p>  <a href=\"https:\/\/www.wirtualnemedia.pl\/tvn-media-wprowadza-zmiany-dla-reklamodawcow-na-2026-rok-oto-szczegoly,7231377815559072a\" class=\"teaser-inline\" rel=\"nofollow noopener\" target=\"_blank\">  <img decoding=\"async\" src=\"https:\/\/www.europesays.com\/pl\/wp-content\/uploads\/2025\/12\/NDhmZGI2YSUJDyx0ZklsMEpXeC4gEGJmHU9gZWYDfHxYFXUhIF4rNg0dNWkuQDs0CRoqaTleYSUYBHUxeB0qLRsdNiYwHSspCgg-.jpeg\" width=\"0\" height=\"0\" loading=\"lazy\" class=\"wp-media-image cropped\" alt=\"TVN Media wprowadza zmiany dla reklamodawc\u00f3w na 2026 rok. Oto szczeg\u00f3\u0142y\"\/><\/p>\n<p>TVN Media wprowadza zmiany dla reklamodawc\u00f3w na 2026 rok. Oto szczeg\u00f3\u0142y<\/p>\n<p><\/a> <\/p>\n<p>Poza &#8222;Pogromcami chaosu&#8221; Agnieszka Witkowska pojawi\u0142a si\u0119 tak\u017ce w\u00a0innym programie o\u00a0porz\u0105dkach \u2013\u00a0<a href=\"https:\/\/www.wirtualnemedia.pl\/nowosci-w-tvn-style-szelagowska-i-miruc-w-kolejnych-programach,7199160006285920a\" rel=\"noopener noreferrer nofollow\" target=\"_blank\">&#8222;Pou\u00adk\u0142adani&#8221;<\/a>, emitowanym jesieni\u0105 w\u00a0TVN Style. Stacja jak dot\u0105d nie poinformowa\u0142a, czy b\u0119dzie kontynuowa\u0107 format.  <\/p>\n","protected":false},"excerpt":{"rendered":"Informacja dotycz\u0105ca przysz\u0142o\u015bci programu pojawi\u0142a si\u0119 na instagramowym koncie Agnieszki Witkowskiej. &#8222;Dzi\u015b mog\u0119 ju\u017c oficjalnie potwierdzi\u0107: nie b\u0119dzie&hellip;\n","protected":false},"author":2,"featured_media":152995,"comment_status":"","ping_status":"","sticky":false,"template":"","format":"standard","meta":{"footnotes":""},"categories":[22],"tags":[122,42,38,40,39,41,123],"class_list":{"0":"post-152994","1":"post","2":"type-post","3":"status-publish","4":"format-standard","5":"has-post-thumbnail","7":"category-rozrywka","8":"tag-entertainment","9":"tag-pl","10":"tag-poland","11":"tag-polish","12":"tag-polska","13":"tag-polski","14":"tag-rozrywka"},"share_on_mastodon":{"url":"https:\/\/pubeurope.com\/@pl\/115725970614975353","error":""},"_links":{"self":[{"href":"https:\/\/www.europesays.com\/pl\/wp-json\/wp\/v2\/posts\/152994","targetHints":{"allow":["GET"]}}],"collection":[{"href":"https:\/\/www.europesays.com\/pl\/wp-json\/wp\/v2\/posts"}],"about":[{"href":"https:\/\/www.europesays.com\/pl\/wp-json\/wp\/v2\/types\/post"}],"author":[{"embeddable":true,"href":"https:\/\/www.europesays.com\/pl\/wp-json\/wp\/v2\/users\/2"}],"replies":[{"embeddable":true,"href":"https:\/\/www.europesays.com\/pl\/wp-json\/wp\/v2\/comments?post=152994"}],"version-history":[{"count":0,"href":"https:\/\/www.europesays.com\/pl\/wp-json\/wp\/v2\/posts\/152994\/revisions"}],"wp:featuredmedia":[{"embeddable":true,"href":"https:\/\/www.europesays.com\/pl\/wp-json\/wp\/v2\/media\/152995"}],"wp:attachment":[{"href":"https:\/\/www.europesays.com\/pl\/wp-json\/wp\/v2\/media?parent=152994"}],"wp:term":[{"taxonomy":"category","embeddable":true,"href":"https:\/\/www.europesays.com\/pl\/wp-json\/wp\/v2\/categories?post=152994"},{"taxonomy":"post_tag","embeddable":true,"href":"https:\/\/www.europesays.com\/pl\/wp-json\/wp\/v2\/tags?post=152994"}],"curies":[{"name":"wp","href":"https:\/\/api.w.org\/{rel}","templated":true}]}}