{"id":152998,"date":"2025-12-15T22:38:10","date_gmt":"2025-12-15T22:38:10","guid":{"rendered":"https:\/\/www.europesays.com\/pl\/152998\/"},"modified":"2025-12-15T22:38:10","modified_gmt":"2025-12-15T22:38:10","slug":"mazowieckie-w-lekowie-dron-wojskowy-spadl-na-posesje","status":"publish","type":"post","link":"https:\/\/www.europesays.com\/pl\/152998\/","title":{"rendered":"Mazowieckie: W Lekowie dron wojskowy spad\u0142 na posesj\u0119"},"content":{"rendered":"<p>                    &#13;<br \/>\n                &#13;<br \/>\n                                &#13;<br \/>\n                 &#13;<br \/>\n                                &#13;<br \/>\n                 &#13;<br \/>\n                                &#13;<br \/>\n                 &#13;<\/p>\n<p>&#13;<br \/>\n                                                            Mazowieckie: Dron wojskowy spad\u0142 w pobli\u017cu domu&#13;\n                                                <\/p>\n<p>&#13;<br \/>\n                 &#13;<\/p>\n<ul>\n<li>\n<p>\n                        44 minuty temu                         <br \/>Aktualizacja: 7 minut temu                                            <\/p>\n<p>                                  <img decoding=\"async\" itemprop=\"image\" style=\"display:none;\" src=\"https:\/\/www.europesays.com\/pl\/wp-content\/uploads\/2025\/12\/000M2WYF0293QETY-C316.webp.webp\" alt=\"W Lekowie na Mazowszu wojskowy dron spad\u0142 na prywatn\u0105 posesj\u0119 - dowiedzia\u0142 si\u0119 reporter RMF FM Jakub Rybski. Informacj\u0119 o zdarzeniu otrzymali\u015bmy na Gor\u0105c\u0105 Lini\u0119 RMF FM.\" title=\"Mazowieckie: Dron wojskowy spad\u0142 w pobli\u017cu domu - Warszawa\"\/><\/p>\n<p class=\"article-lead\">W Lekowie na Mazowszu wojskowy dron spad\u0142 na prywatn\u0105 posesj\u0119 &#8211; dowiedzia\u0142 si\u0119 reporter RMF FM Jakub Rybski. Informacj\u0119 o zdarzeniu otrzymali\u015bmy na Gor\u0105c\u0105 Lini\u0119 RMF FM.<\/p>\n<p>                         &#13;<br \/>\n        &#13;<\/p>\n<p>                                        &#13;<br \/>\n                        &#13;<br \/>\n                            <img decoding=\"async\" src=\"https:\/\/www.europesays.com\/pl\/wp-content\/uploads\/2025\/12\/000M2WYF0293QETY-C123-F4.jpg\" title=\"Mazowieckie: Dron wojskowy spad\u0142 w pobli\u017cu domu\" alt=\"Dron wojskowy spad\u0142 w Lekowie (Mazowieckie), w pobli\u017ce zabudowa\u0144 mieszkalnych - zdj\u0119cie pogl\u0105dowe \/Shutterstock\" class=\"img-responsive\"\/>&#13;<\/p>\n<p>                            &#13;<\/p>\n<p>      &#13;<br \/>\n                            Dron wojskowy spad\u0142 w Lekowie (Mazowieckie), w pobli\u017ce zabudowa\u0144 mieszkalnych &#8211; zdj\u0119cie pogl\u0105dowe&#13;<br \/>\n                                    \/Shutterstock  &#13;\n                                    <\/p>\n<p>&#13;<\/p>\n<ul class=\"bullet\">\n<li>Po wi\u0119cej aktualnych informacji zapraszamy do\u00a0<a href=\"https:\/\/www.rmf24.pl\/\" rel=\"nofollow noopener\" target=\"_blank\">RMF24.pl<\/a><\/li>\n<\/ul>\n<p>W Lekowie na Mazowszu wojskowy dron spad\u0142 na prywatn\u0105 posesj\u0119. Jak dowiedzia\u0142 si\u0119 nasz reporter, to by\u0142 najprawdopodobniej\u00a0ma\u0142y dron rozpoznawczy, kt\u00f3ry spad\u0142 podczas \u0107wicze\u0144 polskich \u017co\u0142nierzy w\u00a0regionie.\u00a0<\/p>\n<p>Z ustale\u0144 naszego dziennikarza wynika, \u017ce bezza\u0142ogowiec nie uszkodzi\u0142 \u017cadnego budynku i\u00a0nikomu nic si\u0119 nie sta\u0142o.<\/p>\n<p>Informacj\u0119 o\u00a0zdarzeniu otrzymali\u015bmy na Gor\u0105c\u0105 Lini\u0119 RMF FM.<\/p>\n<p>                                                    \u0179r\u00f3d\u0142o: RMF24<\/p>\n<\/li>\n<li>\n<\/li>\n<\/ul>\n<p>Dalsza cz\u0119\u015b\u0107 artyku\u0142u pod materia\u0142em video:<\/p>\n","protected":false},"excerpt":{"rendered":"&#13; &#13; &#13; &#13; &#13; &#13; &#13; &#13; &#13; Mazowieckie: Dron wojskowy spad\u0142 w pobli\u017cu domu&#13; &#13; &#13;&hellip;\n","protected":false},"author":2,"featured_media":152999,"comment_status":"","ping_status":"","sticky":false,"template":"","format":"standard","meta":{"footnotes":""},"categories":[12],"tags":[32,33,36,37,27,34,35,28,31,25,42,38,40,39,41,29,30,26],"class_list":{"0":"post-152998","1":"post","2":"type-post","3":"status-publish","4":"format-standard","5":"has-post-thumbnail","7":"category-polska","8":"tag-breaking-news","9":"tag-breakingnews","10":"tag-featured-news","11":"tag-featurednews","12":"tag-headlines","13":"tag-latest-news","14":"tag-latestnews","15":"tag-naglowki","16":"tag-najwazniejsze-artykuly","17":"tag-news","18":"tag-pl","19":"tag-poland","20":"tag-polish","21":"tag-polska","22":"tag-polski","23":"tag-top-stories","24":"tag-topstories","25":"tag-wiadomosci"},"share_on_mastodon":{"url":"https:\/\/pubeurope.com\/@pl\/115725986074164966","error":""},"_links":{"self":[{"href":"https:\/\/www.europesays.com\/pl\/wp-json\/wp\/v2\/posts\/152998","targetHints":{"allow":["GET"]}}],"collection":[{"href":"https:\/\/www.europesays.com\/pl\/wp-json\/wp\/v2\/posts"}],"about":[{"href":"https:\/\/www.europesays.com\/pl\/wp-json\/wp\/v2\/types\/post"}],"author":[{"embeddable":true,"href":"https:\/\/www.europesays.com\/pl\/wp-json\/wp\/v2\/users\/2"}],"replies":[{"embeddable":true,"href":"https:\/\/www.europesays.com\/pl\/wp-json\/wp\/v2\/comments?post=152998"}],"version-history":[{"count":0,"href":"https:\/\/www.europesays.com\/pl\/wp-json\/wp\/v2\/posts\/152998\/revisions"}],"wp:featuredmedia":[{"embeddable":true,"href":"https:\/\/www.europesays.com\/pl\/wp-json\/wp\/v2\/media\/152999"}],"wp:attachment":[{"href":"https:\/\/www.europesays.com\/pl\/wp-json\/wp\/v2\/media?parent=152998"}],"wp:term":[{"taxonomy":"category","embeddable":true,"href":"https:\/\/www.europesays.com\/pl\/wp-json\/wp\/v2\/categories?post=152998"},{"taxonomy":"post_tag","embeddable":true,"href":"https:\/\/www.europesays.com\/pl\/wp-json\/wp\/v2\/tags?post=152998"}],"curies":[{"name":"wp","href":"https:\/\/api.w.org\/{rel}","templated":true}]}}