{"id":153010,"date":"2025-12-15T22:46:11","date_gmt":"2025-12-15T22:46:11","guid":{"rendered":"https:\/\/www.europesays.com\/pl\/153010\/"},"modified":"2025-12-15T22:46:11","modified_gmt":"2025-12-15T22:46:11","slug":"negocjacje-w-berlinie-donald-tusk-rozmawial-z-wolodymyrem-zelenskim-onet","status":"publish","type":"post","link":"https:\/\/www.europesays.com\/pl\/153010\/","title":{"rendered":"Negocjacje w Berlinie. Donald Tusk rozmawia\u0142 z Wo\u0142odymyrem Ze\u0142enskim &#8211; Onet"},"content":{"rendered":"<ol>\n<li><a href=\"https:\/\/news.google.com\/rss\/articles\/CBMiygFBVV95cUxQcUZKMEo1QjJvMDNqZW4tQVdOZm8yLUxjT082YVN5dF9PNkoxbmF0eHMzSHd0Um1WdFZLR25PTDh4NEJmUTB4NjFFSldPc0NYcFB1c21PQkc4VjVEVndCUmlKd1Z2ckY1ejRqZW44MVF3RFJ5Y0VzM3MtX0RPMjRzdENhX0hqU3VoUElrUjZ6YVNSVDQwMHlTU1lLeTlEdDQyaTh1dVFXLUdpZlBtcWpteHV2c1dKcHR0YWpPQmdUeUpnTVpVWldudGxR?oc=5\" target=\"_blank\" rel=\"nofollow noopener\">Negocjacje w Berlinie. Donald Tusk rozmawia\u0142 z Wo\u0142odymyrem Ze\u0142enskim<\/a>&nbsp;&nbsp;Onet<\/li>\n<li><a href=\"https:\/\/news.google.com\/rss\/articles\/CBMirgFBVV95cUxPMEJhSVFYUWlUUnhnWlJlT3NiT2RYc1BIMmExbjRicExBYzF6TUl5VC00anc0cUFpMHA0T2czbE0zLThEOC1JUlZwaFBTeUNoWXozZnRxNXdpZGpDMzRRLXk2NmgzNmFXZlF2RWZILWgteE1WajJEaDNyQTZDcHF4am1CbnpTMm84ZUgxZnJrbTlsMEhpT0FST1oxam1neUJEckxXMEVJZ1hQOThGOUE?oc=5\" target=\"_blank\" rel=\"nofollow noopener\">&#8222;Po raz pierwszy to wida\u0107&#8221;. Tusk o prze\u0142omie w negocjacjach<\/a>&nbsp;&nbsp;Wydarzenia w INTERIA.PL<\/li>\n<li><a href=\"https:\/\/news.google.com\/rss\/articles\/CBMiqwFBVV95cUxOMGJCQVFoOGI1WjNpSzVkZTN3WnlYRDFxV0NNTUx3TXVjTENraElTVjZkM2Y2czktM1JZbWRqMmx3S3BXZUV3Y3p2SG1ybXhHNmZCY2lyaVJ0NnRFSnNyWVJtaThNX2xQZm1NZjJmMXZQZ1pNT3NUZHpjVFhiSmloSzdjQV8zQkVTUGZnd0pJUVNuT2x0blloRGd2UkVRZ09SWDVfWHd6QXNuTnc?oc=5\" target=\"_blank\" rel=\"nofollow noopener\">&#8222;Silne gwarancje bezpiecze\u0144stwa&#8221; we wsp\u00f3lnym o\u015bwiadczeniu przyw\u00f3dc\u00f3w<\/a>&nbsp;&nbsp;TVN24<\/li>\n<li><a href=\"https:\/\/news.google.com\/rss\/articles\/CBMiogFBVV95cUxQQ1FZT0FyWVp0OVh6Q3hPQV82bER1V2MxR2p5QWtNenY3V2FHZEh2d0tjNUU4cnNsNXJCSk9CV09xd2htQkwyN2o2N3BTNVQ3ZHVWQk9QclVXcVdjWUR1d09XXzV2cHoxOWl4RkVQVjRJanFrV3hCSHZyejBUaEF5Vl9lRlZpWE5faFpZaDAyNEJZRW1OV0JfSTROSEhtZEhENFE?oc=5\" target=\"_blank\" rel=\"nofollow noopener\">Donald Tusk zabra\u0142 g\u0142os po szczycie w Berlinie w sprawie Ukrainy<\/a>&nbsp;&nbsp;Onet Wiadomo\u015bci<\/li>\n<li><a href=\"https:\/\/news.google.com\/rss\/articles\/CBMiowFBVV95cUxQQlNZU29Vd3doQVJzLU9VZ05WUVdxTjdfODlIUlZwNzZGTDBrb19DaVlQOC1JY1FjV0JRbFR3a2xRdVAyZ245cEI3dzdIc1VhSldPQ3QwNHFYZW9md0s2OXM1YmprZ3dpR3lTMlM1eDZKQ2t0dkM4UVotSldfbDdTZ01YYmlseGRlMWVPNlFCY2Q5LUp5WjAyUllVVWI3bVEtRGlB?oc=5\" target=\"_blank\" rel=\"nofollow noopener\">Wojska sojusznicze w Ukrainie? O\u015bwiadczenie po negocjacjach<\/a>&nbsp;&nbsp;WP Wiadomo\u015bci<\/li>\n<\/ol>\n","protected":false},"excerpt":{"rendered":"Negocjacje w Berlinie. Donald Tusk rozmawia\u0142 z Wo\u0142odymyrem Ze\u0142enskim&nbsp;&nbsp;Onet &#8222;Po raz pierwszy to wida\u0107&#8221;. Tusk o prze\u0142omie w&hellip;\n","protected":false},"author":2,"featured_media":153011,"comment_status":"","ping_status":"","sticky":false,"template":"","format":"standard","meta":{"footnotes":""},"categories":[5],"tags":[2762,32,33,200,36,37,27,34,35,28,31,53,25,773,52,68,51,55,42,38,40,39,2847,41,15874,47,29,30,390,65,50,26,309],"class_list":{"0":"post-153010","1":"post","2":"type-post","3":"status-publish","4":"format-standard","5":"has-post-thumbnail","7":"category-naglowki","8":"tag-berlin","9":"tag-breaking-news","10":"tag-breakingnews","11":"tag-donald_tusk_polityk","12":"tag-featured-news","13":"tag-featurednews","14":"tag-headlines","15":"tag-latest-news","16":"tag-latestnews","17":"tag-naglowki","18":"tag-najwazniejsze-artykuly","19":"tag-new_header","20":"tag-news","21":"tag-niemcy_rfn_republika_federalna_niemiec","22":"tag-onet3","23":"tag-onet3d","24":"tag-onet3d_2i","25":"tag-phx","26":"tag-pl","27":"tag-poland","28":"tag-polish","29":"tag-polska","30":"tag-polska_polak_polka_polacy_polki","31":"tag-polski","32":"tag-rozmowy_pokojowe","33":"tag-screening_general","34":"tag-top-stories","35":"tag-topstories","36":"tag-ukraina_ukrainiec_ukrainka_ukraincy_ukrainki","37":"tag-update_me","38":"tag-v2021","39":"tag-wiadomosci","40":"tag-wolodymyr_zelenski"},"share_on_mastodon":{"url":"","error":"Validation failed: Text character limit of 500 exceeded"},"_links":{"self":[{"href":"https:\/\/www.europesays.com\/pl\/wp-json\/wp\/v2\/posts\/153010","targetHints":{"allow":["GET"]}}],"collection":[{"href":"https:\/\/www.europesays.com\/pl\/wp-json\/wp\/v2\/posts"}],"about":[{"href":"https:\/\/www.europesays.com\/pl\/wp-json\/wp\/v2\/types\/post"}],"author":[{"embeddable":true,"href":"https:\/\/www.europesays.com\/pl\/wp-json\/wp\/v2\/users\/2"}],"replies":[{"embeddable":true,"href":"https:\/\/www.europesays.com\/pl\/wp-json\/wp\/v2\/comments?post=153010"}],"version-history":[{"count":0,"href":"https:\/\/www.europesays.com\/pl\/wp-json\/wp\/v2\/posts\/153010\/revisions"}],"wp:featuredmedia":[{"embeddable":true,"href":"https:\/\/www.europesays.com\/pl\/wp-json\/wp\/v2\/media\/153011"}],"wp:attachment":[{"href":"https:\/\/www.europesays.com\/pl\/wp-json\/wp\/v2\/media?parent=153010"}],"wp:term":[{"taxonomy":"category","embeddable":true,"href":"https:\/\/www.europesays.com\/pl\/wp-json\/wp\/v2\/categories?post=153010"},{"taxonomy":"post_tag","embeddable":true,"href":"https:\/\/www.europesays.com\/pl\/wp-json\/wp\/v2\/tags?post=153010"}],"curies":[{"name":"wp","href":"https:\/\/api.w.org\/{rel}","templated":true}]}}