{"id":153014,"date":"2025-12-15T22:48:16","date_gmt":"2025-12-15T22:48:16","guid":{"rendered":"https:\/\/www.europesays.com\/pl\/153014\/"},"modified":"2025-12-15T22:48:16","modified_gmt":"2025-12-15T22:48:16","slug":"niepokojace-wiesci-o-isis-gee-maz-artystki-apeluje-o-modlitwe","status":"publish","type":"post","link":"https:\/\/www.europesays.com\/pl\/153014\/","title":{"rendered":"Niepokoj\u0105ce wie\u015bci o Isis Gee. M\u0105\u017c artystki apeluje o modlitw\u0119"},"content":{"rendered":"<p class=\"ods-c-paragraph \">Od kilku tygodni Isis Gee pozostaje nieaktywna w sieci, co wzbudzi\u0142o zaniepokojenie w\u015br\u00f3d jej sympatyk\u00f3w. Jeszcze niedawno zapowiada\u0142a nowe projekty muzyczne i dzieli\u0142a si\u0119 planami na przysz\u0142o\u015b\u0107. Teraz wiadomo ju\u017c, \u017ce powodem jej milczenia s\u0105 powa\u017cne problemy zdrowotne.<\/p>\n<p class=\"ods-c-paragraph \">14 grudnia 2025 r. m\u0105\u017c piosenkarki, Adam Go\u0142\u0119biowski, zamie\u015bci\u0142 emocjonalny wpis, w kt\u00f3rym ujawni\u0142, \u017ce jego \u017cona od lat zmaga si\u0119 z ci\u0119\u017ck\u0105 chorob\u0105, powoduj\u0105c\u0105 przewlek\u0142y b\u00f3l i ogromne cierpienie. Zwracaj\u0105c si\u0119 do fan\u00f3w, nie ukrywa\u0142, jak trudna jest to sytuacja dla ca\u0142ej rodziny.<\/p>\n<blockquote class=\"ods-o-quota\">\n<p class=\"ods-o-quota__paragraph\">Prosz\u0119, pami\u0119tajcie o mojej \u017conie w modlitwach! Od kilku lat zmaga si\u0119 z przewlek\u0142ym b\u00f3lem i przy tym bardzo cierpi. B\u0119d\u0119 wdzieczny jesli do\u0142\u0105czycie do mnie i przekazecie jej mi\u0142o\u015b\u0107 i ogromne wsparcie<\/p>\n<\/blockquote>\n<p class=\"ods-c-paragraph \">\u2014 napisa\u0142.<\/p>\n<p>Dalszy ci\u0105g artyku\u0142u pod materia\u0142em wideo<\/p>\n<p> Jakie problemy zdrowotne ma Isis Gee? <\/p>\n<p> Kiedy Isis Gee reprezentowa\u0142a Polsk\u0119 na Eurowizji? <\/p>\n<p> Kto jest m\u0119\u017cem Isis Gee? <\/p>\n<p> Co m\u0105\u017c Isis Gee prosi fan\u00f3w? <\/p>\n<p>  Isis Gee walczy o zdrowie. M\u0105\u017c artystki prosi o modlitw\u0119   <\/p>\n<p class=\"ods-c-paragraph \">Isis Gee, znana r\u00f3wnie\u017c jako <a href=\"https:\/\/plejada.pl\/temat\/isis-gee-piosenkarka-tamara-dime-wimer-golebiowska\/ty0psn8\" id=\"ae7b8827-2ca0-4ee2-9410-0d44cb55ed27\" rel=\"nofollow noopener\" target=\"_blank\">Tamara Gee<\/a>, reprezentowa\u0142a Polsk\u0119 podczas 53. Konkursu Piosenki Eurowizji w 2008 r. w Belgradzie. Wykona\u0142a utw\u00f3r &#8222;For Life&#8221;, z kt\u00f3rym awansowa\u0142a do fina\u0142u konkursu. Rok wcze\u015bniej artystka wyst\u0105pi\u0142a w sz\u00f3stej edycji programu &#8222;Taniec z gwiazdami&#8221;, gdzie ta\u0144czy\u0142a w parze z \u017bor\u0105 Korolyovem, zyskuj\u0105c sympati\u0119 widz\u00f3w. Przez kolejne lata by\u0142a obecna na polskiej scenie muzycznej i medialnej, po czym stopniowo wycofa\u0142a si\u0119 z \u017cycia publicznego.<\/p>\n<p class=\"ods-c-paragraph \">Artystka wielokrotnie podkre\u015bla\u0142a swoje polskie korzenie oraz siln\u0105 emocjonaln\u0105 wi\u0119\u017a z krajem przodk\u00f3w. W przesz\u0142o\u015bci otwarcie m\u00f3wi\u0142a r\u00f3wnie\u017c o zwyci\u0119skiej walce z chorob\u0105 nowotworow\u0105, kt\u00f3ra by\u0142a jednym z najtrudniejszych do\u015bwiadcze\u0144 w jej \u017cyciu. Jak jednak przyzna\u0142a w jednym z wywiad\u00f3w, jeszcze wi\u0119kszym ciosem ni\u017c sama diagnoza okaza\u0142y si\u0119 kr\u0105\u017c\u0105ce wok\u00f3\u0142 niej plotki, podwa\u017caj\u0105ce jej kobieco\u015b\u0107.<\/p>\n<p class=\"ods-c-paragraph \">\u2014 Te plotki to najgorsza rzecz w moim \u017cyciu, jaka mnie spotka\u0142a. Nawet ci\u0119\u017cka choroba sprzed kilku lat nie sprawi\u0142a mi wi\u0119kszego b\u00f3lu. Dla ka\u017cdej kobiety by\u0142oby to straszne barbarzy\u0144stwo. Ja naprawd\u0119 nie jestem tu po to, aby co\u015b udowadnia\u0107, a tym bardziej udowadnia\u0107, \u017ce jestem kobiet\u0105 \u2014 m\u00f3wi\u0142a w 2007 r. na \u0142amach &#8222;Super Expressu&#8221;.<\/p>\n<p class=\"ods-c-paragraph \">Isis Gee i Adam Go\u0142\u0119biowski s\u0105 ma\u0142\u017ce\u0144stwem od 2004 r. Piosenkarka nie ukrywa\u0142a, \u017ce m\u0105\u017c jest dla niej ogromnym wsparciem zar\u00f3wno w \u017cyciu prywatnym, jak i zawodowym. Tu\u017c przed Eurowizj\u0105 w 2008 r. w jednym z wywiad\u00f3w opowiada\u0142a o ich relacji z wyj\u0105tkowym ciep\u0142em.<\/p>\n<p class=\"ods-c-paragraph \">\u2014 Jest przecudown\u0105 osob\u0105, m\u0105dr\u0105 i otwart\u0105, o wielkim sercu i duchu. Ma w sobie szlachetno\u015b\u0107, jakiej wcze\u015bniej w \u017cadnym innym cz\u0142owieku nie spotka\u0142am. Potrafi by\u0107 doskona\u0142ym partnerem w mi\u0142o\u015bci i zarazem moim najlepszym przyjacielem. Ufam mu bezgranicznie \u2014 podkre\u015bla\u0142a (cyt. za kobieta.pl).<\/p>\n<p><img decoding=\"async\" src=\"https:\/\/www.europesays.com\/pl\/wp-content\/uploads\/2025\/12\/ogPk9lBaHR0cHM6Ly9vY2RuLmV1L3B1bHNjbXMvTURBXy9jNmE0MDNhNDZkZTgyOTg1YjkzOGE0Y2M1NzdjMGE5ZC5qcGeRlQLNA.jpeg\" height=\"529\" width=\"940\" alt=\"Isis Gee (2007)\" loading=\"lazy\" class=\"ods-c-image__img ods-c-image__img--vertical\"\/><\/p>\n<p>Isis Gee (2007)Andras Szilagyi \/ MW Media<\/p>\n<p class=\"ods-c-paragraph \">Dzi\u0119kujemy, \u017ce przeczyta\u0142a\u015b\/e\u015b nasz artyku\u0142 do ko\u0144ca. W serwisie Plejada.pl ka\u017cdego dnia piszemy o najwa\u017cniejszych wydarzeniach show-biznesowych. B\u0105d\u017a na bie\u017c\u0105co! <a rel=\"nofollow noopener\" href=\"https:\/\/profile.google.com\/cp\/Cg0vZy8xMWJ6X19wdHBx\" id=\"a37cf497-9a7d-4c43-b2c1-1f9368e73c41\" target=\"_blank\">Obserwuj<\/a> Plejad\u0119 w Wiadomo\u015bciach Google. Odwied\u017a nas tak\u017ce na <a rel=\"nofollow noopener\" href=\"https:\/\/www.facebook.com\/plejadapl\" id=\"4db35373-e6c7-469c-b32b-852d6360d379\" target=\"_blank\">Facebooku<\/a>, <a rel=\"nofollow noopener\" href=\"https:\/\/www.instagram.com\/plejadapl\/\" id=\"9f7c5846-027a-4b15-aa94-b2252c0f015e\" target=\"_blank\">Instagramie<\/a>, <a rel=\"nofollow noopener\" href=\"https:\/\/www.youtube.com\/c\/plejada\" id=\"fe1ce39e-f015-4587-9e4a-b483b49e3ff8\" target=\"_blank\">YouTube<\/a> oraz <a rel=\"nofollow noopener\" href=\"https:\/\/www.tiktok.com\/@plejada_pl\" id=\"f9160569-25a6-4ce0-8932-017476985dac\" target=\"_blank\">TikToku<\/a>.<\/p>\n<p class=\"ods-c-paragraph \">Chcesz podzieli\u0107 si\u0119 ciekawym newsem lub zaproponowa\u0107 temat? Skontaktuj si\u0119 z nami, pisz\u0105c e-maila na adres: <a rel=\"nofollow noopener\" href=\"https:\/\/plejada.pl\/newsy\/niepokojace-wiesci-o-isis-gee-maz-artystki-apeluje-o-modlitwe\/mailto:plejada@redakcjaonet.pl\" id=\"fb3d8ff7-b988-403c-90a5-199d4e049910\" target=\"_blank\">plejada@redakcjaonet.pl<\/a>.<\/p>\n<p><script async src=\"\/\/www.instagram.com\/embed.js\"><\/script><script async src=\"\/\/www.tiktok.com\/embed.js\"><\/script><\/p>\n","protected":false},"excerpt":{"rendered":"Od kilku tygodni Isis Gee pozostaje nieaktywna w sieci, co wzbudzi\u0142o zaniepokojenie w\u015br\u00f3d jej sympatyk\u00f3w. Jeszcze niedawno zapowiada\u0142a&hellip;\n","protected":false},"author":2,"featured_media":153015,"comment_status":"","ping_status":"","sticky":false,"template":"","format":"standard","meta":{"footnotes":""},"categories":[22],"tags":[122,552,48,125,46,42,38,40,39,41,25199,123,47,30695,1884],"class_list":{"0":"post-153014","1":"post","2":"type-post","3":"status-publish","4":"format-standard","5":"has-post-thumbnail","7":"category-rozrywka","8":"tag-entertainment","9":"tag-eurowizja","10":"tag-nat_styl","11":"tag-newsy","12":"tag-omp","13":"tag-pl","14":"tag-poland","15":"tag-polish","16":"tag-polska","17":"tag-polski","18":"tag-rebrand_ai_tst1","19":"tag-rozrywka","20":"tag-screening_general","21":"tag-tamara_gee","22":"tag-taniec_z_gwiazdami"},"share_on_mastodon":{"url":"https:\/\/pubeurope.com\/@pl\/115726025325266392","error":""},"_links":{"self":[{"href":"https:\/\/www.europesays.com\/pl\/wp-json\/wp\/v2\/posts\/153014","targetHints":{"allow":["GET"]}}],"collection":[{"href":"https:\/\/www.europesays.com\/pl\/wp-json\/wp\/v2\/posts"}],"about":[{"href":"https:\/\/www.europesays.com\/pl\/wp-json\/wp\/v2\/types\/post"}],"author":[{"embeddable":true,"href":"https:\/\/www.europesays.com\/pl\/wp-json\/wp\/v2\/users\/2"}],"replies":[{"embeddable":true,"href":"https:\/\/www.europesays.com\/pl\/wp-json\/wp\/v2\/comments?post=153014"}],"version-history":[{"count":0,"href":"https:\/\/www.europesays.com\/pl\/wp-json\/wp\/v2\/posts\/153014\/revisions"}],"wp:featuredmedia":[{"embeddable":true,"href":"https:\/\/www.europesays.com\/pl\/wp-json\/wp\/v2\/media\/153015"}],"wp:attachment":[{"href":"https:\/\/www.europesays.com\/pl\/wp-json\/wp\/v2\/media?parent=153014"}],"wp:term":[{"taxonomy":"category","embeddable":true,"href":"https:\/\/www.europesays.com\/pl\/wp-json\/wp\/v2\/categories?post=153014"},{"taxonomy":"post_tag","embeddable":true,"href":"https:\/\/www.europesays.com\/pl\/wp-json\/wp\/v2\/tags?post=153014"}],"curies":[{"name":"wp","href":"https:\/\/api.w.org\/{rel}","templated":true}]}}