{"id":153016,"date":"2025-12-15T22:49:12","date_gmt":"2025-12-15T22:49:12","guid":{"rendered":"https:\/\/www.europesays.com\/pl\/153016\/"},"modified":"2025-12-15T22:49:12","modified_gmt":"2025-12-15T22:49:12","slug":"podsumowanie-2025-r-w-swiecie-urody-wszyscy-mowili-o-hailey-bieber-i-kim-kardashian","status":"publish","type":"post","link":"https:\/\/www.europesays.com\/pl\/153016\/","title":{"rendered":"Podsumowanie 2025 r. w \u015bwiecie urody. Wszyscy m\u00f3wili o Hailey Bieber i Kim Kardashian"},"content":{"rendered":"<p class=\"Paragraph_desktopParagraph__U31Gm\">Koniec roku zbli\u017ca si\u0119 nieub\u0142aganie, dlatego czas na podsumowanie. Co dzia\u0142o si\u0119 w \u015bwiecie kosmetyk\u00f3w? O kim m\u00f3wi\u0142o si\u0119 ostatnio najwi\u0119cej i, co wa\u017cne, dlaczego? Kt\u00f3re trendy zdominowa\u0142y minione miesi\u0105ce? Przypominamy, czym \u017cy\u0142a bran\u017ca urody w 2025 r. Nie oby\u0142o si\u0119 bez kontrowersji. <\/p>\n<p class=\"VideoPlayerText_videoPlayerText__iDwyz\">Dalszy ci\u0105g materia\u0142u pod wideo<\/p>\n<ul class=\"OchatFollowUps_wrapper__1ry7X\">\n<li class=\"OchatFollowUps_item__Dhyly OchatFollowUps_itemDesktop__R6aBv\">Jakie kontrowersje wyst\u0105pi\u0142y w bran\u017cy urody w 2025 roku?<\/li>\n<li class=\"OchatFollowUps_item__Dhyly OchatFollowUps_itemDesktop__R6aBv\">Co sprzedano w 2025 roku za 1 miliard dolar\u00f3w?<\/li>\n<li class=\"OchatFollowUps_item__Dhyly OchatFollowUps_itemDesktop__R6aBv\">Jakie trendy zdominowa\u0142y \u015bwiat kosmetyk\u00f3w w 2025 roku?<\/li>\n<li class=\"OchatFollowUps_item__Dhyly OchatFollowUps_itemDesktop__R6aBv\">Czym zajmuje si\u0119 Shay Mitchell w kontek\u015bcie kosmetyk\u00f3w?<\/li>\n<\/ul>\n<p>Najsilniejsze trendy urodowe 2025 r. <\/p>\n<p class=\"Paragraph_desktopParagraph__U31Gm\">Jeden z najsilniejszych trend\u00f3w tego roku to longevity. Coraz wi\u0119cej os\u00f3b woli zapobiega\u0107 ni\u017c leczy\u0107, a co za tym idzie: zapewni\u0107 sobie d\u0142ugie i szcz\u0119\u015bliwe \u017cycie w jak najlepszej kondycji. Wiele wskazuje na to, \u017ce w tym przypadku nie mamy do czynienia z sezonow\u0105 tendencj\u0105. Ch\u0119\u0107, a mo\u017ce wr\u0119cz potrzeba d\u0142ugowieczno\u015bci zostanie z nami na d\u0142u\u017cej. <\/p>\n<p class=\"Paragraph_desktopParagraph__U31Gm\">Trwa boom na K-Beauty, czyli korea\u0144sk\u0105 piel\u0119gnacj\u0119. Z drugiej strony \u2014 zmienia si\u0119 podej\u015bcie do makija\u017cu. Staje si\u0119 l\u017cejszy, bardziej naturalny. Zamiast maskowa\u0107, ma podkre\u015bla\u0107 naturalne pi\u0119kno. Poza tym coraz cz\u0119\u015bciej \u0142\u0105czy si\u0119 z piel\u0119gnacj\u0105. To du\u017ca zmiana w \u015bwiecie urody. I cho\u0107 kie\u0142kowa\u0142a ju\u017c od kilku sezon\u00f3w, to w\u0142a\u015bnie w 2025 r. przedosta\u0142a si\u0119 do mainstreamu. <\/p>\n<p class=\"Paragraph_desktopParagraph__U31Gm\">Tak\u017ce w tym roku sztuczna inteligencja na dobre wkroczy\u0142a w bran\u017c\u0119 kosmetyczn\u0105. Popularne marki coraz cz\u0119\u015bciej dziel\u0105 si\u0119 narz\u0119dziami, kt\u00f3rych zadaniem jest chocia\u017cby personalizacja makija\u017cu i piel\u0119gnacji, o czym pisali\u015bmy w magazynie Onet Uroda 2.0 skoncentrowanym na przysz\u0142o\u015bci tej bran\u017cy:<\/p>\n<p>Hailey Bieber i Rhode. Kosmetyczne imperium <\/p>\n<p class=\"Paragraph_desktopParagraph__U31Gm\">Ten rok zdecydowanie nale\u017ca\u0142 do Hailey Bieber, kt\u00f3ra od trzech lat buduje i konsekwentnie rozwija swoj\u0105 mark\u0119 kosmetyczn\u0105. W maju 2025 r. okaza\u0142o si\u0119, \u017ce Rhode, bo w\u0142a\u015bnie tak brzmi jej nazwa, zosta\u0142a sprzedana gigantowi e.l.f. Beauty za 1 mld dol. Nic nie wskazuje jednak na to, by modelka, a prywatnie \u017cona Justina Biebera zamierza\u0142a osi\u0105\u015b\u0107 na laurach. Nadal pe\u0142ni kluczowe role w firmie. Jest dyrektork\u0105 kreatywn\u0105 i szefow\u0105 innowacji. Co wi\u0119cej, aktywnie promuje Rhode w mediach spo\u0142eczno\u015bciowych. <\/p>\n<p>Maska modeluj\u0105ca twarz od Kim Kardashian <\/p>\n<p class=\"Paragraph_desktopParagraph__U31Gm\">W ofercie Skims, marki za\u0142o\u017conej przez Kim Kardashian, mo\u017cna znale\u017a\u0107 r\u00f3\u017cne pere\u0142ki, na przyk\u0142ad \u015bwietn\u0105 bielizn\u0119 modeluj\u0105c\u0105 i topy. Ale co jaki\u015b czas celebrytka wypuszcza na rynek jaki\u015b zaskakuj\u0105cy, a wr\u0119cz kontrowersyjny produkt. Jednym z nich jest maska modeluj\u0105ca twarz. Internauci por\u00f3wnali j\u0105 do zabanda\u017cowanej g\u0142owy Tippi Hedren w &#8222;Ptakach&#8221; oraz wi\u0119ziennej maski, kt\u00f3r\u0105 Anthony Hopkins nosi\u0142 jako Hannibal Lecter. A eksperci \u2014 zmia\u017cd\u017cyli. <\/p>\n<p class=\"Paragraph_desktopParagraph__U31Gm\">&#8222;Mo\u017ce mie\u0107 dzia\u0142anie przeciwobrz\u0119kowe, ale skuteczno\u015b\u0107 w trwa\u0142ej poprawie owalu jest w\u0105tpliwa. Opaska mo\u017ce co najwy\u017cej poprawi\u0107 drena\u017c limfatyczny, daj\u0105c tymczasowe wyg\u0142adzenie&#8221; \u2014 m\u00f3wi\u0142 dr Leszek Blicharz w rozmowie z Gabriel\u0105 Wysock\u0105, redaktork\u0105 dzia\u0142u uroda i wellness w Onecie. <\/p>\n<p class=\"Paragraph_desktopParagraph__U31Gm\">Mimo kontrowersji produkt zosta\u0142 wyprzedany. <\/p>\n<p>Niebotycznie droga szminka Louis Vuitton <\/p>\n<p class=\"Paragraph_desktopParagraph__U31Gm\">Latem 2025 r. marka Louis Vuitton wesz\u0142a na rynek kosmetyk\u00f3w. Premiera kolekcji wywo\u0142a\u0142a niema\u0142e emocje, a to ze wzgl\u0119du na ceny dost\u0119pnych w niej produkt\u00f3w. Za szmink\u0119 trzeba zap\u0142aci\u0107 160 dol., czyli oko\u0142o 600 z\u0142. To du\u017co nawet w por\u00f3wnaniu z kosmetykami kolorowymi od innych marek luksusowych, takich jak Herm\u00e8s, Chanel, YSL czy Tom Ford. <\/p>\n<p>Rini, czyli zaawansowana piel\u0119gnacja dla dzieci <\/p>\n<p class=\"Paragraph_desktopParagraph__U31Gm\">Z kolei w listopadzie 2025 r. \u015bwiat us\u0142ysza\u0142 o Rini, nowej marce Shay Mitchell, czyli aktorki znanej z takich produkcji jak mi\u0119dzy innymi &#8222;S\u0142odkie k\u0142amstewka&#8221; czy &#8222;Ty&#8221;. Wraz ze swoimi wsp\u00f3\u0142pracownikami, Esther Song i Mattem Babelem, gwiazda stworzy\u0142a inspirowane korea\u0144sk\u0105 piel\u0119gnacj\u0105 produkty dla dzieci od trzeciego roku \u017cycia. <\/p>\n<p class=\"Paragraph_desktopParagraph__U31Gm\">W ofercie marki mo\u017cna znale\u017a\u0107 maseczki do twarzy \u2014 po opalaniu, a tak\u017ce, o zgrozo, do codziennego u\u017cytku. Informacje o starcie biznesu wywo\u0142a\u0142y prawdziw\u0105 burz\u0119 w sieci. Bo opr\u00f3cz tego, \u017ce dzieci nie potrzebuj\u0105 tak zaawansowanej piel\u0119gnacji, dzia\u0142ania marki mog\u0105 pot\u0119gowa\u0107 presj\u0119 idealnego wygl\u0105du, z kt\u00f3r\u0105 mierz\u0105 si\u0119 coraz m\u0142odsze osoby. <\/p>\n","protected":false},"excerpt":{"rendered":"Koniec roku zbli\u017ca si\u0119 nieub\u0142aganie, dlatego czas na podsumowanie. Co dzia\u0142o si\u0119 w \u015bwiecie kosmetyk\u00f3w? O kim m\u00f3wi\u0142o&hellip;\n","protected":false},"author":2,"featured_media":153017,"comment_status":"","ping_status":"","sticky":false,"template":"","format":"standard","meta":{"footnotes":""},"categories":[20],"tags":[470,66,7715,67,5668,120,118,119,53,52,68,51,55,42,38,40,39,41,116,114,115,47,196,121,117,65,1323,50],"class_list":{"0":"post-153016","1":"post","2":"type-post","3":"status-publish","4":"format-standard","5":"has-post-thumbnail","7":"category-nauka-i-technika","8":"tag-educate_me","9":"tag-give_me_perspective","10":"tag-hailey_bieber","11":"tag-intextvideo_splayer","12":"tag-kim_kardashian","13":"tag-nauka","14":"tag-nauka-i-technika","15":"tag-naukatechnika","16":"tag-new_header","17":"tag-onet3","18":"tag-onet3d","19":"tag-onet3d_2i","20":"tag-phx","21":"tag-pl","22":"tag-poland","23":"tag-polish","24":"tag-polska","25":"tag-polski","26":"tag-science","27":"tag-science-and-technology","28":"tag-sciencetechnology","29":"tag-screening_general","30":"tag-styl_zycia","31":"tag-technika","32":"tag-technology","33":"tag-update_me","34":"tag-uroda","35":"tag-v2021"},"share_on_mastodon":{"url":"https:\/\/pubeurope.com\/@pl\/115726029098632818","error":""},"_links":{"self":[{"href":"https:\/\/www.europesays.com\/pl\/wp-json\/wp\/v2\/posts\/153016","targetHints":{"allow":["GET"]}}],"collection":[{"href":"https:\/\/www.europesays.com\/pl\/wp-json\/wp\/v2\/posts"}],"about":[{"href":"https:\/\/www.europesays.com\/pl\/wp-json\/wp\/v2\/types\/post"}],"author":[{"embeddable":true,"href":"https:\/\/www.europesays.com\/pl\/wp-json\/wp\/v2\/users\/2"}],"replies":[{"embeddable":true,"href":"https:\/\/www.europesays.com\/pl\/wp-json\/wp\/v2\/comments?post=153016"}],"version-history":[{"count":0,"href":"https:\/\/www.europesays.com\/pl\/wp-json\/wp\/v2\/posts\/153016\/revisions"}],"wp:featuredmedia":[{"embeddable":true,"href":"https:\/\/www.europesays.com\/pl\/wp-json\/wp\/v2\/media\/153017"}],"wp:attachment":[{"href":"https:\/\/www.europesays.com\/pl\/wp-json\/wp\/v2\/media?parent=153016"}],"wp:term":[{"taxonomy":"category","embeddable":true,"href":"https:\/\/www.europesays.com\/pl\/wp-json\/wp\/v2\/categories?post=153016"},{"taxonomy":"post_tag","embeddable":true,"href":"https:\/\/www.europesays.com\/pl\/wp-json\/wp\/v2\/tags?post=153016"}],"curies":[{"name":"wp","href":"https:\/\/api.w.org\/{rel}","templated":true}]}}