{"id":153022,"date":"2025-12-15T22:52:18","date_gmt":"2025-12-15T22:52:18","guid":{"rendered":"https:\/\/www.europesays.com\/pl\/153022\/"},"modified":"2025-12-15T22:52:18","modified_gmt":"2025-12-15T22:52:18","slug":"zima-wroci-tuz-przed-swietami-mamy-najnowsze-modele-pogodowe","status":"publish","type":"post","link":"https:\/\/www.europesays.com\/pl\/153022\/","title":{"rendered":"Zima wr\u00f3ci tu\u017c przed \u015bwi\u0119tami? Mamy najnowsze modele pogodowe"},"content":{"rendered":"<ol style=\"counter-reset:list-counter\" class=\"typography ids-typeset-body ids-typeset-body--preset-large list ids-list ids-list--ordered ids-list--size-large ids-list--marker-decimalLeadingZero \">\n<li class=\"ids-list-item\">\n<p>Jaka pogoda b\u0119dzie w najbli\u017cszych dniach?<\/p>\n<\/li>\n<li class=\"ids-list-item\">\n<p>Weekend pod znakiem chmur i umiarkowanych temperatur<\/p>\n<\/li>\n<li class=\"ids-list-item\">\n<p>Jeszcze w grudniu czeka nas powr\u00f3t zimy?<\/p>\n<\/li>\n<\/ol>\n<p>Jaka pogoda b\u0119dzie w najbli\u017cszych dniach?<\/p>\n<p class=\"typography ids-typeset-body ids-typeset-body--preset-large link paragraph ids-paragraph ids-paragraph--default\">W poniedzia\u0142ek na po\u0142udniu i po\u0142udniowym zachodzie Polski zachmurzenie ma\u0142e i umiarkowane, a lokalnie b\u0119dzie nawet\u00a0bezchmurnie. Wi\u0119cej chmur jedynie w Beskidzie Niskim i Bieszczadach. Nad reszt\u0105 kraju zachmurzenie du\u017ce, mo\u017cliwe wi\u0119ksze przeja\u015bnieniami i rozpogodzenia &#8211; wynika z prognozy przygotowanej przez ekspert\u00f3w z Instytutu Meteorologii i Gospodarki Wodnej.<\/p>\n<p class=\"typography ids-typeset-body ids-typeset-body--preset-large link paragraph ids-paragraph ids-paragraph--default\">Termometry wska\u017c\u0105 od 3 st. C do 7 st. C, ch\u0142odniej b\u0119dzie w rejonach podg\u00f3rskich Karpat, tam ok. 2 st. C.<\/p>\n<p class=\"typography ids-typeset-body ids-typeset-body--preset-large link paragraph ids-paragraph ids-paragraph--default\">We wtorek na og\u00f3\u0142 zachmurzenie umiarkowane i du\u017ce, mo\u017cliwe rozpogodzenia. Rano na po\u0142udniu Polski mg\u0142y osadzaj\u0105ce szad\u017a i ograniczaj\u0105ce widzialno\u015b\u0107 do ok. 200 m. Temperatura maksymalna od 2 st. C do 6 st. C. Cieplej miejscami w rejonach podg\u00f3rskich Karpat, tam ok. 8 st. C.<\/p>\n<p class=\"typography ids-typeset-body ids-typeset-body--preset-large link paragraph ids-paragraph ids-paragraph--default\">\u015aroda z zachmurzeniem ma\u0142ym i umiarkowanym. Temperatura maksymalna od 2 st. C, ok. 4 st. C na p\u00f3\u0142nocy, ok. 7 st. C w centrum, do 11 st. C na po\u0142udniu.<\/p>\n<p class=\"typography ids-typeset-body ids-typeset-body--preset-large link paragraph ids-paragraph ids-paragraph--default\">W czwartek zachmurzenie ma\u0142e i umiarkowane, wzrastaj\u0105ce do du\u017cego. W najcieplejszym momencie dnia temperatura wyniesie ok. 3 st. C na p\u00f3\u0142nocnym wschodzie, ok. 5 st. C w centrum kraju, 8 st. C na po\u0142udniu i po\u0142udniowym zachodzie. Najcieplej b\u0119dzie lokalnie na Podkarpaciu, tam do 11 st. C.<\/p>\n<p>Weekend pod znakiem chmur i umiarkowanych temperatur<\/p>\n<p class=\"typography ids-typeset-body ids-typeset-body--preset-large link paragraph ids-paragraph ids-paragraph--default\">W pi\u0105tek zachmurzenie ma\u0142e i umiarkowane, na kra\u0144cach po\u0142udniowych oraz na p\u00f3\u0142nocy okresami wzrastaj\u0105ce do du\u017cego &#8211; wskazuje IMGW. Termometry wska\u017c\u0105 ok. 5 st. C na p\u00f3\u0142nocnym wschodzie, ok. 7 st. C w centrum, do 11 st. C na po\u0142udniu i zachodzie.<\/p>\n<p class=\"typography ids-typeset-body ids-typeset-body--preset-large link paragraph ids-paragraph ids-paragraph--default\">W sobot\u0119 zachmurzenie na og\u00f3\u0142 umiarkowane i du\u017ce. W centrum kraju i na po\u0142udniowym wschodzie mo\u017cliwe rozpogodzenia. S\u0142abe opady deszczu mog\u0105 pojawi\u0107 si\u0119 na zachodzie i na p\u00f3\u0142nocy Polski. Temperatura maksymalna od 3 st. C do 7 st. C. Wy\u017csze warto\u015bci miejscami na kra\u0144cach po\u0142udniowo-wschodnich, tam ok. 10 st. C.<\/p>\n<p class=\"typography ids-typeset-body ids-typeset-body--preset-large link paragraph ids-paragraph ids-paragraph--default\">W niedziel\u0119 zachmurzenie umiarkowane i du\u017ce, na p\u00f3\u0142nocy kraju s\u0142abe opady deszczu. Termometry wska\u017c\u0105 od 2 st. C do 6 st. C. Cieplej b\u0119dzie na po\u0142udniu kraju, ok. 8 st. C. Jednak najcieplej miejscami w rejonach podg\u00f3rskich Karpat, tam nawet 12 st. C.<\/p>\n<p>Jeszcze w grudniu czeka nas powr\u00f3t zimy?<\/p>\n<p class=\"typography ids-typeset-body ids-typeset-body--preset-large link paragraph ids-paragraph ids-paragraph--default\">Cho\u0107 w najbli\u017cszych kilku dniach nie nale\u017cy spodziewa\u0107 si\u0119 opad\u00f3w \u015bniegu, to niewykluczone, \u017ce aura zmieni si\u0119 tu\u017c przed \u015bwi\u0119tami. Jak wskazuje serwis TwojaPogoda.pl &#8211; mi\u0119dzy 24 a 27 grudnia deszcz zacznie przechodzi\u0107 w \u015bnieg.<\/p>\n<p><img decoding=\"async\" class=\"ids-image-holder__img\" loading=\"lazy\" alt=\"Niewykluczone, \u017ce aura zmieni si\u0119 tu\u017c przed \u015bwi\u0119tami\" title=\"Niewykluczone, \u017ce aura zmieni si\u0119 tu\u017c przed \u015bwi\u0119tami\" width=\"4000\" height=\"2688\" src=\"https:\/\/www.europesays.com\/pl\/wp-content\/uploads\/2025\/12\/000I1SVDOJNOHEJI-C323-F4.webp.webp\"\/><\/p>\n<p>Niewykluczone, \u017ce aura zmieni si\u0119 tu\u017c przed \u015bwi\u0119tami123RF\/PICSEL<\/p>\n<p class=\"typography ids-typeset-body ids-typeset-body--preset-large link paragraph ids-paragraph ids-paragraph--default\">&#8222;Najcz\u0119\u015bciej modele wskazuj\u0105, \u017ce \u015bnieg spadnie na wschodzie, po\u0142udniu i w centrum kraju, a zupe\u0142nie nie pokazuj\u0105 go na zachodzie i p\u00f3\u0142nocnym zachodzie. Pokrywa \u015bnie\u017cna mia\u0142aby osi\u0105ga\u0107 od 1 do 5 cm, tylko na pog\u00f3rzu i w g\u00f3rach powy\u017cej 5-10 cm&#8221; &#8211; czytamy w TwojaPogda.pl.<\/p>\n<p>&#8222;Ewa gotuje&#8221;: Garus. Tradycyjna zupa z jab\u0142ek i gruszekPolsat<\/p>\n<p><a class=\"ids-undecorated-link source ids-page-info--source__link\" href=\"https:\/\/www.interia.pl\" rel=\"nofollow noopener\" target=\"_blank\"><img decoding=\"async\" class=\"ids-image-holder__img\" loading=\"lazy\" alt=\"\" title=\"\" height=\"24px\" src=\"https:\/\/www.europesays.com\/pl\/wp-content\/uploads\/2025\/12\/1765825632_127_0009A60QQ5I2TYF7-C202-F4.webp.webp\"\/><\/a><\/p>\n<p>Masz sugestie, uwagi albo widzisz b\u0142\u0105d? Napisz do nas<\/p>\n","protected":false},"excerpt":{"rendered":"Jaka pogoda b\u0119dzie w najbli\u017cszych dniach? Weekend pod znakiem chmur i umiarkowanych temperatur Jeszcze w grudniu czeka nas&hellip;\n","protected":false},"author":2,"featured_media":153023,"comment_status":"","ping_status":"","sticky":false,"template":"","format":"standard","meta":{"footnotes":""},"categories":[12],"tags":[32,33,36,37,27,34,35,28,31,25,42,38,40,39,41,29,30,26],"class_list":{"0":"post-153022","1":"post","2":"type-post","3":"status-publish","4":"format-standard","5":"has-post-thumbnail","7":"category-polska","8":"tag-breaking-news","9":"tag-breakingnews","10":"tag-featured-news","11":"tag-featurednews","12":"tag-headlines","13":"tag-latest-news","14":"tag-latestnews","15":"tag-naglowki","16":"tag-najwazniejsze-artykuly","17":"tag-news","18":"tag-pl","19":"tag-poland","20":"tag-polish","21":"tag-polska","22":"tag-polski","23":"tag-top-stories","24":"tag-topstories","25":"tag-wiadomosci"},"share_on_mastodon":{"url":"https:\/\/pubeurope.com\/@pl\/115726041005532634","error":""},"_links":{"self":[{"href":"https:\/\/www.europesays.com\/pl\/wp-json\/wp\/v2\/posts\/153022","targetHints":{"allow":["GET"]}}],"collection":[{"href":"https:\/\/www.europesays.com\/pl\/wp-json\/wp\/v2\/posts"}],"about":[{"href":"https:\/\/www.europesays.com\/pl\/wp-json\/wp\/v2\/types\/post"}],"author":[{"embeddable":true,"href":"https:\/\/www.europesays.com\/pl\/wp-json\/wp\/v2\/users\/2"}],"replies":[{"embeddable":true,"href":"https:\/\/www.europesays.com\/pl\/wp-json\/wp\/v2\/comments?post=153022"}],"version-history":[{"count":0,"href":"https:\/\/www.europesays.com\/pl\/wp-json\/wp\/v2\/posts\/153022\/revisions"}],"wp:featuredmedia":[{"embeddable":true,"href":"https:\/\/www.europesays.com\/pl\/wp-json\/wp\/v2\/media\/153023"}],"wp:attachment":[{"href":"https:\/\/www.europesays.com\/pl\/wp-json\/wp\/v2\/media?parent=153022"}],"wp:term":[{"taxonomy":"category","embeddable":true,"href":"https:\/\/www.europesays.com\/pl\/wp-json\/wp\/v2\/categories?post=153022"},{"taxonomy":"post_tag","embeddable":true,"href":"https:\/\/www.europesays.com\/pl\/wp-json\/wp\/v2\/tags?post=153022"}],"curies":[{"name":"wp","href":"https:\/\/api.w.org\/{rel}","templated":true}]}}