{"id":153032,"date":"2025-12-15T22:59:15","date_gmt":"2025-12-15T22:59:15","guid":{"rendered":"https:\/\/www.europesays.com\/pl\/153032\/"},"modified":"2025-12-15T22:59:15","modified_gmt":"2025-12-15T22:59:15","slug":"marek-jakubiak-wzial-slub-z-partnerka-tym-sie-zajmuje-irmina-ochenkowska","status":"publish","type":"post","link":"https:\/\/www.europesays.com\/pl\/153032\/","title":{"rendered":"Marek Jakubiak wzi\u0105\u0142 \u015blub z partnerk\u0105. Tym si\u0119 zajmuje Irmina Ochenkowska"},"content":{"rendered":"<p class=\"ods-c-paragraph \">Marek Jakubiak og\u0142osi\u0142 radosne wie\u015bci \u2014 po\u015blubi\u0142 swoj\u0105 partnerk\u0119 Irmin\u0119 Ochenkowsk\u0105, z kt\u00f3r\u0105 od wielu lat tworzy zwi\u0105zek. Polityk nie kry\u0142 rado\u015bci, informuj\u0105c o tym w swoich mediach spo\u0142eczno\u015bciowych. Zakochani powiedzieli sobie &#8222;tak&#8221; w hotelu Go\u0142\u0119biewski w miejscowo\u015bci Miko\u0142ajki.<\/p>\n<blockquote class=\"ods-o-quota\">\n<p class=\"ods-o-quota__paragraph\">Sta\u0142o si\u0119, Irminka zmieni\u0142a nazwisko na Jakubiak. (&#8230;) Bardzo dzi\u0119kujemy wszystkim pracownikom hotelu za zorganizowanie pierwszego w historii tego hotelu \u015blubu. Wysz\u0142o super<\/p>\n<\/blockquote>\n<p class=\"ods-c-paragraph \">\u2014 przekaza\u0142 Jakubiak.<\/p>\n<p>Dalszy ci\u0105g artyku\u0142u pod materia\u0142em wideo<\/p>\n<p> Jakie stanowisko zajmuje Irmina Ochenkowska w firmie Marka Jakubiaka? <\/p>\n<p> Kiedy Marek Jakubiak i Irmina Ochenkowska wzi\u0119li \u015blub? <\/p>\n<p> W jakich wyborach startowa\u0142a Irmina Ochenkowska? <\/p>\n<p> Jakie wykszta\u0142cenie ma Irmina Ochenkowska? <\/p>\n<p>  \u017bona Marka Jakubiaka przed laty startowa\u0142a w wyborach. Tym si\u0119 zajmuje<\/p>\n<p class=\"ods-c-paragraph \">Irmina Ochemnkowska jest przesi\u0119biorczyni\u0105 i mened\u017cerk\u0105. Uko\u0144czy\u0142a Podyplomowe Studium Zarz\u0105dzania Organizacjami Ochrony Zdrowia, a p\u00f3\u017aniej tak\u017ce zrobi\u0142\u0105 doktorat w Kolegium Zarz\u0105dzania i Finans\u00f3w. Jak si\u0119 dowiadujemy z KRS Browar\u00f3w Regionalnych, nale\u017c\u0105cych do Marka Jakubiaka, jego \u017cona pe\u0142ni w firmie funkcj\u0119 prezeski zarz\u0105du.<\/p>\n<p class=\"ods-c-paragraph \">W przesz\u0142o\u015bci pr\u00f3bowa\u0142a r\u00f3wnie\u017c swoich si\u0142 w polityce \u2014 w 2015 r. bezskutecznie kandydowa\u0142a w wyborach do Sejmu z listy Kukiz\u201915. Trzy lata p\u00f3\u017aniej r\u00f3wnie\u017c nie dosta\u0142a si\u0119 do Sejmiku Wojew\u00f3dztwa Mazowieckiego.<\/p>\n<p><img decoding=\"async\" src=\"https:\/\/www.europesays.com\/pl\/wp-content\/uploads\/2025\/12\/j0yk9lBaHR0cHM6Ly9vY2RuLmV1L3B1bHNjbXMvTURBXy85OTgzM2FmNTA3ZjA1NDBmNjUxNTcwNTllNzFhMTllYi5qcGeRlQLNB.jpeg\" height=\"625\" width=\"940\" alt=\"Marek Jakubiak\" loading=\"lazy\" class=\"ods-c-image__img ods-c-image__img--viewport-width\"\/><\/p>\n<p>Marek JakubiakMW Media<\/p>\n<p class=\"ods-c-paragraph \">Dzi\u0119kujemy, \u017ce przeczyta\u0142a\u015b\/e\u015b nasz artyku\u0142 do ko\u0144ca. W serwisie Plejada.pl ka\u017cdego dnia piszemy o najwa\u017cniejszych wydarzeniach show-biznesowych. B\u0105d\u017a na bie\u017c\u0105co! <a rel=\"nofollow noopener\" href=\"https:\/\/profile.google.com\/cp\/Cg0vZy8xMWJ6X19wdHBx\" id=\"a662faa3-0a8b-49c3-9103-45b57d465a6c\" target=\"_blank\">Obserwuj<\/a> Plejad\u0119 w Google. Odwied\u017a nas tak\u017ce na <a rel=\"nofollow noopener\" href=\"https:\/\/www.facebook.com\/plejadapl\" id=\"fc9da7ce-ddcf-4b28-b1c7-cc6de7b7919f\" target=\"_blank\">Facebooku<\/a>, <a rel=\"nofollow noopener\" href=\"https:\/\/www.instagram.com\/plejadapl\/\" id=\"5980b210-2cba-43b0-9cb4-28635ea6754d\" target=\"_blank\">Instagramie<\/a>, <a rel=\"nofollow noopener\" href=\"https:\/\/www.youtube.com\/c\/plejada\" id=\"0fac0185-bf6e-49b7-b791-3718e647d2ca\" target=\"_blank\">YouTube<\/a> oraz <a rel=\"nofollow noopener\" href=\"https:\/\/www.tiktok.com\/@plejada_pl\" id=\"fca6510c-f64a-494c-87d2-45460a6f4b2d\" target=\"_blank\">TikToku<\/a>.<\/p>\n<p class=\"ods-c-paragraph \">Chcesz podzieli\u0107 si\u0119 ciekawym newsem lub zaproponowa\u0107 temat? Skontaktuj si\u0119 z nami, pisz\u0105c e-maila na adres: <a rel=\"nofollow noopener\" href=\"https:\/\/plejada.pl\/newsy\/marek-jakubiak-wzial-slub-z-partnerka-tym-sie-zajmuje-irmina-ochenkowska\/mailto:plejada@redakcjaonet.pl\" id=\"5688378b-5256-45c4-894a-950c836c16d5\" target=\"_blank\">plejada@redakcjaonet.pl<\/a>.<\/p>\n<p><script async src=\"\/\/www.instagram.com\/embed.js\"><\/script><script async src=\"\/\/www.tiktok.com\/embed.js\"><\/script><\/p>\n","protected":false},"excerpt":{"rendered":"Marek Jakubiak og\u0142osi\u0142 radosne wie\u015bci \u2014 po\u015blubi\u0142 swoj\u0105 partnerk\u0119 Irmin\u0119 Ochenkowsk\u0105, z kt\u00f3r\u0105 od wielu lat tworzy zwi\u0105zek.&hellip;\n","protected":false},"author":2,"featured_media":153033,"comment_status":"","ping_status":"","sticky":false,"template":"","format":"standard","meta":{"footnotes":""},"categories":[12],"tags":[32,33,36,37,27,34,35,24377,28,31,48,25,125,46,42,38,40,39,41,25865,47,556,29,30,26],"class_list":{"0":"post-153032","1":"post","2":"type-post","3":"status-publish","4":"format-standard","5":"has-post-thumbnail","7":"category-polska","8":"tag-breaking-news","9":"tag-breakingnews","10":"tag-featured-news","11":"tag-featurednews","12":"tag-headlines","13":"tag-latest-news","14":"tag-latestnews","15":"tag-marek_jakubiak","16":"tag-naglowki","17":"tag-najwazniejsze-artykuly","18":"tag-nat_styl","19":"tag-news","20":"tag-newsy","21":"tag-omp","22":"tag-pl","23":"tag-poland","24":"tag-polish","25":"tag-polska","26":"tag-polski","27":"tag-rebrand_ai_tst0","28":"tag-screening_general","29":"tag-slub","30":"tag-top-stories","31":"tag-topstories","32":"tag-wiadomosci"},"share_on_mastodon":{"url":"https:\/\/pubeurope.com\/@pl\/115726068568591514","error":""},"_links":{"self":[{"href":"https:\/\/www.europesays.com\/pl\/wp-json\/wp\/v2\/posts\/153032","targetHints":{"allow":["GET"]}}],"collection":[{"href":"https:\/\/www.europesays.com\/pl\/wp-json\/wp\/v2\/posts"}],"about":[{"href":"https:\/\/www.europesays.com\/pl\/wp-json\/wp\/v2\/types\/post"}],"author":[{"embeddable":true,"href":"https:\/\/www.europesays.com\/pl\/wp-json\/wp\/v2\/users\/2"}],"replies":[{"embeddable":true,"href":"https:\/\/www.europesays.com\/pl\/wp-json\/wp\/v2\/comments?post=153032"}],"version-history":[{"count":0,"href":"https:\/\/www.europesays.com\/pl\/wp-json\/wp\/v2\/posts\/153032\/revisions"}],"wp:featuredmedia":[{"embeddable":true,"href":"https:\/\/www.europesays.com\/pl\/wp-json\/wp\/v2\/media\/153033"}],"wp:attachment":[{"href":"https:\/\/www.europesays.com\/pl\/wp-json\/wp\/v2\/media?parent=153032"}],"wp:term":[{"taxonomy":"category","embeddable":true,"href":"https:\/\/www.europesays.com\/pl\/wp-json\/wp\/v2\/categories?post=153032"},{"taxonomy":"post_tag","embeddable":true,"href":"https:\/\/www.europesays.com\/pl\/wp-json\/wp\/v2\/tags?post=153032"}],"curies":[{"name":"wp","href":"https:\/\/api.w.org\/{rel}","templated":true}]}}