{"id":153042,"date":"2025-12-15T23:06:05","date_gmt":"2025-12-15T23:06:05","guid":{"rendered":"https:\/\/www.europesays.com\/pl\/153042\/"},"modified":"2025-12-15T23:06:05","modified_gmt":"2025-12-15T23:06:05","slug":"zakopane-zbiorowy-pochowek-48-martwo-urodzonych-dzieci","status":"publish","type":"post","link":"https:\/\/www.europesays.com\/pl\/153042\/","title":{"rendered":"Zakopane: Zbiorowy poch\u00f3wek 48 martwo urodzonych dzieci"},"content":{"rendered":"<p>\u200bNa zakopia\u0144skim cmentarzu komunalnym odby\u0142a si\u0119 w poniedzia\u0142ek zbiorowa ceremonia poch\u00f3wku 48 dzieci martwo urodzonych. Uroczysto\u015b\u0107, zorganizowana przez Miejski O\u015brodek Pomocy Spo\u0142ecznej, sta\u0142a si\u0119 wa\u017cnym momentem wsparcia dla rodzin dotkni\u0119tych strat\u0105 oraz symbolicznym prze\u0142amaniem spo\u0142ecznego milczenia wok\u00f3\u0142 \u017ca\u0142oby po utraconych dzieciach.<\/p>\n<p>                         &#13;<br \/>\n        &#13;<\/p>\n<p>                                        &#13;<br \/>\n                        &#13;<br \/>\n                            <img decoding=\"async\" src=\"https:\/\/www.europesays.com\/pl\/wp-content\/uploads\/2025\/12\/000M2WS8BWNHGU0E-C123-F4.jpg\" title=\"Zbiorowy poch\u00f3wek martwo urodzonych dzieci w Zakopanem\" alt=\"Zbiorowy poch\u00f3wek martwo urodzonych dzieci w Zakopanem\" class=\"img-responsive\"\/>&#13;<\/p>\n<p>                            &#13;<\/p>\n<p>      &#13;<br \/>\n                            Zdj\u0119cie ilustracyjne&#13;<br \/>\n                                    \/Shutterstock  &#13;\n                                    <\/p>\n<p>&#13;<\/p>\n<p>Uroczysto\u015b\u0107 poch\u00f3wku dzieci martwo urodzonych w okresie od 26 marca do 30 pa\u017adziernika b.r. w Zakopanem mia\u0142a charakter ko\u015bcielny i zosta\u0142a zorganizowana przez Miejski O\u015brodek Pomocy Spo\u0142ecznej w Zakopanem.<\/p>\n<p>Jak podkre\u015bli\u0142 w rozmowie z PAP dr Piotr Guzdek z Polskiego Stowarzyszenia Obro\u0144c\u00f3w \u017bycia Cz\u0142owieka, takie poch\u00f3wki maj\u0105 istotne znaczenie spo\u0142eczne. Podnosz\u0105 \u015bwiadomo\u015b\u0107 godno\u015bci osobowej dziecka nienarodzonego oraz normy pietyzmu wobec jego zw\u0142ok i szcz\u0105tk\u00f3w &#8211; wyja\u015bni\u0142. Doda\u0142, \u017ce afirmacja godno\u015bci cz\u0142owieka w okresie prenatalnym &#8222;implikuje okazanie szacunku dziecku poronionemu i martwo urodzonemu tak\u017ce po jego \u015bmierci&#8221;.<\/p>\n<p>Jego zdaniem zbiorowe pogrzeby odpowiadaj\u0105 r\u00f3wnie\u017c na potrzeby osieroconych rodzin. Wskazuj\u0105 na konieczno\u015b\u0107 uznania to\u017csamo\u015bci rodzicielskiej oraz empatycznego towarzyszenia ma\u0142\u017conkom w \u017ca\u0142obie oko\u0142oporodowej, a tak\u017ce adekwatnego wsparcia starszego rodze\u0144stwa &#8211; powiedzia\u0142. Doda\u0142, \u017ce uroczysto\u015bci takie pe\u0142ni\u0105 funkcj\u0119 psychicznego i spo\u0142ecznego wsparcia. Nale\u017cy je traktowa\u0107 jako form\u0119 interwencji kryzysowej oraz wezwanie do tworzenia kultury otwarto\u015bci, kt\u00f3ra pozwala rodzinom godnie po\u017cegna\u0107 dziecko i bezpiecznie prze\u017cy\u0107 \u017ca\u0142ob\u0119 oko\u0142oporodow\u0105 &#8211; doda\u0142.<\/p>\n<p>Jak oceni\u0142, tego typu ceremonie prze\u0142amuj\u0105 wieloletnie spo\u0142eczne milczenie wok\u00f3\u0142 strat prenatalnych.<\/p>\n<p>Rozm\u00f3wca PAP zwr\u00f3ci\u0142 uwag\u0119, \u017ce poch\u00f3wki zbiorowe s\u0105 cz\u0119sto jedyn\u0105 mo\u017cliw\u0105 form\u0105 godnego po\u017cegnania dziecka dla rodzin, kt\u00f3re z r\u00f3\u017cnych wzgl\u0119d\u00f3w nie s\u0105 w stanie zorganizowa\u0107 pogrzebu indywidualnego. Dzi\u0119ki temu ka\u017cde dziecko utracone przed narodzeniem, niezale\u017cnie od etapu ci\u0105\u017cy, mo\u017ce mie\u0107 zapewniony godny poch\u00f3wek &#8211; podkre\u015bli\u0142.<\/p>\n<p>Od sierpnia br. obowi\u0105zuj\u0105 nowe przepisy upraszczaj\u0105ce dost\u0119p do zasi\u0142ku macierzy\u0144skiego i pogrzebowego dla kobiet po stracie dziecka. Zmiany wprowadzone przez Ministerstwo Rodziny, Pracy i Polityki Spo\u0142ecznej znios\u0142y obowi\u0105zek ustalania p\u0142ci dziecka martwo urodzonego jako warunku uzyskania \u015bwiadcze\u0144. Zamiast tego wystarczaj\u0105ce jest za\u015bwiadczenie lekarskie potwierdzaj\u0105ce martwe urodzenie, a w przypadku zasi\u0142ku pogrzebowego &#8211; tak\u017ce karta zgonu, niezale\u017cnie od czasu trwania ci\u0105\u017cy. Celem nowych regulacji jest uproszczenie procedur oraz zapewnienie r\u00f3wnego dost\u0119pu do \u015bwiadcze\u0144 kobietom po poronieniu i rodzicom dzieci martwo urodzonych.<\/p>\n<p>Zgodnie z ustaw\u0105 o cmentarzach i chowaniu zmar\u0142ych oraz rozporz\u0105dzeniem ministra zdrowia obowi\u0105zek pochowania dotyczy tak\u017ce dzieci martwo urodzonych, niezale\u017cnie od czasu trwania ci\u0105\u017cy. Je\u015bli rodzice nie odbior\u0105 szcz\u0105tk\u00f3w ze szpitala, pogrzeb &#8211; najcz\u0119\u015bciej zbiorowy &#8211; organizuje gmina.<\/p>\n<p>Ko\u015bci\u00f3\u0142 katolicki pozostawia decyzj\u0119 o formie pogrzebu rodzicom i dopuszcza pogrzeb dzieci zmar\u0142ych przed chrztem, je\u015bli istnia\u0142o pragnienie ich ochrzczenia. Rodzice mog\u0105 wybra\u0107 poch\u00f3wek indywidualny lub udzia\u0142 w ceremonii zbiorowej, a dziecko mo\u017ce by\u0107 pochowane tak\u017ce bez ustalenia p\u0142ci.<\/p>\n","protected":false},"excerpt":{"rendered":"\u200bNa zakopia\u0144skim cmentarzu komunalnym odby\u0142a si\u0119 w poniedzia\u0142ek zbiorowa ceremonia poch\u00f3wku 48 dzieci martwo urodzonych. Uroczysto\u015b\u0107, zorganizowana przez&hellip;\n","protected":false},"author":2,"featured_media":153043,"comment_status":"","ping_status":"","sticky":false,"template":"","format":"standard","meta":{"footnotes":""},"categories":[12],"tags":[32,33,36,37,27,34,35,28,31,25,42,38,40,39,41,29,30,26],"class_list":{"0":"post-153042","1":"post","2":"type-post","3":"status-publish","4":"format-standard","5":"has-post-thumbnail","7":"category-polska","8":"tag-breaking-news","9":"tag-breakingnews","10":"tag-featured-news","11":"tag-featurednews","12":"tag-headlines","13":"tag-latest-news","14":"tag-latestnews","15":"tag-naglowki","16":"tag-najwazniejsze-artykuly","17":"tag-news","18":"tag-pl","19":"tag-poland","20":"tag-polish","21":"tag-polska","22":"tag-polski","23":"tag-top-stories","24":"tag-topstories","25":"tag-wiadomosci"},"share_on_mastodon":{"url":"https:\/\/pubeurope.com\/@pl\/115726095971273113","error":""},"_links":{"self":[{"href":"https:\/\/www.europesays.com\/pl\/wp-json\/wp\/v2\/posts\/153042","targetHints":{"allow":["GET"]}}],"collection":[{"href":"https:\/\/www.europesays.com\/pl\/wp-json\/wp\/v2\/posts"}],"about":[{"href":"https:\/\/www.europesays.com\/pl\/wp-json\/wp\/v2\/types\/post"}],"author":[{"embeddable":true,"href":"https:\/\/www.europesays.com\/pl\/wp-json\/wp\/v2\/users\/2"}],"replies":[{"embeddable":true,"href":"https:\/\/www.europesays.com\/pl\/wp-json\/wp\/v2\/comments?post=153042"}],"version-history":[{"count":0,"href":"https:\/\/www.europesays.com\/pl\/wp-json\/wp\/v2\/posts\/153042\/revisions"}],"wp:featuredmedia":[{"embeddable":true,"href":"https:\/\/www.europesays.com\/pl\/wp-json\/wp\/v2\/media\/153043"}],"wp:attachment":[{"href":"https:\/\/www.europesays.com\/pl\/wp-json\/wp\/v2\/media?parent=153042"}],"wp:term":[{"taxonomy":"category","embeddable":true,"href":"https:\/\/www.europesays.com\/pl\/wp-json\/wp\/v2\/categories?post=153042"},{"taxonomy":"post_tag","embeddable":true,"href":"https:\/\/www.europesays.com\/pl\/wp-json\/wp\/v2\/tags?post=153042"}],"curies":[{"name":"wp","href":"https:\/\/api.w.org\/{rel}","templated":true}]}}