{"id":153044,"date":"2025-12-15T23:07:11","date_gmt":"2025-12-15T23:07:11","guid":{"rendered":"https:\/\/www.europesays.com\/pl\/153044\/"},"modified":"2025-12-15T23:07:11","modified_gmt":"2025-12-15T23:07:11","slug":"tusk-szkodzi-bardziej-niz-braun-premier-reaguje-na-slowa-prezydenta-onet","status":"publish","type":"post","link":"https:\/\/www.europesays.com\/pl\/153044\/","title":{"rendered":"&quot;Tusk szkodzi bardziej ni\u017c Braun&quot;. Premier reaguje na s\u0142owa prezydenta &#8211; Onet"},"content":{"rendered":"<ol>\n<li><a href=\"https:\/\/news.google.com\/rss\/articles\/CBMizgFBVV95cUxOQWp5WVgwTUtCZTFOZmtyZ0FaaW9YTzM3UEJzcnd2ZmtsaElqQ05qYXZhX3NzUFhiY1hqU2hLdUtBVm9obEU4bWg5S0NEQXFBeU1ybzcwWEhQczZqQmlTRjA4cUZ5eW04RElqU0lOQ2VJUkpvRkRkMklWZEVtbWpjTFJYTkhsZWJXdk4wVXkxOFJSdUFyanY5SUd0OTA2QjdkcUhjRGxscjlaMnJEczdkSEhsYWlTR1pJMXlTWl9uSjdlMDJncGhrb2wtaG93QQ?oc=5\" target=\"_blank\" rel=\"nofollow noopener\">&#8222;Tusk szkodzi bardziej ni\u017c Braun&#8221;. Premier reaguje na s\u0142owa prezydenta<\/a>&nbsp;&nbsp;Onet<\/li>\n<li><a href=\"https:\/\/news.google.com\/rss\/articles\/CBMiqAFBVV95cUxQVmhPQ1BUcXNKck8zSDM4VmZWMGJLaHZYMk1pU3pRMkxhS0o0VmtnQW5jYkRySTh2SUo5cVBlYXBPWnNBZ0k3NzhodXh0VGRTbW9fSFZPUUdBM21FbU9NVzdYa1hrQ1lXQVF5Ukpzem9PSGFMck5Nb1I5Z2VDa05hMHhSQ3VPSXhYVEFBS2ZXaF96ZlNYZnFMU0lhMC1vRm5MbFhQNmNsd0k?oc=5\" target=\"_blank\" rel=\"nofollow noopener\">Nawrocki skrytykowa\u0142 Tuska. Premier: od dzi\u015b nikt nie mo\u017ce udawa\u0107<\/a>&nbsp;&nbsp;TVN24<\/li>\n<li><a href=\"https:\/\/news.google.com\/rss\/articles\/CBMizwFBVV95cUxQZUl3OFBCZFNxNDlfaDA0WjNUck1wSFJFZ1dZR0hZQ2hqUDR0VndSZmhhY3VDS1pXdk1RMzM3WGZRdHh5alNMRVJPUjZLeWw5SlctSEJxRkpYOFI2RnJZc3hRdnVMbkgwSnhUR1l3ZFJIX1Roa2g5WHppd0d5WXlXVDhhLUlSUGhUUl9EU3g5ckw3YmpqNnJkRkNPbGRNLXU1eWVreU9XZnhsYk9VaUlWNF9WRGUtU1pmN2d5NWpNTmlMUVplX0V1ZEUydWxVYTg?oc=5\" target=\"_blank\" rel=\"nofollow noopener\">Ustawa \u0142a\u0144cuchowa, czyli dlaczego prawa zwierz\u0105t znowu przegra\u0142y [opinia]<\/a>&nbsp;&nbsp;GazetaPrawna.pl<\/li>\n<li><a href=\"https:\/\/news.google.com\/rss\/articles\/CBMipwFBVV95cUxQY0FLNGgzaFBKNTV3cG9WeFBwNnZ2UlAwVlRqQzhFOHlzcnFTOTdkLXNma2lDTE5ZQWNtUmtDaGU2ZGI5ajVyUmZXbzZra2NJN0dHQ3lMSTk0QWhjWlVfV3BVNGpqSWhmNWFqTlBZSmlsZTJ4MHdFeFpLWVNBUnVqcHpZYlFyQXY5bWUzQW1Ua0F1ajMwY3J2eGkzb2RxSmpVSnVhejQ0WQ?oc=5\" target=\"_blank\" rel=\"nofollow noopener\">Donald Tusk ostro uderza w Karola Nawrockiego. &#8222;To jest katastrofa&#8221;<\/a>&nbsp;&nbsp;Onet Wiadomo\u015bci<\/li>\n<li><a href=\"https:\/\/news.google.com\/rss\/articles\/CBMijgFBVV95cUxNNVVkM2FrZ0RBRW5iZ0tpcENjR1ZkTmV5X2UyODd5aDJIeldBNWFESU1XMjZ6M09aRFBJcUgtR1hzYU5uTk5IMTAtX291XzRxZHVycDdVQmlZYUhUMW1pU2N0MkpXb2xwal85RjJtUEpZVldkdFBub252ejlmX1ZHUmJScHpRaHd1azh2WllB?oc=5\" target=\"_blank\" rel=\"nofollow noopener\">Stop \u0142a\u0144cuchom! Marsz dla zwierz\u0105t w stolicy<\/a>&nbsp;&nbsp;OKO.press<\/li>\n<\/ol>\n","protected":false},"excerpt":{"rendered":"&#8222;Tusk szkodzi bardziej ni\u017c Braun&#8221;. Premier reaguje na s\u0142owa prezydenta&nbsp;&nbsp;Onet Nawrocki skrytykowa\u0142 Tuska. Premier: od dzi\u015b nikt nie&hellip;\n","protected":false},"author":2,"featured_media":153045,"comment_status":"","ping_status":"","sticky":false,"template":"","format":"standard","meta":{"footnotes":""},"categories":[5],"tags":[32,33,200,36,37,7514,27,240,34,35,28,31,53,25,52,68,51,55,42,38,40,39,41,47,1998,29,30,65,50,26],"class_list":{"0":"post-153044","1":"post","2":"type-post","3":"status-publish","4":"format-standard","5":"has-post-thumbnail","7":"category-naglowki","8":"tag-breaking-news","9":"tag-breakingnews","10":"tag-donald_tusk_polityk","11":"tag-featured-news","12":"tag-featurednews","13":"tag-grzegorz_braun_polityk_rezyser","14":"tag-headlines","15":"tag-karol_nawrocki_prezydent","16":"tag-latest-news","17":"tag-latestnews","18":"tag-naglowki","19":"tag-najwazniejsze-artykuly","20":"tag-new_header","21":"tag-news","22":"tag-onet3","23":"tag-onet3d","24":"tag-onet3d_2i","25":"tag-phx","26":"tag-pl","27":"tag-poland","28":"tag-polish","29":"tag-polska","30":"tag-polski","31":"tag-screening_general","32":"tag-short_news","33":"tag-top-stories","34":"tag-topstories","35":"tag-update_me","36":"tag-v2021","37":"tag-wiadomosci"},"share_on_mastodon":{"url":"https:\/\/pubeurope.com\/@pl\/115726099737945218","error":""},"_links":{"self":[{"href":"https:\/\/www.europesays.com\/pl\/wp-json\/wp\/v2\/posts\/153044","targetHints":{"allow":["GET"]}}],"collection":[{"href":"https:\/\/www.europesays.com\/pl\/wp-json\/wp\/v2\/posts"}],"about":[{"href":"https:\/\/www.europesays.com\/pl\/wp-json\/wp\/v2\/types\/post"}],"author":[{"embeddable":true,"href":"https:\/\/www.europesays.com\/pl\/wp-json\/wp\/v2\/users\/2"}],"replies":[{"embeddable":true,"href":"https:\/\/www.europesays.com\/pl\/wp-json\/wp\/v2\/comments?post=153044"}],"version-history":[{"count":0,"href":"https:\/\/www.europesays.com\/pl\/wp-json\/wp\/v2\/posts\/153044\/revisions"}],"wp:featuredmedia":[{"embeddable":true,"href":"https:\/\/www.europesays.com\/pl\/wp-json\/wp\/v2\/media\/153045"}],"wp:attachment":[{"href":"https:\/\/www.europesays.com\/pl\/wp-json\/wp\/v2\/media?parent=153044"}],"wp:term":[{"taxonomy":"category","embeddable":true,"href":"https:\/\/www.europesays.com\/pl\/wp-json\/wp\/v2\/categories?post=153044"},{"taxonomy":"post_tag","embeddable":true,"href":"https:\/\/www.europesays.com\/pl\/wp-json\/wp\/v2\/tags?post=153044"}],"curies":[{"name":"wp","href":"https:\/\/api.w.org\/{rel}","templated":true}]}}