{"id":153046,"date":"2025-12-15T23:08:07","date_gmt":"2025-12-15T23:08:07","guid":{"rendered":"https:\/\/www.europesays.com\/pl\/153046\/"},"modified":"2025-12-15T23:08:07","modified_gmt":"2025-12-15T23:08:07","slug":"fc-barcelona-zareagowala-na-deklaracje-roberta-lewandowskiego-polak-musi-poczekac-na-kluczowa-decyzje-sport-tvp-pl","status":"publish","type":"post","link":"https:\/\/www.europesays.com\/pl\/153046\/","title":{"rendered":"FC Barcelona zareagowa\u0142a na deklaracj\u0119 Roberta Lewandowskiego. Polak musi poczeka\u0107 na kluczow\u0105 decyzj\u0119 &#8211; sport.tvp.pl"},"content":{"rendered":"<ol>\n<li><a href=\"https:\/\/news.google.com\/rss\/articles\/CBMiywFBVV95cUxNOXRxcjJTanhBZ0lWY184eDBQOFY1TzBUcmEybmVxNnlMbkZDalQ4WVQteUVyUGpYLUR1Y3VJMHdKWmlkZlppRnZPSm9uTjQ1bld6bUg0cTZpQXE0SHZyR0NNQkJuTGFFWWJrdHBsSzJuZ1FBNXk1dFZJbE9rS1FNN0hqSWhBQk1lQ0gtUUlmM3NLR0djd3lLR1VXU0o0N2JnMVJSY3g5bDJaSUxiUlV0djJJTnhGeUk0UWJjd2M5b3BzbngtbnpSWFA4SdIB0AFBVV95cUxNLWVBUURlN0IxREZoVFg4akdBVE9YV2JreVpXR2Q5a2lncVlZZXhVWXhrYTdNRzdLOURBdnNxWU9RbkU3ZW14VFQ4anQyeG1od0dmc2xKQXNZQkhvLXN1Ri1CakpUR2Qwa1YxUWg3TUwySDZCeWxwbEhzbUpoZm1OSHU4VTJLRFRUNW1Pc3h6Vnh0aGdBQmJ5ZmRIbHNRUFJ2OGtWN1pCTzJFMVM2QUdCaVU5RmNtZUc3UWZYcFhuQ0JhUjdNRVh4OWZFeXRJZ0Jz?oc=5\" target=\"_blank\" rel=\"nofollow noopener\">FC Barcelona zareagowa\u0142a na deklaracj\u0119 Roberta Lewandowskiego. Polak musi poczeka\u0107 na kluczow\u0105 decyzj\u0119<\/a>&nbsp;&nbsp;sport.tvp.pl<\/li>\n<li><a href=\"https:\/\/news.google.com\/rss\/articles\/CBMiygFBVV95cUxNOGw2Vy1xYm9qRjR3ZlotTHlrV19UWFVLcjdYQm1JNFVEdTFrLTMwcFRrZERiUjFrTEI1d1I2bVdzT0N4UnhTSDVHR19kODZwZm0wcHRZT2JiMGpsVklYeDFUWmhlUVl3bmJENUVqOHA3WElRSkc4TTNYSl9KWjBtREYwNHJqRFladVdoR2d5bmNkNVctOFJxR2VRT3pMNlRqTlB5OVdOcXJBdjQ3aXRobWJwenJFd0M1Sjc1ZF81UVFndUdfUUtpakhR?oc=5\" target=\"_blank\" rel=\"nofollow noopener\">Sensacyjny kandydat do \u015bci\u0105gni\u0119cia Roberta Lewandowskiego. &#8222;Szukali domu&#8221;<\/a>&nbsp;&nbsp;Przegl\u0105d Sportowy Onet<\/li>\n<li><a href=\"https:\/\/news.google.com\/rss\/articles\/CBMiugFBVV95cUxQZnU2bjNZOGNnYVlLMi1sZW54YVd2NFZXd1lVbzNPejdxWnpsaVNEYWNIQzdPdlhzYkprMVBwd2RXT3RDRTduT0JNU3FRX2tJODg0YWNzbmhMeHVzZEc1OHpETHJ1b3VGNXJmOXJ2MkpIRFFsWDlxeUZjUHBQUGw3X2FJa29oRlpZamZxa21iR0R6LWNCZ0hVWmFtYlN6OUlqcWtzV2Y0eXJaOGQ0QjNLREthaTM4RlFJTkE?oc=5\" target=\"_blank\" rel=\"nofollow noopener\">Media: Lewandowski podj\u0105\u0142 decyzj\u0119 ws. przysz\u0142o\u015bci. Jest reakcja Barcelony<\/a>&nbsp;&nbsp;SportoweFakty<\/li>\n<li><a href=\"https:\/\/news.google.com\/rss\/articles\/CBMivwFBVV95cUxNNWY2YnhMcks5MU9pX3pMOXp1NHNaR3lFeC1YOUVnZlVlMHFaWXh6aGRURFpZS3U0QlNJNHRlUlhiOHU2bWRIVk1hMjhlR3hWMGZKMFNzNWw3QWNrLXU5cnBCMUxWQ1c4QTczM19SYXMwWGZHbHNzVFpWQXFCUU5xaWc3dXljbk9CVDVkSko2Vm5DS240SFNpU0JmMXNDVm9fNXdlTGVWRmtKTVZ1WVlQbEZkcGJ6SUp4RkNaMEl5VQ?oc=5\" target=\"_blank\" rel=\"nofollow noopener\">Chc\u0105 przeprowadzki Lewandowskiego. Podj\u0119to pierwsze kroki. Sensacyjny zwrot<\/a>&nbsp;&nbsp;Sport w INTERIA.PL<\/li>\n<li><a href=\"https:\/\/news.google.com\/rss\/articles\/CBMipgFBVV95cUxPTzBkbGhJS3V0YzRpZ1N6NVNkNHdpOFJRMTY5ZklNazNiejg5REJzLW45RjEyc1dkNkZ6MmZuWk1QOHc3aHFNLTVTdzBFTmJCVXdSTDl1dDNkSEhHUm9zMi1sUEhNQWZNb0hOYXVoNjlyWXFFRTlVQ2phck5wZ1JPUzQtRmU3UFFJMkhrSk0weHUxcWJXRm9ORWZlbGJSMncyQkZud21R?oc=5\" target=\"_blank\" rel=\"nofollow noopener\">Lewandowski zostanie w Barcelonie?! Oto kluczowy warunek<\/a>&nbsp;&nbsp;Sport.pl<\/li>\n<\/ol>\n","protected":false},"excerpt":{"rendered":"FC Barcelona zareagowa\u0142a na deklaracj\u0119 Roberta Lewandowskiego. Polak musi poczeka\u0107 na kluczow\u0105 decyzj\u0119&nbsp;&nbsp;sport.tvp.pl Sensacyjny kandydat do \u015bci\u0105gni\u0119cia Roberta&hellip;\n","protected":false},"author":2,"featured_media":153047,"comment_status":"","ping_status":"","sticky":false,"template":"","format":"standard","meta":{"footnotes":""},"categories":[24],"tags":[272,269,42,38,40,39,41,273,127,334,126],"class_list":{"0":"post-153046","1":"post","2":"type-post","3":"status-publish","4":"format-standard","5":"has-post-thumbnail","7":"category-sport","8":"tag-fc-barcelona","9":"tag-pilka-nozna","10":"tag-pl","11":"tag-poland","12":"tag-polish","13":"tag-polska","14":"tag-polski","15":"tag-robert-lewandowski","16":"tag-sport","17":"tag-sport-tvp-pl","18":"tag-sports"},"share_on_mastodon":{"url":"https:\/\/pubeurope.com\/@pl\/115726103566343353","error":""},"_links":{"self":[{"href":"https:\/\/www.europesays.com\/pl\/wp-json\/wp\/v2\/posts\/153046","targetHints":{"allow":["GET"]}}],"collection":[{"href":"https:\/\/www.europesays.com\/pl\/wp-json\/wp\/v2\/posts"}],"about":[{"href":"https:\/\/www.europesays.com\/pl\/wp-json\/wp\/v2\/types\/post"}],"author":[{"embeddable":true,"href":"https:\/\/www.europesays.com\/pl\/wp-json\/wp\/v2\/users\/2"}],"replies":[{"embeddable":true,"href":"https:\/\/www.europesays.com\/pl\/wp-json\/wp\/v2\/comments?post=153046"}],"version-history":[{"count":0,"href":"https:\/\/www.europesays.com\/pl\/wp-json\/wp\/v2\/posts\/153046\/revisions"}],"wp:featuredmedia":[{"embeddable":true,"href":"https:\/\/www.europesays.com\/pl\/wp-json\/wp\/v2\/media\/153047"}],"wp:attachment":[{"href":"https:\/\/www.europesays.com\/pl\/wp-json\/wp\/v2\/media?parent=153046"}],"wp:term":[{"taxonomy":"category","embeddable":true,"href":"https:\/\/www.europesays.com\/pl\/wp-json\/wp\/v2\/categories?post=153046"},{"taxonomy":"post_tag","embeddable":true,"href":"https:\/\/www.europesays.com\/pl\/wp-json\/wp\/v2\/tags?post=153046"}],"curies":[{"name":"wp","href":"https:\/\/api.w.org\/{rel}","templated":true}]}}