{"id":153048,"date":"2025-12-15T23:12:16","date_gmt":"2025-12-15T23:12:16","guid":{"rendered":"https:\/\/www.europesays.com\/pl\/153048\/"},"modified":"2025-12-15T23:12:16","modified_gmt":"2025-12-15T23:12:16","slug":"ekstremalne-zagrozenie-dla-zycia-w-hiszpanii-wydano-czerwony-alert-2","status":"publish","type":"post","link":"https:\/\/www.europesays.com\/pl\/153048\/","title":{"rendered":"\u201eEkstremalne zagro\u017cenie dla \u017cycia\u201d. W Hiszpanii wydano czerwony alert"},"content":{"rendered":"<p class=\"ods-c-paragraph \">Hiszpa\u0144ska agencja meteorologiczna Aemet poinformowa\u0142a o nadchodz\u0105cych gwa\u0142townych zjawiskach atmosferycznych, kt\u00f3re maj\u0105 obj\u0105\u0107 po\u0142udniow\u0105 i wschodni\u0105 cz\u0119\u015b\u0107 kraju. W zwi\u0105zku z burz\u0105 Emilia wprowadzono czerwone alerty pogodowe dla wybrze\u017ca Walencji oraz doliny Almanzora i Los V\u00e9lez w prowincji Almer\u00eda. Ten najwy\u017cszy stopie\u0144 ostrze\u017cenia oznacza &#8222;ekstremalne zagro\u017cenie dla \u017cycia&#8221; i przewiduje powa\u017cne utrudnienia w najbli\u017cszych dniach.<\/p>\n<p> Jakie regiony Hiszpanii obj\u0119te s\u0105 czerwonym alertem pogodowym? <\/p>\n<p> Ile deszczu przewiduje si\u0119 w Walencji? <\/p>\n<p> Czy s\u0105 jakiekolwiek ostrze\u017cenia dotycz\u0105ce innych region\u00f3w? <\/p>\n<p> Jakie zalecenia wydano dla os\u00f3b mieszkaj\u0105cych w zagro\u017conych obszarach? <\/p>\n<p class=\"ods-c-paragraph \">Wed\u0142ug prognoz w Walencji mo\u017ce spa\u015b\u0107 ponad 250 mm deszczu mi\u0119dzy niedziel\u0105 a poniedzia\u0142kiem, co budzi szczeg\u00f3lny niepok\u00f3j w kontek\u015bcie <a href=\"https:\/\/wiadomosci.onet.pl\/kraj\/dlaczego-powodzie-w-hiszpanii-pochlonely-wiecej-ofiar-niz-w-polsce-eksperci-tlumacza\/e8kqy9v\" id=\"ba313104-1851-4de8-a298-5501083532b7\" rel=\"nofollow noopener\" target=\"_blank\">tragicznych powodzi sprzed roku, kt\u00f3re poch\u0142on\u0119\u0142y ponad 200 ofiar<\/a>. Synoptycy ostrzegaj\u0105, \u017ce w ci\u0105gu zaledwie 12 godzin opady mog\u0105 osi\u0105gn\u0105\u0107 180 mm, zwi\u0119kszaj\u0105c ryzyko gwa\u0142townych powodzi, tr\u0105b wodnych, a nawet niewielkich tornad. W prowincji Almer\u00eda przewidywane s\u0105 opady rz\u0119du 120 mm.<\/p>\n<p class=\"ods-c-paragraph \">Opr\u00f3cz czerwonych alert\u00f3w obowi\u0105zuj\u0105 r\u00f3wnie\u017c ostrze\u017cenia \u017c\u00f3\u0142te dla region\u00f3w Castell\u00f3n, Alicante oraz cz\u0119\u015bci wybrze\u017ca Almerii. Wschodnia Andaluzja zosta\u0142a obj\u0119ta systemem powiadomie\u0144 Es-Alert, kt\u00f3ry wysy\u0142a pilne komunikaty na telefony kom\u00f3rkowe mieszka\u0144c\u00f3w i turyst\u00f3w. Andaluzyjska Agencja Zarz\u0105dzania Kryzysowego wyda\u0142a dodatkowe ostrze\u017cenia dla 36 gmin w Almerii, szczeg\u00f3lnie w dolinie Almanzora i Los V\u00e9lez.<\/p>\n<p class=\"ods-c-paragraph \">Ekstremalne warunki pogodowe ju\u017c spowodowa\u0142y zak\u0142\u00f3cenia w \u017cyciu publicznym \u2014 odwo\u0142ano m.in. niedzielny mecz LaLiga pomi\u0119dzy Levante i Alicante. W\u0142adze apeluj\u0105 o unikanie zb\u0119dnych podr\u00f3\u017cy, trzymanie si\u0119 z dala od koryt rzek oraz przestrzeganie zamkni\u0119\u0107 dr\u00f3g. Osobom mieszkaj\u0105cym na terenach zagro\u017conych podtopieniami zaleca si\u0119 przeniesienie na wy\u017csze pi\u0119tra lub poszukiwanie bezpiecznych miejsc, a w razie potrzeby kontakt z numerem alarmowym 112.<\/p>\n<p class=\"ods-c-paragraph \">S\u0142u\u017cby ratunkowe przypominaj\u0105, aby nie prowadzi\u0107 pojazd\u00f3w w czasie powodzi, unika\u0107 przejazdu przez zalane drogi, dostosowa\u0107 pr\u0119dko\u015b\u0107 do warunk\u00f3w i opu\u015bci\u0107 samoch\u00f3d, gdy poziom wody przekroczy wysoko\u015b\u0107 osi k\u00f3\u0142.<\/p>\n","protected":false},"excerpt":{"rendered":"Hiszpa\u0144ska agencja meteorologiczna Aemet poinformowa\u0142a o nadchodz\u0105cych gwa\u0142townych zjawiskach atmosferycznych, kt\u00f3re maj\u0105 obj\u0105\u0107 po\u0142udniow\u0105 i wschodni\u0105 cz\u0119\u015b\u0107 kraju.&hellip;\n","protected":false},"author":2,"featured_media":153049,"comment_status":"","ping_status":"","sticky":false,"template":"","format":"standard","meta":{"footnotes":""},"categories":[14],"tags":[210,32,33,168,27,267,34,35,28,31,48,25,46,40,41,4796,47,80,29,30,26,82,83,84],"class_list":{"0":"post-153048","1":"post","2":"type-post","3":"status-publish","4":"format-standard","5":"has-post-thumbnail","7":"category-swiat","8":"tag-aktualnosci","9":"tag-breaking-news","10":"tag-breakingnews","11":"tag-burza","12":"tag-headlines","13":"tag-hiszpania","14":"tag-latest-news","15":"tag-latestnews","16":"tag-naglowki","17":"tag-najwazniejsze-artykuly","18":"tag-nat_styl","19":"tag-news","20":"tag-omp","21":"tag-polish","22":"tag-polski","23":"tag-powodz","24":"tag-screening_general","25":"tag-swiat","26":"tag-top-stories","27":"tag-topstories","28":"tag-wiadomosci","29":"tag-world","30":"tag-world-news","31":"tag-worldnews"},"share_on_mastodon":{"url":"https:\/\/pubeurope.com\/@pl\/115726119359823290","error":""},"_links":{"self":[{"href":"https:\/\/www.europesays.com\/pl\/wp-json\/wp\/v2\/posts\/153048","targetHints":{"allow":["GET"]}}],"collection":[{"href":"https:\/\/www.europesays.com\/pl\/wp-json\/wp\/v2\/posts"}],"about":[{"href":"https:\/\/www.europesays.com\/pl\/wp-json\/wp\/v2\/types\/post"}],"author":[{"embeddable":true,"href":"https:\/\/www.europesays.com\/pl\/wp-json\/wp\/v2\/users\/2"}],"replies":[{"embeddable":true,"href":"https:\/\/www.europesays.com\/pl\/wp-json\/wp\/v2\/comments?post=153048"}],"version-history":[{"count":0,"href":"https:\/\/www.europesays.com\/pl\/wp-json\/wp\/v2\/posts\/153048\/revisions"}],"wp:featuredmedia":[{"embeddable":true,"href":"https:\/\/www.europesays.com\/pl\/wp-json\/wp\/v2\/media\/153049"}],"wp:attachment":[{"href":"https:\/\/www.europesays.com\/pl\/wp-json\/wp\/v2\/media?parent=153048"}],"wp:term":[{"taxonomy":"category","embeddable":true,"href":"https:\/\/www.europesays.com\/pl\/wp-json\/wp\/v2\/categories?post=153048"},{"taxonomy":"post_tag","embeddable":true,"href":"https:\/\/www.europesays.com\/pl\/wp-json\/wp\/v2\/tags?post=153048"}],"curies":[{"name":"wp","href":"https:\/\/api.w.org\/{rel}","templated":true}]}}