{"id":153050,"date":"2025-12-15T23:13:07","date_gmt":"2025-12-15T23:13:07","guid":{"rendered":"https:\/\/www.europesays.com\/pl\/153050\/"},"modified":"2025-12-15T23:13:07","modified_gmt":"2025-12-15T23:13:07","slug":"44-latek-zatrzymany-na-lotnisku-chopina-byl-poszukiwany-przez-interpol","status":"publish","type":"post","link":"https:\/\/www.europesays.com\/pl\/153050\/","title":{"rendered":"44-latek zatrzymany na Lotnisku Chopina. By\u0142 poszukiwany przez Interpol"},"content":{"rendered":"<p class=\"ods-c-paragraph \">Do zatrzymania dosz\u0142o w ostatni\u0105 niedziel\u0119, 14 grudnia. Jak informuje<a href=\"https:\/\/wiadomosci.onet.pl\/straz-graniczna\" id=\"7fb59616-3d27-48b7-acac-16fd30dcb082\" rel=\"nofollow noopener\" target=\"_blank\"> Stra\u017c Graniczna<\/a>, m\u0119\u017cczyzna zosta\u0142 zatrzymany po przylocie z Miami. Jest poszukiwany czerwon\u0105 not\u0105 Interpolu wydan\u0105 przez polskie w\u0142adze w zwi\u0105zku z pope\u0142nionymi oszustwami. To jednak nie wszystko. Wydano za nim r\u00f3wnie\u017c europejski nakaz aresztowania (ENA). Jak podaje Stra\u017c Graniczna, za przest\u0119pstwa przeciwko porz\u0105dkowi oraz bezpiecze\u0144stwu publicznemu.<\/p>\n<p>Dalszy ci\u0105g artyku\u0142u pod materia\u0142em wideo<\/p>\n<p> Dlaczego 44-latek by\u0142 poszukiwany przez Interpol? <\/p>\n<p> Co to jest czerwona nota Interpolu? <\/p>\n<p> Gdzie zosta\u0142 zatrzymany m\u0119\u017cczyzna? <\/p>\n<p> Co stanie si\u0119 z zatrzymanym m\u0119\u017cczyzn\u0105 po aresztowaniu? <\/p>\n<p>  44-latek zatrzymany na Lotnisku Chopina w Warszawie. By\u0142 poszukiwany czerwon\u0105 not\u0105 Interpolu   <\/p>\n<p class=\"ods-c-paragraph \">Podczas czynno\u015bci na lotnisku w Warszawie funkcjonariusze Stra\u017cy Granicznej potwierdzili, \u017ce poszukiwania 44-latka s\u0105 aktualne. M\u0119\u017cczyzna po zatrzymaniu zosta\u0142 przewieziony konwojem do pomieszcze\u0144 dla os\u00f3b zatrzymanych przy plac\u00f3wce Stra\u017cy Granicznej w Warszawie. Zgodnie z obowi\u0105zuj\u0105cymi procedurami ma teraz trafi\u0107 do jednego z areszt\u00f3w \u015bledczych. Pozostanie w nim do dalszej dyspozycji w\u0142a\u015bciwych organ\u00f3w wymiaru sprawiedliwo\u015bci.<\/p>\n<p class=\"ods-c-paragraph \">Czerwona nota Interpolu jest rodzajem listu go\u0144czego wystawianego przez t\u0119 mi\u0119dzynarodow\u0105 organizacj\u0119 policji, kt\u00f3ra pomaga organom \u015bcigania w walce z wszelkimi formami przest\u0119pczo\u015bci. Dzia\u0142a w prawie 200 krajach.<\/p>\n<p class=\"ods-c-paragraph \">G\u0142\u00f3wnym celem wystawienia za kim\u015b czerwonej noty Interpolu jest wzmocnienie poszukiwa\u0144 krajowych prowadzonych w celu zatrzymania, tymczasowego aresztowania oraz ekstradycji poszukiwanej osoby. Wystawiana jest w przypadku tych, kt\u00f3rzy dopu\u015bcili si\u0119 najci\u0119\u017cszych przest\u0119pstw, jak np. morderstwa, gwa\u0142tu ze szczeg\u00f3lnym okrucie\u0144stwem, udzia\u0142u w zorganizowanych grupach przest\u0119pczych czy dzia\u0142alno\u015bci narkotykowej.<\/p>\n","protected":false},"excerpt":{"rendered":"Do zatrzymania dosz\u0142o w ostatni\u0105 niedziel\u0119, 14 grudnia. Jak informuje Stra\u017c Graniczna, m\u0119\u017cczyzna zosta\u0142 zatrzymany po przylocie z&hellip;\n","protected":false},"author":2,"featured_media":153051,"comment_status":"","ping_status":"","sticky":false,"template":"","format":"standard","meta":{"footnotes":""},"categories":[12],"tags":[32,33,4893,36,37,27,10907,34,35,14857,28,31,48,25,46,42,38,40,39,41,47,515,29,30,435,26,14428],"class_list":{"0":"post-153050","1":"post","2":"type-post","3":"status-publish","4":"format-standard","5":"has-post-thumbnail","7":"category-polska","8":"tag-breaking-news","9":"tag-breakingnews","10":"tag-ena","11":"tag-featured-news","12":"tag-featurednews","13":"tag-headlines","14":"tag-interpol_policja","15":"tag-latest-news","16":"tag-latestnews","17":"tag-lotnisko_okecie","18":"tag-naglowki","19":"tag-najwazniejsze-artykuly","20":"tag-nat_styl","21":"tag-news","22":"tag-omp","23":"tag-pl","24":"tag-poland","25":"tag-polish","26":"tag-polska","27":"tag-polski","28":"tag-screening_general","29":"tag-straz_graniczna","30":"tag-top-stories","31":"tag-topstories","32":"tag-warszawa","33":"tag-wiadomosci","34":"tag-zatrzymania"},"share_on_mastodon":{"url":"https:\/\/pubeurope.com\/@pl\/115726123788501047","error":""},"_links":{"self":[{"href":"https:\/\/www.europesays.com\/pl\/wp-json\/wp\/v2\/posts\/153050","targetHints":{"allow":["GET"]}}],"collection":[{"href":"https:\/\/www.europesays.com\/pl\/wp-json\/wp\/v2\/posts"}],"about":[{"href":"https:\/\/www.europesays.com\/pl\/wp-json\/wp\/v2\/types\/post"}],"author":[{"embeddable":true,"href":"https:\/\/www.europesays.com\/pl\/wp-json\/wp\/v2\/users\/2"}],"replies":[{"embeddable":true,"href":"https:\/\/www.europesays.com\/pl\/wp-json\/wp\/v2\/comments?post=153050"}],"version-history":[{"count":0,"href":"https:\/\/www.europesays.com\/pl\/wp-json\/wp\/v2\/posts\/153050\/revisions"}],"wp:featuredmedia":[{"embeddable":true,"href":"https:\/\/www.europesays.com\/pl\/wp-json\/wp\/v2\/media\/153051"}],"wp:attachment":[{"href":"https:\/\/www.europesays.com\/pl\/wp-json\/wp\/v2\/media?parent=153050"}],"wp:term":[{"taxonomy":"category","embeddable":true,"href":"https:\/\/www.europesays.com\/pl\/wp-json\/wp\/v2\/categories?post=153050"},{"taxonomy":"post_tag","embeddable":true,"href":"https:\/\/www.europesays.com\/pl\/wp-json\/wp\/v2\/tags?post=153050"}],"curies":[{"name":"wp","href":"https:\/\/api.w.org\/{rel}","templated":true}]}}