{"id":153054,"date":"2025-12-15T23:15:10","date_gmt":"2025-12-15T23:15:10","guid":{"rendered":"https:\/\/www.europesays.com\/pl\/153054\/"},"modified":"2025-12-15T23:15:10","modified_gmt":"2025-12-15T23:15:10","slug":"lukasz-maslowski-po-niego-wroci-to-moze-byc-pierwszy-transfer-jagiellonii-bialystok","status":"publish","type":"post","link":"https:\/\/www.europesays.com\/pl\/153054\/","title":{"rendered":"\u0141ukasz Mas\u0142owski po niego wr\u00f3ci?! To mo\u017ce by\u0107 pierwszy transfer Jagiellonii Bia\u0142ystok"},"content":{"rendered":"\n<p class=\"lead\"> Zima mo\u017ce by\u0107 intensywnym okresem dla Jagiellonii Bia\u0142ystok. \u201eDuma Podlasia\u201d szykuje si\u0119 do walki o jak najlepsze wyniki w Ekstraklasie i Lidze Konferencji. Niewykluczone, \u017ce jako pierwszy do klubu trafi zawodnik, kt\u00f3ry znajduje si\u0119 na radarze \u0141ukasza Mas\u0142owskiego ju\u017c od jakiego\u015b czasu. <\/p>\n<p>Wszystko wskazuje na to, \u017ce dru\u017cyn\u0119 Adriana Siemie\u0144ca czeka walka na dw\u00f3ch frontach. \u201eJaga\u201d wci\u0105\u017c ma spore szans\u0119 na mistrzostwo Polski, a do tego najprawdopodobniej zamelduje si\u0119 w 1\/16 fina\u0142u Ligi Konferencji.<\/p>\n<p>Chocia\u017c szkoleniowiec <a href=\"https:\/\/transfery.info\/aktualnosci\/chce-jako-maz-i-ojciec-stanac-w-obronie-mojej-rodziny-adrian-siemieniec-w-mocnych-slowach-o-sytuacji-z-rafalem-grzybem\/261048\" rel=\"nofollow noopener\" target=\"_blank\">mia\u0142 ostatnio troch\u0119 problem\u00f3w pozaboiskowych<\/a>, musi razem z \u0141ukaszem Mas\u0142owskim znale\u017a\u0107 spos\u00f3b na wzmocnienie zespo\u0142u.<\/p>\n<p><a href=\"https:\/\/transfery.info\/aktualnosci\/tego-mozna-spodziewac-sie-po-jagiellonii-bialystok-podczas-zimowego-okna-transferowego\/261109\" rel=\"nofollow noopener\" target=\"_blank\">Wiadomo ju\u017c, \u017ce \u201eDuma Podlasia\u201d mo\u017ce poszuka\u0107 przynajmniej jednego transferu, kt\u00f3ry wzmocni kadr\u0119 w europejskich pucharach, o czym informowa\u0142 Kuba Seweryn.<\/a>   <\/p>\n<p> Popularne <\/p>\n<\/p>\n<p>Nale\u017cy jednak oczekiwa\u0107, \u017ce klub zadba te\u017c o poszerzenie kadry. Jednym z kandydat\u00f3w na przenosiny do Bia\u0142egostoku jest w tej sytuacji Cyprian Popielec z Zag\u0142\u0119bia Lubin.<\/p>\n<p>18-latek znajduje si\u0119 na radarze Jagiellonii ju\u017c od miesi\u0119cy. M\u00f3g\u0142 zmieni\u0107 barwy wcze\u015bniej, ale \u201eMiedziowi\u201d <a href=\"https:\/\/transfery.info\/aktualnosci\/cel-transferowy-jagiellonii-bialystok-blokowany-przez-klub-nie-zostanie-sprzedany-do-innego-polskiego-zespolu\/253671\" rel=\"nofollow noopener\" target=\"_blank\">blokowali dotychczas ten ruch<\/a>, licz\u0105c, \u017ce uda si\u0119 zatrzyma\u0107 go na d\u0142u\u017cej.<\/p>\n<p>Ekipa ze \u015al\u0105ska nie postawi\u0142a jednak odwa\u017cniej na utalentowanego zawodnika. W Ekstraklasie rozegra\u0142 w tym sezonie zaledwie minut\u0119. Nieco lepiej\u00a0wygl\u0105da\u0142o to w trzecioligowych rezerwach, gdzie ofensywny pomocnik w o\u015bmiu wyst\u0119pach zdoby\u0142 cztery gole i rozda\u0142 dwie asysty.<\/p>\n<p>Po tej kampanii jego umowa z Zag\u0142\u0119biem wygasa, wi\u0119c to ostatni moment na zarobienie na nim jakichkolwiek pieni\u0119dzy.<\/p>\n<p>Niewykluczone, \u017ce tym razem Popielec wyl\u0105duje w Bia\u0142ymstoku. Sam zawodnik powinien pozytywnie zapatrywa\u0107 si\u0119 na taki ruch, maj\u0105c przed oczami chocia\u017cby przyk\u0142ad Oskara Pietuszewskiego, kt\u00f3ry w Jagiellonii rozwin\u0105\u0142 skrzyd\u0142a.<\/p>\n","protected":false},"excerpt":{"rendered":"Zima mo\u017ce by\u0107 intensywnym okresem dla Jagiellonii Bia\u0142ystok. \u201eDuma Podlasia\u201d szykuje si\u0119 do walki o jak najlepsze wyniki&hellip;\n","protected":false},"author":2,"featured_media":153055,"comment_status":"","ping_status":"","sticky":false,"template":"","format":"standard","meta":{"footnotes":""},"categories":[24],"tags":[42,38,40,39,41,127,126],"class_list":{"0":"post-153054","1":"post","2":"type-post","3":"status-publish","4":"format-standard","5":"has-post-thumbnail","7":"category-sport","8":"tag-pl","9":"tag-poland","10":"tag-polish","11":"tag-polska","12":"tag-polski","13":"tag-sport","14":"tag-sports"},"share_on_mastodon":{"url":"https:\/\/pubeurope.com\/@pl\/115726131202198678","error":""},"_links":{"self":[{"href":"https:\/\/www.europesays.com\/pl\/wp-json\/wp\/v2\/posts\/153054","targetHints":{"allow":["GET"]}}],"collection":[{"href":"https:\/\/www.europesays.com\/pl\/wp-json\/wp\/v2\/posts"}],"about":[{"href":"https:\/\/www.europesays.com\/pl\/wp-json\/wp\/v2\/types\/post"}],"author":[{"embeddable":true,"href":"https:\/\/www.europesays.com\/pl\/wp-json\/wp\/v2\/users\/2"}],"replies":[{"embeddable":true,"href":"https:\/\/www.europesays.com\/pl\/wp-json\/wp\/v2\/comments?post=153054"}],"version-history":[{"count":0,"href":"https:\/\/www.europesays.com\/pl\/wp-json\/wp\/v2\/posts\/153054\/revisions"}],"wp:featuredmedia":[{"embeddable":true,"href":"https:\/\/www.europesays.com\/pl\/wp-json\/wp\/v2\/media\/153055"}],"wp:attachment":[{"href":"https:\/\/www.europesays.com\/pl\/wp-json\/wp\/v2\/media?parent=153054"}],"wp:term":[{"taxonomy":"category","embeddable":true,"href":"https:\/\/www.europesays.com\/pl\/wp-json\/wp\/v2\/categories?post=153054"},{"taxonomy":"post_tag","embeddable":true,"href":"https:\/\/www.europesays.com\/pl\/wp-json\/wp\/v2\/tags?post=153054"}],"curies":[{"name":"wp","href":"https:\/\/api.w.org\/{rel}","templated":true}]}}