{"id":153058,"date":"2025-12-15T23:19:12","date_gmt":"2025-12-15T23:19:12","guid":{"rendered":"https:\/\/www.europesays.com\/pl\/153058\/"},"modified":"2025-12-15T23:19:12","modified_gmt":"2025-12-15T23:19:12","slug":"tureckie-f-16-zestrzelily-drona-nad-morzem-czarnym","status":"publish","type":"post","link":"https:\/\/www.europesays.com\/pl\/153058\/","title":{"rendered":"Tureckie F-16 zestrzeli\u0142y drona nad Morzem Czarnym"},"content":{"rendered":"<p>Tureckie my\u015bliwce F-16 zestrzeli\u0142y drona nad Morzem Czarnym. Obiekt, kt\u00f3ry \u201ewymkn\u0105\u0142 si\u0119 spod kontroli\u201d, zmierza\u0142 w\u00a0kierunku granic Turcji. \u201eAby zapewni\u0107 bezpiecze\u0144stwo przestrzeni powietrznej, poderwali\u015bmy nasze F-16, nale\u017c\u0105ce do NATO i\u00a0kontrolowane przez pa\u0144stwo tureckie\u201d &#8211;\u00a0przekaza\u0142o ministerstwo obrony Turcji w\u00a0o\u015bwiadczeniu.<\/p>\n<p>&#8222;Bileciki do\u00a0kontroli&#8221;. Oto jak naprawd\u0119 wygl\u0105da praca &#8222;kanar\u00f3w&#8221; <\/p>\n<p>Resort poinformowa\u0142, \u017ce dron zosta\u0142 zestrzelony w\u00a0bezpiecznym obszarze, by unikn\u0105\u0107 negatywnych konsekwencji. \u201eUstalono, \u017ce \u015blad powietrzny to bezza\u0142ogowy statek powietrzny, kt\u00f3ry wymkn\u0105\u0142 si\u0119 spod kontroli, aby unikn\u0105\u0107 negatywnych konsekwencji, zosta\u0142 zestrzelony w\u00a0bezpiecznym obszarze poza terenami zaludnionymi\u201d &#8211;\u00a0dodano.<\/p>\n<p>Zestrzelony dron spad\u0142 na l\u0105d, a\u00a0jego identyfikacja nast\u0105pi po odzyskaniu wraku.<\/p>\n<p>Zdarzenie mia\u0142o miejsce w\u00a0kontek\u015bcie rosn\u0105cych napi\u0119\u0107 na Morzu Czarnym, gdzie trwaj\u0105 ataki si\u0142 rosyjskich i\u00a0ukrai\u0144skich. Niedawno w\u00a0podobnym ataku w\u00a0porcie w\u00a0Odessie uszkodzone zosta\u0142y trzy tureckie statki. Eksperci podaj\u0105, \u017ce si\u0142y ukrai\u0144skie przeprowadzi\u0142y ataki na tzw. \u201eflot\u0119 cieni\u201d Rosji pr\u00f3buj\u0105c\u0105 omija\u0107 sankcje.<\/p>\n<p>W\u0142adze Turcji apeluj\u0105 o\u00a0zaprzestanie atak\u00f3w na porty i\u00a0wezwa\u0142y przedstawicieli Rosji i\u00a0Ukrainy do rozm\u00f3w. Tureckie dzia\u0142ania dyplomatyczne s\u0105 odpowiedzi\u0105 na wzrastaj\u0105c\u0105 niestabilno\u015b\u0107 w\u00a0regionie.<\/p>\n","protected":false},"excerpt":{"rendered":"Tureckie my\u015bliwce F-16 zestrzeli\u0142y drona nad Morzem Czarnym. Obiekt, kt\u00f3ry \u201ewymkn\u0105\u0142 si\u0119 spod kontroli\u201d, zmierza\u0142 w\u00a0kierunku granic Turcji.&hellip;\n","protected":false},"author":2,"featured_media":153059,"comment_status":"","ping_status":"","sticky":false,"template":"","format":"standard","meta":{"footnotes":""},"categories":[14],"tags":[32,33,27,34,35,28,31,25,40,41,80,29,30,26,82,83,84],"class_list":{"0":"post-153058","1":"post","2":"type-post","3":"status-publish","4":"format-standard","5":"has-post-thumbnail","7":"category-swiat","8":"tag-breaking-news","9":"tag-breakingnews","10":"tag-headlines","11":"tag-latest-news","12":"tag-latestnews","13":"tag-naglowki","14":"tag-najwazniejsze-artykuly","15":"tag-news","16":"tag-polish","17":"tag-polski","18":"tag-swiat","19":"tag-top-stories","20":"tag-topstories","21":"tag-wiadomosci","22":"tag-world","23":"tag-world-news","24":"tag-worldnews"},"share_on_mastodon":{"url":"https:\/\/pubeurope.com\/@pl\/115726146906835446","error":""},"_links":{"self":[{"href":"https:\/\/www.europesays.com\/pl\/wp-json\/wp\/v2\/posts\/153058","targetHints":{"allow":["GET"]}}],"collection":[{"href":"https:\/\/www.europesays.com\/pl\/wp-json\/wp\/v2\/posts"}],"about":[{"href":"https:\/\/www.europesays.com\/pl\/wp-json\/wp\/v2\/types\/post"}],"author":[{"embeddable":true,"href":"https:\/\/www.europesays.com\/pl\/wp-json\/wp\/v2\/users\/2"}],"replies":[{"embeddable":true,"href":"https:\/\/www.europesays.com\/pl\/wp-json\/wp\/v2\/comments?post=153058"}],"version-history":[{"count":0,"href":"https:\/\/www.europesays.com\/pl\/wp-json\/wp\/v2\/posts\/153058\/revisions"}],"wp:featuredmedia":[{"embeddable":true,"href":"https:\/\/www.europesays.com\/pl\/wp-json\/wp\/v2\/media\/153059"}],"wp:attachment":[{"href":"https:\/\/www.europesays.com\/pl\/wp-json\/wp\/v2\/media?parent=153058"}],"wp:term":[{"taxonomy":"category","embeddable":true,"href":"https:\/\/www.europesays.com\/pl\/wp-json\/wp\/v2\/categories?post=153058"},{"taxonomy":"post_tag","embeddable":true,"href":"https:\/\/www.europesays.com\/pl\/wp-json\/wp\/v2\/tags?post=153058"}],"curies":[{"name":"wp","href":"https:\/\/api.w.org\/{rel}","templated":true}]}}