{"id":153060,"date":"2025-12-15T23:20:08","date_gmt":"2025-12-15T23:20:08","guid":{"rendered":"https:\/\/www.europesays.com\/pl\/153060\/"},"modified":"2025-12-15T23:20:08","modified_gmt":"2025-12-15T23:20:08","slug":"jacek-kurski-uderza-w-mateusza-morawieckiego-prezes-pis-reaguje-niefortunne","status":"publish","type":"post","link":"https:\/\/www.europesays.com\/pl\/153060\/","title":{"rendered":"Jacek Kurski uderza w Mateusza Morawieckiego. Prezes PiS reaguje. &#8222;Niefortunne&#8221;"},"content":{"rendered":"<p class=\"ods-c-paragraph \">\u2014 Ja s\u0105dz\u0119, \u017ce to akurat w momencie, kiedy nie tak dawno rozmawia\u0142em, z p\u00f3\u0142torej godziny temu, z Mateuszem Morawieckim i w pewnych sprawach \u017ce\u015bmy si\u0119 um\u00f3wili, jest to wydarzenie niefortunne \u2014 m\u00f3wi\u0142 Jaros\u0142aw Kaczy\u0144ski, pytany o wpis by\u0142ego prezesa TVP pod adresem Morawieckiego w trakcie rozmowy na kanale Tak! na YouTube.<\/p>\n<p> Jakie zachowania Morawieckiego skrytykowa\u0142 Jacek Kurski? <\/p>\n<p> Co s\u0105dzi Jaros\u0142aw Kaczy\u0144ski o wpisie Kurskiego? <\/p>\n<p> Jakie frakcje s\u0105 w Prawie i Sprawiedliwo\u015bci? <\/p>\n<p> Jakie oskar\u017cenia Kurski wysun\u0105\u0142 wobec Morawieckiego? <\/p>\n<p class=\"ods-c-paragraph \">Wpis Kurskiego wywo\u0142a\u0142 r\u00f3wnie\u017c inne niepochlebne reakcje na prawicy. <a href=\"https:\/\/wiadomosci.onet.pl\/kraj\/jacek-kurski-uderza-w-mateusza-morawieckiego-ostre-reakcje-z-pis\/bnprq7k\" id=\"fc3fbd9c-4d64-4bd0-9f4b-f507dbb67495\" rel=\"nofollow noopener\" target=\"_blank\">CZYTAJ WI\u0118CEJ.<\/a><\/p>\n<p class=\"ods-c-paragraph \">\u2014 (Mi\u0119dzy politykami PiS \u2014 PAP) pad\u0142o kilka niepotrzebnych s\u0142\u00f3w w r\u00f3\u017cnych miejscach, r\u00f3\u017cne zapowiedzi, kto kim b\u0119dzie. Inni protestowali i w zwi\u0105zku z tym dosz\u0142o do sporu. By\u0142 jeden wywiad, kt\u00f3ry si\u0119 niekt\u00f3rym nie spodoba\u0142, bywa\u0142 nadinterpretowany. By\u0142y nieobecno\u015bci, kt\u00f3re mog\u0142y by\u0107, mog\u0142y nie by\u0107, ale ja bym wola\u0142, \u017ceby jednak te osoby by\u0142y obecne. S\u0105dz\u0119, \u017ce najbli\u017csze dni to wszystko za\u0142atwi\u0105, wyprostuj\u0105, chocia\u017c pewne napi\u0119cie oczywi\u015bcie b\u0119dzie trwa\u0142o \u2014 stwierdzi\u0142 lider PiS.<\/p>\n<p>   Spor\u00f3w w PiS ci\u0105g dalszy. Jacek Kurski zaatakowa\u0142 Mateusza Morawieckiego<\/p>\n<p class=\"ods-c-paragraph \">Jacek Kurski zamie\u015bci\u0142 w sieci wpis, w kt\u00f3rym podda\u0142 analizie ostatnie konflikty wewn\u0105trz Prawa i Sprawiedliwo\u015bci, kt\u00f3re tocz\u0105 si\u0119 g\u0142\u00f3wnie mi\u0119dzy dwoma nieformalnymi frakcjami. &#8222;Ma\u015blarze&#8221; w \u017cargonie cz\u0119\u015bci polityk\u00f3w PiS to okre\u015blenie sojuszu czterech polityk\u00f3w: Patryka Jakiego, Przemys\u0142awa Czarnka, Jacka Sasina i Tobiasza Boche\u0144skiego. &#8222;Harcerze&#8221; to natomiast ludzie skupieni wok\u00f3\u0142 Mateusza Morawieckiego.<\/p>\n<p class=\"ods-c-paragraph \">By\u0142y prezes TVP nie szcz\u0119dzi\u0142 gorzkich s\u0142\u00f3w pod adresem Morawieckiego. Wspomnia\u0142 o ostatnich doniesieniach na temat braku obecno\u015bci by\u0142ego premiera na zebraniu w\u0142adz partii oraz <a href=\"https:\/\/wiadomosci.onet.pl\/kraj\/w-pis-beda-dwie-wigilie-morawiecki-robi-konkurencje-prezesowi\/rdgm2fk\" id=\"a9c608c3-865f-4b23-9223-217faa7fbe87\" rel=\"nofollow noopener\" target=\"_blank\">oddzielnej \u2014 poza t\u0105 g\u0142\u00f3wn\u0105, partyjn\u0105 \u2014 Wigilii, kt\u00f3r\u0105 Morawiecki zorganizuje dla niekt\u00f3rych polityk\u00f3w partii.<\/a><\/p>\n<p class=\"ods-c-paragraph \">&#8222;Mateusz Morawiecki ewidentnie realizuje jaki\u015b plan. Zachowuje si\u0119 przy tym tak, jakby si\u0119 czego\u015b strasznie ba\u0142. A strach jest z\u0142ym doradc\u0105. Deklaracje b. premiera dalece wykraczaj\u0105 poza mandat naszego \u015brodowiska, a chwilami przekraczaj\u0105 granice politycznej \u015bmieszno\u015bci. \u015amieszno\u015b\u0107 polega na og\u0142aszaniu si\u0119 premierem wbrew zdrowemu rozs\u0105dkowi&#8221; \u2014 napisa\u0142 Kurski.<\/p>\n<p class=\"ods-c-paragraph \">&#8222;Dlatego irracjonalne, nielojalne wobec PJK zachowania Mateusza Morawieckiego, przybierane przeze\u0144 ostatnio miny i pozy, wydawane sprzeczne komunikaty \u015bwiadcz\u0105 o tym, \u017ce cz\u0142owiek ten musia\u0142 znale\u017a\u0107 si\u0119 pod wielkim naciskiem i dzia\u0142a w warunkach osobistego strachu. Strach jest bardzo z\u0142ym doradc\u0105. Dlatego b. premier powinien by\u0107 otoczony przez nasz\u0105 parti\u0119 ochron\u0105. Je\u015bli jest on czym\u015b szanta\u017cowany, je\u015bli kuszony jest kooptacj\u0105 do w\u0142adzy i osobistymi gwarancjami w zamian za rozbicie albo os\u0142abienie prawicy, to jego obowi\u0105zkiem jest stani\u0119cie w prawdzie i powiedzenie tego albo publicznie, albo swojemu politycznemu zwierzchnikowi. Tylko prawda i jasno\u015b\u0107 sytuacji daje wolno\u015b\u0107 i mo\u017cliwo\u015b\u0107 zarz\u0105dzenia problemem po naszej stronie i dla dobra obozu patriotycznego&#8221; \u2014 czytamy w innej cz\u0119\u015bci d\u0142ugiego wpisu by\u0142ego prezesa TVP, kt\u00f3ry zaapelowa\u0142 do Morawieckiego, by kierownictwo na prawicy pozostawi\u0107 Jaros\u0142awowi Kaczy\u0144skiemu. Kurski zasugerowa\u0142 tak\u017ce, \u017ce to by\u0142y premier odpowiada za niskie notowania PiS w sonda\u017cach.<\/p>\n","protected":false},"excerpt":{"rendered":"\u2014 Ja s\u0105dz\u0119, \u017ce to akurat w momencie, kiedy nie tak dawno rozmawia\u0142em, z p\u00f3\u0142torej godziny temu, z&hellip;\n","protected":false},"author":2,"featured_media":153061,"comment_status":"","ping_status":"","sticky":false,"template":"","format":"standard","meta":{"footnotes":""},"categories":[12],"tags":[32,33,36,37,27,856,422,49,34,35,3946,28,31,48,25,46,529,42,38,40,39,41,47,29,30,26],"class_list":{"0":"post-153060","1":"post","2":"type-post","3":"status-publish","4":"format-standard","5":"has-post-thumbnail","7":"category-polska","8":"tag-breaking-news","9":"tag-breakingnews","10":"tag-featured-news","11":"tag-featurednews","12":"tag-headlines","13":"tag-jacek_kurski","14":"tag-jaroslaw_kaczynski","15":"tag-kraj","16":"tag-latest-news","17":"tag-latestnews","18":"tag-mateusz_morawiecki","19":"tag-naglowki","20":"tag-najwazniejsze-artykuly","21":"tag-nat_styl","22":"tag-news","23":"tag-omp","24":"tag-pis","25":"tag-pl","26":"tag-poland","27":"tag-polish","28":"tag-polska","29":"tag-polski","30":"tag-screening_general","31":"tag-top-stories","32":"tag-topstories","33":"tag-wiadomosci"},"share_on_mastodon":{"url":"https:\/\/pubeurope.com\/@pl\/115726150803999038","error":""},"_links":{"self":[{"href":"https:\/\/www.europesays.com\/pl\/wp-json\/wp\/v2\/posts\/153060","targetHints":{"allow":["GET"]}}],"collection":[{"href":"https:\/\/www.europesays.com\/pl\/wp-json\/wp\/v2\/posts"}],"about":[{"href":"https:\/\/www.europesays.com\/pl\/wp-json\/wp\/v2\/types\/post"}],"author":[{"embeddable":true,"href":"https:\/\/www.europesays.com\/pl\/wp-json\/wp\/v2\/users\/2"}],"replies":[{"embeddable":true,"href":"https:\/\/www.europesays.com\/pl\/wp-json\/wp\/v2\/comments?post=153060"}],"version-history":[{"count":0,"href":"https:\/\/www.europesays.com\/pl\/wp-json\/wp\/v2\/posts\/153060\/revisions"}],"wp:featuredmedia":[{"embeddable":true,"href":"https:\/\/www.europesays.com\/pl\/wp-json\/wp\/v2\/media\/153061"}],"wp:attachment":[{"href":"https:\/\/www.europesays.com\/pl\/wp-json\/wp\/v2\/media?parent=153060"}],"wp:term":[{"taxonomy":"category","embeddable":true,"href":"https:\/\/www.europesays.com\/pl\/wp-json\/wp\/v2\/categories?post=153060"},{"taxonomy":"post_tag","embeddable":true,"href":"https:\/\/www.europesays.com\/pl\/wp-json\/wp\/v2\/tags?post=153060"}],"curies":[{"name":"wp","href":"https:\/\/api.w.org\/{rel}","templated":true}]}}