{"id":153062,"date":"2025-12-15T23:21:12","date_gmt":"2025-12-15T23:21:12","guid":{"rendered":"https:\/\/www.europesays.com\/pl\/153062\/"},"modified":"2025-12-15T23:21:12","modified_gmt":"2025-12-15T23:21:12","slug":"gwarancje-dla-ukrainy-nie-beda-na-stole-wiecznie","status":"publish","type":"post","link":"https:\/\/www.europesays.com\/pl\/153062\/","title":{"rendered":"gwarancje dla Ukrainy nie b\u0119d\u0105 na stole wiecznie"},"content":{"rendered":"<p class=\"ods-c-paragraph \">\u2014 Mamy bardzo, bardzo mocny, bezpieczny pakiet gwarancji bezpiecze\u0144stwa. Wierzymy, \u017ce Rosjanie w ostatecznym porozumieniu zaakceptuj\u0105 wszystkie te rzeczy, kt\u00f3re umo\u017cliwi\u0105 siln\u0105 i niepodleg\u0142\u0105 Ukrain\u0119 \u2014 powiedzia\u0142 jeden z ameryka\u0144skich negocjator\u00f3w podczas telekonferencji prasowej na temat rozm\u00f3w z Ukrain\u0105 i europejsk\u0105 tr\u00f3jk\u0105 (E3) w Berlinie.<\/p>\n<p>Dalszy ci\u0105g artyku\u0142u pod materia\u0142em wideo<\/p>\n<p> Jakie gwarancje bezpiecze\u0144stwa s\u0105 oferowane Ukrainie? <\/p>\n<p> Dlaczego gwarancje dla Ukrainy nie b\u0119d\u0105 na stole wiecznie? <\/p>\n<p> Jakie kwestie pozosta\u0142y do om\u00f3wienia w rozmowach? <\/p>\n<p> Kiedy planowane jest kolejne spotkanie na szczeblu roboczym? <\/p>\n<p>  &#8222;Gwarancje te maj\u0105 by\u0107 wzorowane na artykule 5 NATO&#8221;<\/p>\n<p class=\"ods-c-paragraph \">Jak zaznaczy\u0142, gwarancje te maj\u0105 by\u0107 wzorowane na artykule 5 NATO, ale podkre\u015bli\u0142, \u017ce ta oferta &#8222;nie b\u0119dzie na stole wiecznie&#8221;.<\/p>\n<p class=\"ods-c-paragraph \">\u2014 Te gwarancje s\u0105 na stole teraz, je\u015bli uda si\u0119 osi\u0105gn\u0105\u0107 pozytywne porozumienie \u2014 powiedzia\u0142.<\/p>\n<p class=\"ods-c-paragraph \">Drugi z przedstawicieli doda\u0142, \u017ce z gwarancji zadowoleni s\u0105 te\u017c Ukrai\u0144cy.<\/p>\n<p class=\"ods-c-paragraph \">\u2014 Ukrai\u0144cy powiedzieliby wam, tak jak Europejczycy, \u017ce to najsolidniejszy zestaw protoko\u0142\u00f3w bezpiecze\u0144stwa, jaki kiedykolwiek widzieli. To bardzo, bardzo mocny pakiet. My\u015bl\u0119, \u017ce Rosjanie, miejmy nadziej\u0119, przyjrz\u0105 si\u0119 temu i powiedz\u0105 sobie: w porz\u0105dku, bo nie mamy zamiaru narusza\u0107 \u2014 powiedzia\u0142.<\/p>\n<p>   Wci\u0105\u017c pozostaj\u0105 sprawy do om\u00f3wienia<\/p>\n<p class=\"ods-c-paragraph \">Wed\u0142ug m\u00f3wc\u00f3w, Ukraina zgodzi\u0142a si\u0119 w Berlinie na szereg kluczowych kwestii z 20-punktowego planu pokojowego, lecz wci\u0105\u017c do dopi\u0119cia pozostaje kilka spraw, m.in. terytorium i sprawa Zaporoskiej Elektrowni Atomowej w Enerhodarze.<\/p>\n<p class=\"ods-c-paragraph \">\u2014 Rozmawiali\u015bmy o kwestii terytorium od samego pocz\u0105tku. Dzisiaj po prostu g\u0142\u0119biej, bardziej szczeg\u00f3\u0142owo, bardziej solidnie, poniewa\u017c dyskusje prowadz\u0105 do kolejnych dyskusji, jakby\u015bmy, obierali cebul\u0119. I nast\u0119pnie zaczynamy rozmawia\u0107, jak podchodzimy do kwestii ukrai\u0144skich, do ich kwestii konstytucyjnych, legislacyjnych, wyborczych, referendalnych\u2026 \u2014 wyja\u015bnia\u0142 jeden z oficjeli.<\/p>\n<p class=\"ods-c-paragraph \">Pytany o dalsze kroki, przedstawiciele Waszyngtonu powiedzieli, \u017ce cz\u0119\u015b\u0107 dyskusji oddelegowano na poziom grup roboczych. Jeszcze w poniedzia\u0142ek prezydent Trump ma si\u0119 po\u0142\u0105czy\u0107 telefonicznie z uczestnikami rozm\u00f3w Berlinie podczas ich kolacji i przedyskutowa\u0107 dalsze dzia\u0142ania. Trump mia\u0142 wyrazi\u0107 w rozmowie z urz\u0119dnikami zadowolenie z rezultat\u00f3w rozm\u00f3w.<\/p>\n<p class=\"ods-c-paragraph \">Jeden z urz\u0119dnik\u00f3w doda\u0142 te\u017c, \u017ce w weekend planowane b\u0119dzie kolejne spotkanie na szczeblu roboczym, prawdopodobnie w Miami, z udzia\u0142em &#8222;wojskowych patrz\u0105cych na mapy&#8221;.<\/p>\n<p class=\"ods-c-paragraph \">\u2014 Uwa\u017camy, \u017ce rozwi\u0105zali\u015bmy ju\u017c ok. 90 proc. problem\u00f3w mi\u0119dzy Ukrain\u0105 i Rosj\u0105, ale s\u0105 jeszcze rzeczy, kt\u00f3re musz\u0105 by\u0107 dopracowane. I czy jeste\u015bmy gotowi, by pojecha\u0107 do Rosji, je\u015bli to b\u0119dzie konieczne? Absolutnie \u2014 powiedzia\u0142.<\/p>\n","protected":false},"excerpt":{"rendered":"\u2014 Mamy bardzo, bardzo mocny, bezpieczny pakiet gwarancji bezpiecze\u0144stwa. Wierzymy, \u017ce Rosjanie w ostatecznym porozumieniu zaakceptuj\u0105 wszystkie te&hellip;\n","protected":false},"author":2,"featured_media":153063,"comment_status":"","ping_status":"","sticky":false,"template":"","format":"standard","meta":{"footnotes":""},"categories":[5],"tags":[2762,32,33,44,36,37,27,34,35,28,31,48,25,46,42,38,40,39,41,47,80,29,30,71,26],"class_list":{"0":"post-153062","1":"post","2":"type-post","3":"status-publish","4":"format-standard","5":"has-post-thumbnail","7":"category-naglowki","8":"tag-berlin","9":"tag-breaking-news","10":"tag-breakingnews","11":"tag-donald_trump","12":"tag-featured-news","13":"tag-featurednews","14":"tag-headlines","15":"tag-latest-news","16":"tag-latestnews","17":"tag-naglowki","18":"tag-najwazniejsze-artykuly","19":"tag-nat_styl","20":"tag-news","21":"tag-omp","22":"tag-pl","23":"tag-poland","24":"tag-polish","25":"tag-polska","26":"tag-polski","27":"tag-screening_general","28":"tag-swiat","29":"tag-top-stories","30":"tag-topstories","31":"tag-usa","32":"tag-wiadomosci"},"share_on_mastodon":{"url":"https:\/\/pubeurope.com\/@pl\/115726154793639632","error":""},"_links":{"self":[{"href":"https:\/\/www.europesays.com\/pl\/wp-json\/wp\/v2\/posts\/153062","targetHints":{"allow":["GET"]}}],"collection":[{"href":"https:\/\/www.europesays.com\/pl\/wp-json\/wp\/v2\/posts"}],"about":[{"href":"https:\/\/www.europesays.com\/pl\/wp-json\/wp\/v2\/types\/post"}],"author":[{"embeddable":true,"href":"https:\/\/www.europesays.com\/pl\/wp-json\/wp\/v2\/users\/2"}],"replies":[{"embeddable":true,"href":"https:\/\/www.europesays.com\/pl\/wp-json\/wp\/v2\/comments?post=153062"}],"version-history":[{"count":0,"href":"https:\/\/www.europesays.com\/pl\/wp-json\/wp\/v2\/posts\/153062\/revisions"}],"wp:featuredmedia":[{"embeddable":true,"href":"https:\/\/www.europesays.com\/pl\/wp-json\/wp\/v2\/media\/153063"}],"wp:attachment":[{"href":"https:\/\/www.europesays.com\/pl\/wp-json\/wp\/v2\/media?parent=153062"}],"wp:term":[{"taxonomy":"category","embeddable":true,"href":"https:\/\/www.europesays.com\/pl\/wp-json\/wp\/v2\/categories?post=153062"},{"taxonomy":"post_tag","embeddable":true,"href":"https:\/\/www.europesays.com\/pl\/wp-json\/wp\/v2\/tags?post=153062"}],"curies":[{"name":"wp","href":"https:\/\/api.w.org\/{rel}","templated":true}]}}