{"id":153064,"date":"2025-12-15T23:22:08","date_gmt":"2025-12-15T23:22:08","guid":{"rendered":"https:\/\/www.europesays.com\/pl\/153064\/"},"modified":"2025-12-15T23:22:08","modified_gmt":"2025-12-15T23:22:08","slug":"428-pkt-oto-skala-problemu-maciusiaka-magiczny-engelberg-to-mit-gorzej-przed-titlis-bylo-tylko-raz-sport-tvp-pl","status":"publish","type":"post","link":"https:\/\/www.europesays.com\/pl\/153064\/","title":{"rendered":"42,8 pkt \u2013 oto skala problemu Maciusiaka. &quot;Magiczny Engelberg&quot; to mit. Gorzej przed Titlis by\u0142o tylko raz &#8211; sport.tvp.pl"},"content":{"rendered":"<ol>\n<li><a href=\"https:\/\/news.google.com\/rss\/articles\/CBMizwFBVV95cUxQazR3dG5adU1Wbl9CamJRQjlYOTZib0V3a0U2N3Zha3ZnQ1F5azEtS0hDQzdwSTc1MzhyNmdMR0w2ZUZDRGgtOHRvNEFaUmRTdFZqajlpV1FEQUdKN0NtQUFiQlJsR2d5ZFhtZzlHd3AtdnN5SC1uWjZ5aDA1U3ctSFFzdzhRNk9QWHlYc1RLWGlrZkY5ZTg4OWNhbWtQdGdMTGRRM1FRS1Q5c0N3SExRbVdaLUZHOE9PMTFGeEpTYVk3VlJRcVdBSW5EZDZsQzTSAdQBQVVfeXFMTld4eHRkZmo5cnFBNldqZEQ4emlMS19GQTZkaWo3TGV0dE5JeTlwRXpRaTZUUkwtWVlCLTRnQ0ZwQzdCMHhYYUgtRmd6WDJQN2dvOTVSWVdjcGJsTEhUOU4tam9qLXgzM0piU0YyLUhGU2g1a211d3d2ODRWYmtDdkxhaXdhMnNFSVZHZ1Q0VDNURlNYcnhvbGl2SnNKYW9NNUlkZkhOQWFmdDRVX1doQktzMDFQNmcxa3BuOVpLNGlJeE9FSWJ0c1ZqMVhrUkJLa2p3UmQ?oc=5\" target=\"_blank\" rel=\"nofollow noopener\">42,8 pkt \u2013 oto skala problemu Maciusiaka. &#8222;Magiczny Engelberg&#8221; to mit. Gorzej przed Titlis by\u0142o tylko raz<\/a>&nbsp;&nbsp;sport.tvp.pl<\/li>\n<li><a href=\"https:\/\/news.google.com\/rss\/articles\/CBMi2wFBVV95cUxQRjc1SV85U2I2S1hpVVQ5NTlPbXFwQ25kbHk5Ukdpc0Vfcm1aNm5mY0J2N0I5TXA5bk83OUZqSk44R3ZVMzhkRy1vcjNteU9vLWtfNk1pOGVHX0VTaHRMY0hvM2JQSDRWY2JXOW9GZ3NZNDE5OEN1TklLUHlsTkxGNjVaSmhRNjBEYW03dVVmclhoSzBtcTlWMHdVdzFra3JhZ1MtNDdXY0MwMTlsMEpzSVdrclVnZlZpTUEwSkxVXzYwT1RaaGRsb24xaEU1QUN1cU1CbWRHemEyUW8?oc=5\" target=\"_blank\" rel=\"nofollow noopener\">Wszystko jasne. Oto sk\u0142ad Polak\u00f3w na zawody Pucharu \u015awiata w Engelbergu<\/a>&nbsp;&nbsp;Przegl\u0105d Sportowy Onet<\/li>\n<li><a href=\"https:\/\/news.google.com\/rss\/articles\/CBMirgJBVV95cUxNVkNMYWFiNkRKQXFsVW11WVpUNGhNRXRpTFAtajlCd3Ytc0hoTTRmbXJCbUJlY1ZrbGJtRUR4blFINy1SalhiZV9sNzdDSlV3ZmtIaVBwU3A1ZEt4SUM0U0tRMTUyckNiQmVEVEo0VTU2NFYyaFZiVjRZUGdkeC1zakMwNlV1NnhjNHF2RWx5enZRZU4za01PTzZoQVl2MHlLTWZPalhnVGtfMEk3S1M3bTZpV016NVM1TzlfQWVpY3JqY3dsb2FiTVpXbmQxVV9hdHVYSmw2QU9CRnZuMEwyUGdVbW1KTVNTYzRFUmx1aHVmMFo5emZ0M21IZE9YNXlXMnI1N051Yktub3pUQWhxV3d2OGxQejRIdnhIbHcwWV9ndzF5Y0RtYmx0SUJ4QQ?oc=5\" target=\"_blank\" rel=\"nofollow noopener\">Jest sk\u0142ad polskich skoczk\u00f3w na Engelberg<\/a>&nbsp;&nbsp;Eurosport Polska<\/li>\n<li><a href=\"https:\/\/news.google.com\/rss\/articles\/CBMilgFBVV95cUxQdEJORzkxREFwb29wWV8ybHQzeDB6am9Sa3pzanVHYVB3eVFJOFhpal8xOEJoUFB5ZG5DQXlqMS1Zc3RPMnVwNGVkNVA0OG5WdEN5Ny1Uc2JLWDhMTTdaR1NyVFhIcHIxLWpwbzl1TE1xMm02dGhabGdjVzFFalUwaVUyU0VzNGFORXBodW5mdXlpWWJzaWc?oc=5\" target=\"_blank\" rel=\"nofollow noopener\">Jest decyzja w sprawie sk\u0142adu Polak\u00f3w<\/a>&nbsp;&nbsp;SportoweFakty<\/li>\n<li><a href=\"https:\/\/news.google.com\/rss\/articles\/CBMivgFBVV95cUxOanFGQnFWcmVGWTd0akVKSHVwZENYeDh4blU5RF8wRWRIWjA1T0F5UjlEaDFEaXlueEs2SG96SDI4VHhIWnZrTHg4czFIbndxVGpVNHRUZ2Z2TE13T0l5Ym1IclAydGRIWW5OcDVaUUNwOFJ1UDBmQnBmeWJiNFozZk8zelZMdnVuWUVrQ1dwRktqM1RNbGJIOEtna19tenNjQWx5SmFWZ2xaQ1pYUTloNXluVDljWm1pczBlN0hR?oc=5\" target=\"_blank\" rel=\"nofollow noopener\">Konkursy ostatniej szansy dla Polak\u00f3w. Maciej Maciusiak podj\u0105\u0142 wa\u017cn\u0105 decyzj\u0119<\/a>&nbsp;&nbsp;Sport w INTERIA.PL<\/li>\n<\/ol>\n","protected":false},"excerpt":{"rendered":"42,8 pkt \u2013 oto skala problemu Maciusiaka. &#8222;Magiczny Engelberg&#8221; to mit. Gorzej przed Titlis by\u0142o tylko raz&nbsp;&nbsp;sport.tvp.pl Wszystko&hellip;\n","protected":false},"author":2,"featured_media":153065,"comment_status":"","ping_status":"","sticky":false,"template":"","format":"standard","meta":{"footnotes":""},"categories":[24],"tags":[30697,30454,16929,42,38,40,39,41,17495,1538,127,334,126,30698],"class_list":{"0":"post-153064","1":"post","2":"type-post","3":"status-publish","4":"format-standard","5":"has-post-thumbnail","7":"category-sport","8":"tag-engelberg","9":"tag-kadra-skoczkw","10":"tag-maciej-maciusiak","11":"tag-pl","12":"tag-poland","13":"tag-polish","14":"tag-polska","15":"tag-polski","16":"tag-puchar-swiata-w-skokach-narciarskich","17":"tag-skoki-narciarskie","18":"tag-sport","19":"tag-sport-tvp-pl","20":"tag-sports","21":"tag-titlis"},"share_on_mastodon":{"url":"https:\/\/pubeurope.com\/@pl\/115726158891606720","error":""},"_links":{"self":[{"href":"https:\/\/www.europesays.com\/pl\/wp-json\/wp\/v2\/posts\/153064","targetHints":{"allow":["GET"]}}],"collection":[{"href":"https:\/\/www.europesays.com\/pl\/wp-json\/wp\/v2\/posts"}],"about":[{"href":"https:\/\/www.europesays.com\/pl\/wp-json\/wp\/v2\/types\/post"}],"author":[{"embeddable":true,"href":"https:\/\/www.europesays.com\/pl\/wp-json\/wp\/v2\/users\/2"}],"replies":[{"embeddable":true,"href":"https:\/\/www.europesays.com\/pl\/wp-json\/wp\/v2\/comments?post=153064"}],"version-history":[{"count":0,"href":"https:\/\/www.europesays.com\/pl\/wp-json\/wp\/v2\/posts\/153064\/revisions"}],"wp:featuredmedia":[{"embeddable":true,"href":"https:\/\/www.europesays.com\/pl\/wp-json\/wp\/v2\/media\/153065"}],"wp:attachment":[{"href":"https:\/\/www.europesays.com\/pl\/wp-json\/wp\/v2\/media?parent=153064"}],"wp:term":[{"taxonomy":"category","embeddable":true,"href":"https:\/\/www.europesays.com\/pl\/wp-json\/wp\/v2\/categories?post=153064"},{"taxonomy":"post_tag","embeddable":true,"href":"https:\/\/www.europesays.com\/pl\/wp-json\/wp\/v2\/tags?post=153064"}],"curies":[{"name":"wp","href":"https:\/\/api.w.org\/{rel}","templated":true}]}}