{"id":153066,"date":"2025-12-15T23:23:09","date_gmt":"2025-12-15T23:23:09","guid":{"rendered":"https:\/\/www.europesays.com\/pl\/153066\/"},"modified":"2025-12-15T23:23:09","modified_gmt":"2025-12-15T23:23:09","slug":"julia-wieniawa-zabra%c2%b3a-siostre-na-pokaz-filmu-zdecydowanie-wyronia%c2%b3y-sie-z-t%c2%b3umu","status":"publish","type":"post","link":"https:\/\/www.europesays.com\/pl\/153066\/","title":{"rendered":"Julia Wieniawa zabra\u00b3a siostr\u00ea na pokaz filmu. Zdecydowanie wyr\u00f3\u00bfnia\u00b3y si\u00ea z t\u00b3umu"},"content":{"rendered":"<p class=\"art_paragraph\">15 grudnia w Warszawie odby\u0142 si\u0119 przedpremierowy pokaz trzeciej cz\u0119\u015bci <a href=\"https:\/\/kultura.gazeta.pl\/kultura\/0,114438.html#anchorLink\" rel=\"nofollow noopener\" target=\"_blank\">filmu<\/a> &#8222;Avatar&#8221;. Na wydarzeniu pojawi\u0142o si\u0119 mn\u00f3stwo znanych gwiazd, m.in. <a href=\"https:\/\/www.plotek.pl\/maria-sadowska\" class=\"art_link\" rel=\"dofollow noopener\" target=\"_blank\">Maria Sadowska<\/a>, <a href=\"https:\/\/www.plotek.pl\/barbara-kurdej-szatan\" class=\"art_link\" rel=\"dofollow noopener\" target=\"_blank\">Barbara Kurdej-Szatan<\/a>, <a href=\"https:\/\/www.plotek.pl\/dawid-wolinski\" class=\"art_link\" rel=\"dofollow noopener\" target=\"_blank\">Dawid Woli\u0144ski<\/a>, <a href=\"https:\/\/www.plotek.pl\/maja-hyzy\" class=\"art_link\" rel=\"dofollow noopener\" target=\"_blank\">Maja Hy\u017cy<\/a> i <a href=\"https:\/\/www.plotek.pl\/katarzyna-glinka\" class=\"art_link\" rel=\"dofollow noopener\" target=\"_blank\">Katarzyna Glinka<\/a>. W\u015br\u00f3d zaproszonych znalaz\u0142a si\u0119 r\u00f3wnie\u017c <a href=\"https:\/\/www.plotek.pl\/julia-wieniawa\" class=\"art_link\" rel=\"dofollow noopener\" target=\"_blank\">Julia Wieniawa<\/a>. Aktorka przyprowadzi\u0142a ze sob\u0105 najm\u0142odsz\u0105 siostr\u0119. Obie postawi\u0142y na lu\u017ane stylizacje, w sam raz do kina.\u00a0<\/p>\n<p>\n    Zobacz wideo Margaret postawi\u0142a dom w lesie. Inspirowa\u0142a si\u0119 Wieniaw\u0105?\n  <\/p>\n<p> Julia Wieniawa z siostr\u0105 na pokazie &#8222;Avatara&#8221;. Zdecydowa\u0142y si\u0119 na takie same jeansy\u00a0<\/p>\n<p class=\"art_paragraph\">Aktorka i jej siostra na przedpremierowym pokazie pojawi\u0142y si\u0119 w swobodnych, miejskich stylizacjach, idealnych na tego typu wydarzenie. Wieniawa mia\u0142a na sobie casualowy zestaw. Ciemne, proste jeansy po\u0142\u0105czy\u0142a s\u0105 z nieco ja\u015bniejszym swetrem i szalikiem w szarym odcieniu. Na wierzch zarzuci\u0142a kr\u00f3tk\u0105 kurtk\u0119 o tweedowej fakturze. Ca\u0142o\u015b\u0107 uzupe\u0142ni\u0142a czarnymi, sk\u00f3rzanymi botkami na niewielkim obcasie oraz ma\u0142\u0105, czarn\u0105 torebk\u0105. Na podobn\u0105 stylizacj\u0119 postawi\u0142a r\u00f3wnie\u017c jej siostra. Nastolatka mia\u0142a na sobie lu\u017ane, ciemne jeansy. Na g\u00f3rze niebiesk\u0105 bluz\u0119 i czarn\u0105 kurtk\u0119. Zaskakuj\u0105cym <a href=\"https:\/\/zakupy.avanti24.pl\/dodatki-i-akcesoria#anchorLink\" rel=\"nofollow noopener\" target=\"_blank\">dodatkiem<\/a> okaza\u0142y si\u0119 ciep\u0142e nauszniki. Warto doda\u0107, \u017ce <a href=\"https:\/\/www.plotek.pl\/julia-wieniawa#anchorLink\" rel=\"nofollow noopener\" target=\"_blank\">Julia Wieniawa<\/a> po raz pierwszy pokaza\u0142a si\u0119 z m\u0142odsz\u0105 siostr\u0105 na salonach. Ostatnio jednak wzi\u0119\u0142y razem udzia\u0142 w reklamie jednej ze znanych bi\u017cuteryjnych firm.\u00a0Zdj\u0119cia si\u00f3str znajdziecie w naszej galerii.\u00a0<\/p>\n<p class=\"gallery-open-button\">Julia Wieniawa z siostr\u0105<a href=\"#\" class=\"gallery-open-button__link gallery-open-button__link--version1\">Otw\u00f3rz galeri\u0119<\/a><\/p>\n<p> Julia Wieniawa o relacji z m\u0142odsz\u0105 siostr\u0105. &#8222;Ja j\u0105 zawsze wspieram&#8221;\u00a0<\/p>\n<p class=\"art_paragraph\">Jak wiadomo, Julia Wieniawa ma trzy przyrodnie siostry. Jedna z nich, Alicja, wyst\u0105pi\u0142a niedawno w popularnym serialu od Canal+ &#8222;Czarne stokrotki&#8221;. Wieniawa stara si\u0119 wspiera\u0107 siostr\u0119 na ka\u017cdym kroku. W jednym z wywiad\u00f3w wypowiada\u0142a si\u0119 o niej w samych superlatywach. &#8211;\u00a0Alicja jest cudown\u0105, m\u0142od\u0105, pi\u0119kn\u0105, bardzo zdoln\u0105 i bardzo pracowit\u0105 dziewczyn\u0105. Ma zupe\u0142nie inn\u0105 drog\u0119 ni\u017c ja i ja si\u0119 z tego ciesz\u0119, \u017ce ma inn\u0105 drog\u0119. No i wiesz, mamy kontakt w\u0142a\u015bciwie za ka\u017cdym razem, jak si\u0119 tylko potrzebujemy. Ja j\u0105 zawsze wspieram i gdzie tylko mog\u0119, to polecam. Ale te\u017c w\u0142a\u015bnie nie chc\u0119, \u017ceby&#8230; ja chc\u0119, \u017ceby ona \u015bwieci\u0142a swoim blaskiem, bo absolutnie nie potrzebuje mojej pomocy, \u017ceby wej\u015b\u0107 na szczyt. My\u015bl\u0119, \u017ce nawet zrobi wi\u0119ksz\u0105 karier\u0119 ni\u017c ja, aktorsk\u0105 na pewno &#8211; m\u00f3wi\u0142a w rozmowie z portalem Jastrz\u0105b Post.\u00a0<\/p>\n","protected":false},"excerpt":{"rendered":"15 grudnia w Warszawie odby\u0142 si\u0119 przedpremierowy pokaz trzeciej cz\u0119\u015bci filmu &#8222;Avatar&#8221;. Na wydarzeniu pojawi\u0142o si\u0119 mn\u00f3stwo znanych&hellip;\n","protected":false},"author":2,"featured_media":153067,"comment_status":"","ping_status":"","sticky":false,"template":"","format":"standard","meta":{"footnotes":""},"categories":[22],"tags":[122,42,38,40,39,41,123],"class_list":{"0":"post-153066","1":"post","2":"type-post","3":"status-publish","4":"format-standard","5":"has-post-thumbnail","7":"category-rozrywka","8":"tag-entertainment","9":"tag-pl","10":"tag-poland","11":"tag-polish","12":"tag-polska","13":"tag-polski","14":"tag-rozrywka"},"share_on_mastodon":{"url":"https:\/\/pubeurope.com\/@pl\/115726162503924800","error":""},"_links":{"self":[{"href":"https:\/\/www.europesays.com\/pl\/wp-json\/wp\/v2\/posts\/153066","targetHints":{"allow":["GET"]}}],"collection":[{"href":"https:\/\/www.europesays.com\/pl\/wp-json\/wp\/v2\/posts"}],"about":[{"href":"https:\/\/www.europesays.com\/pl\/wp-json\/wp\/v2\/types\/post"}],"author":[{"embeddable":true,"href":"https:\/\/www.europesays.com\/pl\/wp-json\/wp\/v2\/users\/2"}],"replies":[{"embeddable":true,"href":"https:\/\/www.europesays.com\/pl\/wp-json\/wp\/v2\/comments?post=153066"}],"version-history":[{"count":0,"href":"https:\/\/www.europesays.com\/pl\/wp-json\/wp\/v2\/posts\/153066\/revisions"}],"wp:featuredmedia":[{"embeddable":true,"href":"https:\/\/www.europesays.com\/pl\/wp-json\/wp\/v2\/media\/153067"}],"wp:attachment":[{"href":"https:\/\/www.europesays.com\/pl\/wp-json\/wp\/v2\/media?parent=153066"}],"wp:term":[{"taxonomy":"category","embeddable":true,"href":"https:\/\/www.europesays.com\/pl\/wp-json\/wp\/v2\/categories?post=153066"},{"taxonomy":"post_tag","embeddable":true,"href":"https:\/\/www.europesays.com\/pl\/wp-json\/wp\/v2\/tags?post=153066"}],"curies":[{"name":"wp","href":"https:\/\/api.w.org\/{rel}","templated":true}]}}