{"id":153070,"date":"2025-12-15T23:27:11","date_gmt":"2025-12-15T23:27:11","guid":{"rendered":"https:\/\/www.europesays.com\/pl\/153070\/"},"modified":"2025-12-15T23:27:11","modified_gmt":"2025-12-15T23:27:11","slug":"wolodymyr-zelenski-pojawi-sie-w-polskim-sejmie-wlodzimierz-czarzasty-potwierdza","status":"publish","type":"post","link":"https:\/\/www.europesays.com\/pl\/153070\/","title":{"rendered":"Wo\u0142odymyr Ze\u0142enski pojawi si\u0119 w polskim Sejmie. W\u0142odzimierz Czarzasty potwierdza"},"content":{"rendered":"<p class=\"ods-c-paragraph \">Prezydent Ukrainy Wo\u0142odymyr Ze\u0142enski zapowiedzia\u0142 ju\u017c w niedziel\u0119, \u017ce 19 grudnia, planuje z\u0142o\u017cy\u0107 wizyt\u0119 w Polsce. <a href=\"https:\/\/wiadomosci.onet.pl\/kraj\/nawrocki-spotka-sie-z-zelenskim-kancelaria-prezydenta-wskazala-tematy-rozmowy\/9pvkks4\" id=\"b19b3577-3b63-4756-a59a-2561dfe1de75\" rel=\"nofollow noopener\" target=\"_blank\">Rzecznik Karola Nawrockiego potwierdzi\u0142, \u017ce dojdzie do pierwszego spotkania obu prezydent\u00f3w i wskaza\u0142 tematy rozmowy<\/a>.<\/p>\n<p>Dalszy ci\u0105g artyku\u0142u pod materia\u0142em wideo<\/p>\n<p> Kiedy Wo\u0142odymyr Ze\u0142enski odwiedzi polski Sejm? <\/p>\n<p> Dlaczego Ze\u0142enski nie b\u0119dzie mia\u0142 przem\u00f3wienia w Sejmie? <\/p>\n<p> Jakie tematy b\u0119d\u0105 omawiane podczas spotkania prezydent\u00f3w? <\/p>\n<p> Kto potwierdzi\u0142 wizyt\u0119 Ze\u0142enskiego w Sejmie? <\/p>\n<p>  Ze\u0142enski w Sejmie. &#8222;Demonstracja, \u017ce wsp\u00f3\u0142praca parlamentarna jest bardzo istotna&#8221;<\/p>\n<p class=\"ods-c-paragraph \">W poniedzia\u0142ek marsza\u0142ek Sejmu W\u0142odzimierz Czarzasty poinformowa\u0142, \u017ce ukrai\u0144ski prezydent odwiedzi tak\u017ce polski Sejm.<\/p>\n<p class=\"ods-c-paragraph \">\u2014 Prezydent Ze\u0142enski b\u0119dzie r\u00f3wnie\u017c go\u015bciem w Sejmie. B\u0119dziemy prowadzili rozmowy r\u00f3wnie\u017c z panem prezydentem \u2014 zapowiedzia\u0142 marsza\u0142ek Sejmu na antenie TVN24. \u2014 Nie b\u0119dzie mia\u0142 przem\u00f3wienia, bo to nie by\u0142o planowane \u2014 doda\u0142.<\/p>\n<p class=\"ods-c-paragraph \">Marsza\u0142ek Sejmu doda\u0142, \u017ce wizyta zosta\u0142a ustalona w poniedzia\u0142ek, wobec czego zamierza skontaktowa\u0107 si\u0119 z MSZ, aby prezentowa\u0107 &#8222;sp\u00f3jn\u0105 lini\u0119&#8221; z rz\u0105dem.<\/p>\n<p class=\"ods-c-paragraph \">Wcze\u015bniej o wizycie prezydenta Ukrainy w Sejmie m\u00f3wi\u0142 szef Kancelarii Sejmu Marek Siwiec na antenie Polsat News.<\/p>\n<p class=\"ods-c-paragraph \">\u2014 Marsza\u0142ek Sejmu W\u0142odzimierz Czarzasty r\u00f3wnie\u017c b\u0119dzie go\u015bci\u0142 pana prezydenta Ze\u0142enskiego, chcemy, aby ta symboliczna obecno\u015b\u0107 w parlamencie by\u0142a r\u00f3wnie\u017c pokazaniem, demonstracj\u0105 tego, \u017ce wymiar wsp\u00f3\u0142pracy parlamentarnej, kt\u00f3ry istnieje, jest bardzo istotny \u2014 wskaza\u0142 szef Kancelarii Sejmu.<\/p>\n","protected":false},"excerpt":{"rendered":"Prezydent Ukrainy Wo\u0142odymyr Ze\u0142enski zapowiedzia\u0142 ju\u017c w niedziel\u0119, \u017ce 19 grudnia, planuje z\u0142o\u017cy\u0107 wizyt\u0119 w Polsce. Rzecznik Karola&hellip;\n","protected":false},"author":2,"featured_media":153071,"comment_status":"","ping_status":"","sticky":false,"template":"","format":"standard","meta":{"footnotes":""},"categories":[12],"tags":[32,33,36,37,27,49,34,35,28,31,48,25,46,42,38,40,39,41,47,5485,29,30,26,203,309],"class_list":{"0":"post-153070","1":"post","2":"type-post","3":"status-publish","4":"format-standard","5":"has-post-thumbnail","7":"category-polska","8":"tag-breaking-news","9":"tag-breakingnews","10":"tag-featured-news","11":"tag-featurednews","12":"tag-headlines","13":"tag-kraj","14":"tag-latest-news","15":"tag-latestnews","16":"tag-naglowki","17":"tag-najwazniejsze-artykuly","18":"tag-nat_styl","19":"tag-news","20":"tag-omp","21":"tag-pl","22":"tag-poland","23":"tag-polish","24":"tag-polska","25":"tag-polski","26":"tag-screening_general","27":"tag-sejm_rp","28":"tag-top-stories","29":"tag-topstories","30":"tag-wiadomosci","31":"tag-wlodzimierz_czarzasty","32":"tag-wolodymyr_zelenski"},"share_on_mastodon":{"url":"https:\/\/pubeurope.com\/@pl\/115726178335103522","error":""},"_links":{"self":[{"href":"https:\/\/www.europesays.com\/pl\/wp-json\/wp\/v2\/posts\/153070","targetHints":{"allow":["GET"]}}],"collection":[{"href":"https:\/\/www.europesays.com\/pl\/wp-json\/wp\/v2\/posts"}],"about":[{"href":"https:\/\/www.europesays.com\/pl\/wp-json\/wp\/v2\/types\/post"}],"author":[{"embeddable":true,"href":"https:\/\/www.europesays.com\/pl\/wp-json\/wp\/v2\/users\/2"}],"replies":[{"embeddable":true,"href":"https:\/\/www.europesays.com\/pl\/wp-json\/wp\/v2\/comments?post=153070"}],"version-history":[{"count":0,"href":"https:\/\/www.europesays.com\/pl\/wp-json\/wp\/v2\/posts\/153070\/revisions"}],"wp:featuredmedia":[{"embeddable":true,"href":"https:\/\/www.europesays.com\/pl\/wp-json\/wp\/v2\/media\/153071"}],"wp:attachment":[{"href":"https:\/\/www.europesays.com\/pl\/wp-json\/wp\/v2\/media?parent=153070"}],"wp:term":[{"taxonomy":"category","embeddable":true,"href":"https:\/\/www.europesays.com\/pl\/wp-json\/wp\/v2\/categories?post=153070"},{"taxonomy":"post_tag","embeddable":true,"href":"https:\/\/www.europesays.com\/pl\/wp-json\/wp\/v2\/tags?post=153070"}],"curies":[{"name":"wp","href":"https:\/\/api.w.org\/{rel}","templated":true}]}}