{"id":153078,"date":"2025-12-15T23:33:08","date_gmt":"2025-12-15T23:33:08","guid":{"rendered":"https:\/\/www.europesays.com\/pl\/153078\/"},"modified":"2025-12-15T23:33:08","modified_gmt":"2025-12-15T23:33:08","slug":"wojska-sojusznicze-w-ukrainie-oswiadczenie-po-negocjacjach","status":"publish","type":"post","link":"https:\/\/www.europesays.com\/pl\/153078\/","title":{"rendered":"Wojska sojusznicze w Ukrainie. O\u015bwiadczenie po negocjacjach"},"content":{"rendered":"<p>Misja mia\u0142aby dzia\u0142a\u0107 tak\u017ce na terytorium Ukrainy. Ponadto zgodnie z\u00a0o\u015bwiadczeniem europejskich przyw\u00f3dc\u00f3w decyzje dotycz\u0105ce ewentualnych ust\u0119pstw terytorialnych mog\u0105 by\u0107 podejmowane wy\u0142\u0105cznie przez nar\u00f3d ukrai\u0144ski i\u00a0dopiero po ustanowieniu solidnych gwarancji bezpiecze\u0144stwa.<\/p>\n<p>Na to\u00a0tury\u015bci zwracaj\u0105 uwag\u0119. &#8222;Oczekuj\u0105 teraz unikalnych do\u015bwiadcze\u0144&#8221; <\/p>\n<p>Liderzy zgodzili si\u0119 we wsp\u00f3lnym o\u015bwiadczeniu r\u00f3wnie\u017c, \u017ce zapewni\u0105 Ukrainie &#8211;\u00a0w\u00a0ramach gwarancji bezpiecze\u0144stwa &#8211;\u00a0trwa\u0142e i\u00a0znacz\u0105ce wsparcie w\u00a0utrzymaniu jej si\u0142 zbrojnych na poziomie 800 tys. \u017co\u0142nierzy w\u00a0czasie pokoju.<\/p>\n<p>O\u015bwiadczenie zosta\u0142o wydane przez prezydent\u00f3w i\u00a0szef\u00f3w rz\u0105d\u00f3w kilku europejskich pa\u0144stw, w\u00a0tym przez premiera RP Donalda Tuska. <\/p>\n<p>Dokument wydano tak\u017ce w\u00a0imieniu: kanclerza Niemiec Friedricha Merza, premier Danii Mette Frederiksen, prezydenta Finlandii Alexandra Stubba, prezydenta Francji Emmanuela Macrona, premierki W\u0142och Giorgii Meloni, premiera Holandii Dicka Schoofa, premiera Norwegii Jonasa Gahra Stoere, premiera Szwecji Ulfa Kristerssona, premiera Wielkiej Brytanii Keira Starmera, przewodnicz\u0105cego Rady Europejskiej Antonio Costy oraz szefowej Komisji Europejskiej Ursuli von der Leyen.<\/p>\n","protected":false},"excerpt":{"rendered":"Misja mia\u0142aby dzia\u0142a\u0107 tak\u017ce na terytorium Ukrainy. Ponadto zgodnie z\u00a0o\u015bwiadczeniem europejskich przyw\u00f3dc\u00f3w decyzje dotycz\u0105ce ewentualnych ust\u0119pstw terytorialnych mog\u0105&hellip;\n","protected":false},"author":2,"featured_media":153079,"comment_status":"","ping_status":"","sticky":false,"template":"","format":"standard","meta":{"footnotes":""},"categories":[14],"tags":[32,33,27,34,35,28,31,25,40,41,80,29,30,26,82,83,84],"class_list":{"0":"post-153078","1":"post","2":"type-post","3":"status-publish","4":"format-standard","5":"has-post-thumbnail","7":"category-swiat","8":"tag-breaking-news","9":"tag-breakingnews","10":"tag-headlines","11":"tag-latest-news","12":"tag-latestnews","13":"tag-naglowki","14":"tag-najwazniejsze-artykuly","15":"tag-news","16":"tag-polish","17":"tag-polski","18":"tag-swiat","19":"tag-top-stories","20":"tag-topstories","21":"tag-wiadomosci","22":"tag-world","23":"tag-world-news","24":"tag-worldnews"},"share_on_mastodon":{"url":"https:\/\/pubeurope.com\/@pl\/115726201955168154","error":""},"_links":{"self":[{"href":"https:\/\/www.europesays.com\/pl\/wp-json\/wp\/v2\/posts\/153078","targetHints":{"allow":["GET"]}}],"collection":[{"href":"https:\/\/www.europesays.com\/pl\/wp-json\/wp\/v2\/posts"}],"about":[{"href":"https:\/\/www.europesays.com\/pl\/wp-json\/wp\/v2\/types\/post"}],"author":[{"embeddable":true,"href":"https:\/\/www.europesays.com\/pl\/wp-json\/wp\/v2\/users\/2"}],"replies":[{"embeddable":true,"href":"https:\/\/www.europesays.com\/pl\/wp-json\/wp\/v2\/comments?post=153078"}],"version-history":[{"count":0,"href":"https:\/\/www.europesays.com\/pl\/wp-json\/wp\/v2\/posts\/153078\/revisions"}],"wp:featuredmedia":[{"embeddable":true,"href":"https:\/\/www.europesays.com\/pl\/wp-json\/wp\/v2\/media\/153079"}],"wp:attachment":[{"href":"https:\/\/www.europesays.com\/pl\/wp-json\/wp\/v2\/media?parent=153078"}],"wp:term":[{"taxonomy":"category","embeddable":true,"href":"https:\/\/www.europesays.com\/pl\/wp-json\/wp\/v2\/categories?post=153078"},{"taxonomy":"post_tag","embeddable":true,"href":"https:\/\/www.europesays.com\/pl\/wp-json\/wp\/v2\/tags?post=153078"}],"curies":[{"name":"wp","href":"https:\/\/api.w.org\/{rel}","templated":true}]}}