{"id":153080,"date":"2025-12-15T23:34:13","date_gmt":"2025-12-15T23:34:13","guid":{"rendered":"https:\/\/www.europesays.com\/pl\/153080\/"},"modified":"2025-12-15T23:34:13","modified_gmt":"2025-12-15T23:34:13","slug":"prezydent-sosnowca-nie-wytrzymal-kabaret-go-oburzyl-smiac-sie-czy-spuscic-wzrok","status":"publish","type":"post","link":"https:\/\/www.europesays.com\/pl\/153080\/","title":{"rendered":"Prezydent Sosnowca nie wytrzyma\u0142. Kabaret go oburzy\u0142. '\u015amia\u0107 si\u0119, czy spu\u015bci\u0107 wzrok&#8217;"},"content":{"rendered":"<p class=\"art_paragraph\">Podczas festiwalu Ryjek dosz\u0142o do szokuj\u0105cej sytuacji. Kabaret Zdolni i Skromni zaprezentowa\u0142 skecz, kt\u00f3rego akcja rozgrywa\u0142a si\u0119 na fikcyjnej sesji Rady Miasta z udzia\u0142em sosnowieckich urz\u0119dnik\u00f3w. Wyst\u0119p szybko wywo\u0142a\u0142 spore poruszenie, nie tylko w\u015br\u00f3d widz\u00f3w, ale przede wszystkim w samym Sosnowcu. Prezydent miasta, Arkadiusz Ch\u0119ci\u0144ski, zareagowa\u0142 oburzeniem w mediach spo\u0142eczno\u015bciowych, oceniaj\u0105c skecz jako &#8222;tani, leniwy i \u017cenuj\u0105cy&#8221; oraz podkre\u015blaj\u0105c, \u017ce jego zdaniem obra\u017ca on mieszka\u0144c\u00f3w. To jednak nie wszystko.<\/p>\n<p>\n    Zobacz wideo G\u00f3rski o opolskich festiwalach za czas\u00f3w Kurskiego: To by\u0142o bardzo przykre\n  <\/p>\n<p> Prezydent Sosnowca nie wytrzyma\u0142. Wszystko przez wyst\u0119p kabaretu Zdolni i Skromni<\/p>\n<p class=\"art_paragraph\">Prezydent Sosnowca po zobaczeniu skeczu od razu zabra\u0142 g\u0142os w mediach spo\u0142eczno\u015bciowych. Najpierw wspomnia\u0142, \u017ce oczywi\u015bcie ma dystans do wielu spraw i humor jest potrzebny. S\u0105 jednak granice. Nie tylko on to zauwa\u017cy\u0142. &#8222;Jednak w sobotni wiecz\u00f3r mia\u0142em ciary \u017cenady. Jak si\u0119 okazuje, nie tylko ja. Dawno nie dosta\u0142em tylu wiadomo\u015bci i telefon\u00f3w &#8211; i to z powodu skeczu. To, co zaprezentowa\u0142 kabaret Zdolni i Skromni na Ryjku w Rybniku, nie by\u0142o humorem: by\u0142o tanie, leniwe i zwyczajnie \u017cenuj\u0105ce. I to nie tylko moja opinia, bo ta mog\u0142aby by\u0107 nieobiektywna. Wystarczy spojrze\u0107 na komentarze w internecie i co wa\u017cniejsze, na reakcje samej publiki. Nawet ona momentami nie wiedzia\u0142a, czy si\u0119 \u015bmia\u0107, czy spu\u015bci\u0107 wzrok&#8221; &#8211; grzmia\u0142 w sieci.\u00a0<\/p>\n<p class=\"art_paragraph\">Zdaniem Arkadiusza Ch\u0119ci\u0144skiego, w tym przypadku dosz\u0142o do obra\u017cania mieszka\u0144c\u00f3w. &#8222;Je\u015bli jedynym pomys\u0142em na skecz o Sosnowcu s\u0105 stare, wy\u015bwiechtane kalki, ale te\u017c obra\u017canie mieszka\u0144c\u00f3w, to problemem nie jest miasto, tylko kryzys kreatywno\u015bci autor\u00f3w. Kabaret mo\u017ce by\u0107 ostry, bezczelny, prowokuj\u0105cy, ale musi by\u0107 m\u0105dry. Tutaj zabrak\u0142o wszystkiego&#8221; &#8211; czytamy.<\/p>\n<p> Prezydent Sosnowca\u00a0zaprosi\u0142 kabareciarzy<\/p>\n<p class=\"art_paragraph\">Arkadiusz Ch\u0119ci\u0144ski stwierdzi\u0142, \u017ce ma propozycj\u0119 dla kabaretu. Zaproponowa\u0142 im wyst\u0119p w Sosnowcu, kt\u00f3ry mia\u0142by zweryfikowa\u0107, czy skecz jest \u015bmieszny dla ka\u017cdego. &#8222;Mam jednak propozycj\u0119, autor\u00f3w zapraszam do Sosnowca. Zr\u00f3bcie dok\u0142adnie ten sam skecz przed sosnowieck\u0105 publiczno\u015bci\u0105. By\u0107 mo\u017ce wtedy, drodzy kabareciarze, zobaczycie na w\u0142asne oczy reakcj\u0119 na '\u017carty&#8217;, kt\u00f3re nie \u015bmiesz\u0105, tylko obra\u017caj\u0105. To b\u0119dzie najlepsza recenzja tego wyst\u0119pu. Szkoda, bo Zdolni i Skromni wielokrotnie potrafili ob\u015bmia\u0107 r\u00f3\u017cnice mi\u0119dzy \u015al\u0105skiem a Zag\u0142\u0119biem. Parafrazuj\u0105c fragment tego 'wysublimowanego skeczu&#8217;: gdybym mia\u0142 wybra\u0107 pok\u00f3j na \u015bwiecie czy ogl\u0105danie kabaretu, to wy\u0142\u0105czy\u0142bym telewizor&#8221; &#8211; skwitowa\u0142 ostro.<\/p>\n","protected":false},"excerpt":{"rendered":"Podczas festiwalu Ryjek dosz\u0142o do szokuj\u0105cej sytuacji. Kabaret Zdolni i Skromni zaprezentowa\u0142 skecz, kt\u00f3rego akcja rozgrywa\u0142a si\u0119 na&hellip;\n","protected":false},"author":2,"featured_media":153081,"comment_status":"","ping_status":"","sticky":false,"template":"","format":"standard","meta":{"footnotes":""},"categories":[12],"tags":[32,33,36,37,27,34,35,28,31,25,42,38,40,39,41,29,30,26],"class_list":{"0":"post-153080","1":"post","2":"type-post","3":"status-publish","4":"format-standard","5":"has-post-thumbnail","7":"category-polska","8":"tag-breaking-news","9":"tag-breakingnews","10":"tag-featured-news","11":"tag-featurednews","12":"tag-headlines","13":"tag-latest-news","14":"tag-latestnews","15":"tag-naglowki","16":"tag-najwazniejsze-artykuly","17":"tag-news","18":"tag-pl","19":"tag-poland","20":"tag-polish","21":"tag-polska","22":"tag-polski","23":"tag-top-stories","24":"tag-topstories","25":"tag-wiadomosci"},"share_on_mastodon":{"url":"https:\/\/pubeurope.com\/@pl\/115726205850065174","error":""},"_links":{"self":[{"href":"https:\/\/www.europesays.com\/pl\/wp-json\/wp\/v2\/posts\/153080","targetHints":{"allow":["GET"]}}],"collection":[{"href":"https:\/\/www.europesays.com\/pl\/wp-json\/wp\/v2\/posts"}],"about":[{"href":"https:\/\/www.europesays.com\/pl\/wp-json\/wp\/v2\/types\/post"}],"author":[{"embeddable":true,"href":"https:\/\/www.europesays.com\/pl\/wp-json\/wp\/v2\/users\/2"}],"replies":[{"embeddable":true,"href":"https:\/\/www.europesays.com\/pl\/wp-json\/wp\/v2\/comments?post=153080"}],"version-history":[{"count":0,"href":"https:\/\/www.europesays.com\/pl\/wp-json\/wp\/v2\/posts\/153080\/revisions"}],"wp:featuredmedia":[{"embeddable":true,"href":"https:\/\/www.europesays.com\/pl\/wp-json\/wp\/v2\/media\/153081"}],"wp:attachment":[{"href":"https:\/\/www.europesays.com\/pl\/wp-json\/wp\/v2\/media?parent=153080"}],"wp:term":[{"taxonomy":"category","embeddable":true,"href":"https:\/\/www.europesays.com\/pl\/wp-json\/wp\/v2\/categories?post=153080"},{"taxonomy":"post_tag","embeddable":true,"href":"https:\/\/www.europesays.com\/pl\/wp-json\/wp\/v2\/tags?post=153080"}],"curies":[{"name":"wp","href":"https:\/\/api.w.org\/{rel}","templated":true}]}}