{"id":153084,"date":"2025-12-15T23:36:15","date_gmt":"2025-12-15T23:36:15","guid":{"rendered":"https:\/\/www.europesays.com\/pl\/153084\/"},"modified":"2025-12-15T23:36:15","modified_gmt":"2025-12-15T23:36:15","slug":"wta-oglasza-oficjalnie-swiatek-przegrala-z-sabalenka","status":"publish","type":"post","link":"https:\/\/www.europesays.com\/pl\/153084\/","title":{"rendered":"WTA og\u0142asza oficjalnie! \u015awi\u0105tek przegra\u0142a z Sabalenk\u0105"},"content":{"rendered":"<p>Aryna Sabalenka zosta\u0142a Tenisistk\u0105 Roku WTA. Bia\u0142orusinka zdoby\u0142a ten presti\u017cowy tytu\u0142 po raz drugi z rz\u0119du. W pokonanym polu zostawi\u0142a mi\u0119dzy innymi Ig\u0119 \u015awi\u0105tek, kt\u00f3ra r\u00f3wnie\u017c by\u0142a nominowana.<\/p>\n<p>Tenisistka Roku to najwa\u017cniejsza nagroda indywidualna w cyklu WTA. Za sezon 2025 nominowane by\u0142y: Aryna Sabalenka, Iga \u015awi\u0105tek, Amanda Anisimova, Coco Gauff, Madison Keys i Jelena Rybakina. W g\u0142osowaniu udzia\u0142 brali przedstawiciele mi\u0119dzynarodowych medi\u00f3w.<\/p>\n<p>\u00a0<\/p>\n<p>ZOBACZ TAK\u017bE: <a href=\"https:\/\/www.polsatsport.pl\/wiadomosc\/2025-12-15\/sabalenka-wciaz-na-czele-goni-swiatek-i-wozniacki\/\" target=\"_blank\" rel=\"noopener noreferrer nofollow\">Sabalenka wci\u0105\u017c na czele. Goni \u015awi\u0105tek i Wozniacki<\/a><\/p>\n<p>Sabalenka zdoby\u0142a ponad 80% g\u0142os\u00f3w. Zdecydowana wi\u0119kszo\u015b\u0107 ekspert\u00f3w nie mia\u0142a w\u0105tpliwo\u015bci, \u017ce to w\u0142a\u015bnie jej nale\u017cy si\u0119 tytu\u0142. Po raz drugi z rz\u0119du &#8211; dodajmy.\u00a0<\/p>\n<p>\u00a0<\/p>\n<p>Jak czytamy w uzasadnieniu na oficjalnej stronie WTA, Sabalenka dotar\u0142a do najwi\u0119kszej liczby fina\u0142\u00f3w (9), zdoby\u0142a najwi\u0119cej tytu\u0142\u00f3w (4), odnios\u0142a najwi\u0119cej zwyci\u0119stw (63) i ustanowi\u0142a nowy rekord nagr\u00f3d pieni\u0119\u017cnych w jednym sezonie (15 008 519 dolar\u00f3w). Ten rok wyra\u017anie nale\u017ca\u0142 do zawodniczki pochodz\u0105cej z Mi\u0144ska.\u00a0<\/p>\n<p>\u00a0<\/p>\n<p>Ponadto Bia\u0142orusinka przez ca\u0142y sezon zajmowa\u0142a pierwsze miejsce w rankingu WTA.\u00a0<\/p>\n<p><a class=\"news__read-more-button\" href=\"https:\/\/www.polsatsport.pl\/\" rel=\"nofollow noopener\" target=\"_blank\">Przejd\u017a na Polsatsport.pl<\/a><img decoding=\"async\" src=\"https:\/\/www.europesays.com\/pl\/wp-content\/uploads\/2025\/12\/4dayondig68sr2et8koibfx3szezqrzu.jpg\" alt=\"\" itemprop=\"contentUrl\" style=\"position:absolute; width: 100%; max-height: 100%;\"\/><video controls=\"\" controlslist=\"nodownload\" poster=\"https:\/\/www.europesays.com\/pl\/wp-content\/uploads\/2025\/12\/4dayondig68sr2et8koibfx3szezqrzu.jpg\" class=\"videoPlayer player7301915 news__video\" data-id=\"7301915\">Twoja przegl\u0105darka nie wspiera odtwarzacza wideo&#8230;<\/video>PolsatSport.pl w wersji na telefony z systemem Android i iOS!<\/p>\n<p class=\"app-ad__preview\">Najnowsze informacje i wiadomo\u015bci na bie\u017c\u0105co, gdziekolwiek jeste\u015b.<\/p>\n","protected":false},"excerpt":{"rendered":"Aryna Sabalenka zosta\u0142a Tenisistk\u0105 Roku WTA. Bia\u0142orusinka zdoby\u0142a ten presti\u017cowy tytu\u0142 po raz drugi z rz\u0119du. W pokonanym&hellip;\n","protected":false},"author":2,"featured_media":153085,"comment_status":"","ping_status":"","sticky":false,"template":"","format":"standard","meta":{"footnotes":""},"categories":[24],"tags":[42,38,40,39,41,127,126],"class_list":{"0":"post-153084","1":"post","2":"type-post","3":"status-publish","4":"format-standard","5":"has-post-thumbnail","7":"category-sport","8":"tag-pl","9":"tag-poland","10":"tag-polish","11":"tag-polska","12":"tag-polski","13":"tag-sport","14":"tag-sports"},"share_on_mastodon":{"url":"https:\/\/pubeurope.com\/@pl\/115726214002142475","error":""},"_links":{"self":[{"href":"https:\/\/www.europesays.com\/pl\/wp-json\/wp\/v2\/posts\/153084","targetHints":{"allow":["GET"]}}],"collection":[{"href":"https:\/\/www.europesays.com\/pl\/wp-json\/wp\/v2\/posts"}],"about":[{"href":"https:\/\/www.europesays.com\/pl\/wp-json\/wp\/v2\/types\/post"}],"author":[{"embeddable":true,"href":"https:\/\/www.europesays.com\/pl\/wp-json\/wp\/v2\/users\/2"}],"replies":[{"embeddable":true,"href":"https:\/\/www.europesays.com\/pl\/wp-json\/wp\/v2\/comments?post=153084"}],"version-history":[{"count":0,"href":"https:\/\/www.europesays.com\/pl\/wp-json\/wp\/v2\/posts\/153084\/revisions"}],"wp:featuredmedia":[{"embeddable":true,"href":"https:\/\/www.europesays.com\/pl\/wp-json\/wp\/v2\/media\/153085"}],"wp:attachment":[{"href":"https:\/\/www.europesays.com\/pl\/wp-json\/wp\/v2\/media?parent=153084"}],"wp:term":[{"taxonomy":"category","embeddable":true,"href":"https:\/\/www.europesays.com\/pl\/wp-json\/wp\/v2\/categories?post=153084"},{"taxonomy":"post_tag","embeddable":true,"href":"https:\/\/www.europesays.com\/pl\/wp-json\/wp\/v2\/tags?post=153084"}],"curies":[{"name":"wp","href":"https:\/\/api.w.org\/{rel}","templated":true}]}}