{"id":153086,"date":"2025-12-15T23:37:26","date_gmt":"2025-12-15T23:37:26","guid":{"rendered":"https:\/\/www.europesays.com\/pl\/153086\/"},"modified":"2025-12-15T23:37:26","modified_gmt":"2025-12-15T23:37:26","slug":"pogrzeb-piotra-cieplaka-gwiazdy-zegnaja-znanego-rezysera","status":"publish","type":"post","link":"https:\/\/www.europesays.com\/pl\/153086\/","title":{"rendered":"Pogrzeb Piotra Cieplaka. Gwiazdy \u017cegnaj\u0105 znanego re\u017cysera"},"content":{"rendered":"<p class=\"ods-c-paragraph \">Piotr Cieplak w trakcie swojej kariery wsp\u00f3\u0142pracowa\u0142 m.in. z Teatrem Dramatycznym w Warszawie oraz Teatrem Wsp\u00f3\u0142czesnym we Wroc\u0142awiu. Wyk\u0142ada\u0142 tak\u017ce na Akademii Teatralnej, kt\u00f3rej przedstawiciele poinformowali o jego odej\u015bciu.<\/p>\n<p> Gdzie odby\u0142 si\u0119 pogrzeb Piotra Cieplaka? <\/p>\n<p> Kto by\u0142 obecny na pogrzebie Piotra Cieplaka? <\/p>\n<p> Z jakimi teatrami wsp\u00f3\u0142pracowa\u0142 Piotr Cieplak? <\/p>\n<p> Kiedy odby\u0142 si\u0119 pogrzeb Piotra Cieplaka? <\/p>\n<p class=\"ods-c-paragraph \">W poniedzia\u0142ek, 15 grudnia, w ko\u015bciele pw. \u015bw. Dominika w Warszawie odby\u0142 si\u0119 pogrzeb re\u017cysera. T\u0142um bliskich oraz przyjaci\u00f3\u0142 z bran\u017cy pojawi\u0142 si\u0119, by po\u017cegna\u0107 Piotra Cieplaka. W\u015br\u00f3d nich znale\u017ali si\u0119 m.in. Zbigniew Zamachowski, Gabriela Muska\u0142a, Katarzyna Herman, Jaros\u0142aw Boberek, Jerzy Radziwi\u0142owicz oraz Agata Kulesza.<\/p>\n<p> Galeria zdj\u0119\u0107    Pogrzeb Piotra Cieplaka    <img src=\"https:\/\/www.europesays.com\/pl\/wp-content\/uploads\/2025\/12\/D9Zk9lGaHR0cHM6Ly9vY2RuLmV1L3B1bHNjbXMvTURBXy80YjYwODRlMC0yNmRhLTQ5MTgtYjNiNi0wZTU2YzQwN2I5OWEuanBlZ.jpeg\" height=\"627\" width=\"940\" alt=\"Pogrzeb Piotra Cieplaka\" loading=\"lazy\" decoding=\"async\" class=\"ods-c-image__img ods-c-image__img--placeholder\"\/>     1\/8   <\/p>\n<p>PAP\/Leszek Szyma\u0144ski<\/p>\n<p>        Pogrzeb Piotra Cieplaka. Jerzy Radziwi\u0142owicz     <img src=\"https:\/\/www.europesays.com\/pl\/wp-content\/uploads\/2025\/12\/rQNk9lGaHR0cHM6Ly9vY2RuLmV1L3B1bHNjbXMvTURBXy83YzVjNjAwNC04ZmY0LTRlNGItOWMzNS1hODkzMTRiYWYwMDQuanBlZ.jpeg\" height=\"627\" width=\"940\" alt=\"Pogrzeb Piotra Cieplaka. Jerzy Radziwi\u0142owicz \" loading=\"lazy\" decoding=\"async\" class=\"ods-c-image__img ods-c-image__img--placeholder\"\/>     2\/8   <\/p>\n<p>PAP\/Leszek Szyma\u0144ski<\/p>\n<p>        Pogrzeb Piotra Cieplaka. Gabriela Muska\u0142a, Zbigniew Zamachowski    <img src=\"https:\/\/www.europesays.com\/pl\/wp-content\/uploads\/2025\/12\/t27k9lGaHR0cHM6Ly9vY2RuLmV1L3B1bHNjbXMvTURBXy83YjRhNDRkMi04YTc5LTRiNDMtYWUwMi1lODBmMzA1ZTA1YjcuanBlZ.jpeg\" height=\"529\" width=\"940\" alt=\"Pogrzeb Piotra Cieplaka. Gabriela Muska\u0142a, Zbigniew Zamachowski\" loading=\"lazy\" decoding=\"async\" class=\"ods-c-image__img ods-c-image__img--placeholder\"\/>     3\/8   <\/p>\n<p>PAP\/Leszek Szyma\u0144ski<\/p>\n<p>        Pogrzeb Piotra Cieplaka    <img src=\"https:\/\/www.europesays.com\/pl\/wp-content\/uploads\/2025\/12\/nSXk9lGaHR0cHM6Ly9vY2RuLmV1L3B1bHNjbXMvTURBXy9iMmE5ZDQ5My05YjIwLTRiMDUtYjVlMi00ZDVjZDlhYWJiZDAuanBlZ.jpeg\" height=\"627\" width=\"940\" alt=\"Pogrzeb Piotra Cieplaka\" loading=\"lazy\" decoding=\"async\" class=\"ods-c-image__img ods-c-image__img--placeholder\"\/>     4\/8   <\/p>\n<p>PAP\/Leszek Szyma\u0144ski<\/p>\n<p>        Pogrzeb Piotra Cieplaka. Katarzyna Herman    <img src=\"https:\/\/www.europesays.com\/pl\/wp-content\/uploads\/2025\/12\/pMgk9lBaHR0cHM6Ly9vY2RuLmV1L3B1bHNjbXMvTURBXy8wZjg0ZmJmZjVhNzdiZjA2NzkzZmU5ZWUwOGZjZGM3Yy5qcGeRlQLNA.jpeg\" height=\"529\" width=\"940\" alt=\"Pogrzeb Piotra Cieplaka. Katarzyna Herman\" loading=\"lazy\" decoding=\"async\" class=\"ods-c-image__img ods-c-image__img--placeholder\"\/>     5\/8   <\/p>\n<p>Jacek Kurnikowski \/ AKPA<\/p>\n<p>        Pogrzeb Piotra Cieplaka    <img src=\"https:\/\/www.europesays.com\/pl\/wp-content\/uploads\/2025\/12\/Ts8k9lGaHR0cHM6Ly9vY2RuLmV1L3B1bHNjbXMvTURBXy84MDI1ZDMzMC1kYzNiLTQxYTUtOTY5Yi01OGUyNGRiODRlMTMuanBlZ.jpeg\" height=\"627\" width=\"940\" alt=\"Pogrzeb Piotra Cieplaka\" loading=\"lazy\" decoding=\"async\" class=\"ods-c-image__img ods-c-image__img--placeholder\"\/>     6\/8   <\/p>\n<p>PAP\/Leszek Szyma\u0144ski<\/p>\n<p>        Pogrzeb Piotra Cieplaka    <img src=\"https:\/\/www.europesays.com\/pl\/wp-content\/uploads\/2025\/12\/pnik9lGaHR0cHM6Ly9vY2RuLmV1L3B1bHNjbXMvTURBXy9jOTA3ZmJkMC1jMTA1LTQwYmQtYWVkYi0yZTA5N2M3ZTg4Y2IuanBlZ.jpeg\" height=\"627\" width=\"940\" alt=\"Pogrzeb Piotra Cieplaka\" loading=\"lazy\" decoding=\"async\" class=\"ods-c-image__img ods-c-image__img--placeholder\"\/>     7\/8   <\/p>\n<p>PAP\/Leszek Szyma\u0144ski<\/p>\n<p>        Pogrzeb Piotra Cieplaka. Jaros\u0142aw Boberek    <img src=\"https:\/\/www.europesays.com\/pl\/wp-content\/uploads\/2025\/12\/GSgk9lBaHR0cHM6Ly9vY2RuLmV1L3B1bHNjbXMvTURBXy81ZDJlOGYxY2FkODIwN2E5M2ZiZjM2ZDMxN2ExNzgxZC5qcGeRlQLNA.jpeg\" height=\"529\" width=\"940\" alt=\"Pogrzeb Piotra Cieplaka. Jaros\u0142aw Boberek\" loading=\"lazy\" decoding=\"async\" class=\"ods-c-image__img ods-c-image__img--placeholder\"\/>     8\/8   <\/p>\n<p>Jacek Kurnikowski \/ AKPA<\/p>\n<p>Dzi\u0119kujemy, \u017ce przeczyta\u0142a\u015b\/e\u015b nasz artyku\u0142 do ko\u0144ca. W serwisie Plejada.pl ka\u017cdego dnia piszemy o najwa\u017cniejszych wydarzeniach show-biznesowych. <\/p>\n<p>B\u0105d\u017a na bie\u017c\u0105co! Obserwuj Plejad\u0119 w <a href=\"http:\/\/news.google.com\/publications\/CAAiEF0PeAlb7W1llpV_mwV2rL4qFAgKIhBdD3gJW-1tZZaVf5sFdqy-?hl=pl&amp;gl=PL&amp;ceid=PL%3Apl\" rel=\"nofollow noopener\" target=\"_blank\">Wiadomo\u015bciach Google<\/a>. Odwied\u017a nas tak\u017ce na <a href=\"http:\/\/facebook.com\/plejadapl\" rel=\"nofollow noopener\" target=\"_blank\">Facebooku<\/a> , <a href=\"http:\/\/instagram.com\/plejadapl\/\" rel=\"nofollow noopener\" target=\"_blank\">Instagramie<\/a>, <a href=\"http:\/\/youtube.com\/c\/plejada\" rel=\"nofollow noopener\" target=\"_blank\">YouTubie<\/a> i <a href=\"http:\/\/tiktok.com\/@plejada_pl\" rel=\"nofollow noopener\" target=\"_blank\">TikToku<\/a>. <\/p>\n<p>Chcesz podzieli\u0107 si\u0119 ciekawym newsem lub zaproponowa\u0107 temat? Skontaktuj si\u0119 z nami, pisz\u0105c maila na adres: plejada@redakcjaonet.pl<\/p>\n<p>  <script async src=\"\/\/www.instagram.com\/embed.js\"><\/script><script async src=\"\/\/www.tiktok.com\/embed.js\"><\/script><\/p>\n","protected":false},"excerpt":{"rendered":"Piotr Cieplak w trakcie swojej kariery wsp\u00f3\u0142pracowa\u0142 m.in. z Teatrem Dramatycznym w Warszawie oraz Teatrem Wsp\u00f3\u0142czesnym we Wroc\u0142awiu.&hellip;\n","protected":false},"author":2,"featured_media":153087,"comment_status":"","ping_status":"","sticky":false,"template":"","format":"standard","meta":{"footnotes":""},"categories":[22],"tags":[122,7863,48,125,46,28464,42,393,38,40,39,41,25199,123,47,3529],"class_list":{"0":"post-153086","1":"post","2":"type-post","3":"status-publish","4":"format-standard","5":"has-post-thumbnail","7":"category-rozrywka","8":"tag-entertainment","9":"tag-jaroslaw_boberek","10":"tag-nat_styl","11":"tag-newsy","12":"tag-omp","13":"tag-piotr_cieplak","14":"tag-pl","15":"tag-pogrzeb","16":"tag-poland","17":"tag-polish","18":"tag-polska","19":"tag-polski","20":"tag-rebrand_ai_tst1","21":"tag-rozrywka","22":"tag-screening_general","23":"tag-zbigniew_zamachowski"},"share_on_mastodon":{"url":"https:\/\/pubeurope.com\/@pl\/115726217902528446","error":""},"_links":{"self":[{"href":"https:\/\/www.europesays.com\/pl\/wp-json\/wp\/v2\/posts\/153086","targetHints":{"allow":["GET"]}}],"collection":[{"href":"https:\/\/www.europesays.com\/pl\/wp-json\/wp\/v2\/posts"}],"about":[{"href":"https:\/\/www.europesays.com\/pl\/wp-json\/wp\/v2\/types\/post"}],"author":[{"embeddable":true,"href":"https:\/\/www.europesays.com\/pl\/wp-json\/wp\/v2\/users\/2"}],"replies":[{"embeddable":true,"href":"https:\/\/www.europesays.com\/pl\/wp-json\/wp\/v2\/comments?post=153086"}],"version-history":[{"count":0,"href":"https:\/\/www.europesays.com\/pl\/wp-json\/wp\/v2\/posts\/153086\/revisions"}],"wp:featuredmedia":[{"embeddable":true,"href":"https:\/\/www.europesays.com\/pl\/wp-json\/wp\/v2\/media\/153087"}],"wp:attachment":[{"href":"https:\/\/www.europesays.com\/pl\/wp-json\/wp\/v2\/media?parent=153086"}],"wp:term":[{"taxonomy":"category","embeddable":true,"href":"https:\/\/www.europesays.com\/pl\/wp-json\/wp\/v2\/categories?post=153086"},{"taxonomy":"post_tag","embeddable":true,"href":"https:\/\/www.europesays.com\/pl\/wp-json\/wp\/v2\/tags?post=153086"}],"curies":[{"name":"wp","href":"https:\/\/api.w.org\/{rel}","templated":true}]}}