{"id":153088,"date":"2025-12-15T23:40:12","date_gmt":"2025-12-15T23:40:12","guid":{"rendered":"https:\/\/www.europesays.com\/pl\/153088\/"},"modified":"2025-12-15T23:40:12","modified_gmt":"2025-12-15T23:40:12","slug":"rosjanie-oblezeni-w-kupiansku-uzywali-dzieci-jako-zywych-tarcz-swiat","status":"publish","type":"post","link":"https:\/\/www.europesays.com\/pl\/153088\/","title":{"rendered":"Rosjanie obl\u0119\u017ceni w Kupia\u0144sku. U\u017cywali dzieci jako \u017cywych tarcz &#8211; \u015awiat"},"content":{"rendered":"<p>Rosjanie obl\u0119\u017ceni w Kupia\u0144sku. Ich liczb\u0119 wyda\u0142y kr\u00f3tkofal\u00f3wki<\/p>\n<p>W Kupia\u0144sku obl\u0119\u017conych jest od stu do dwustu rosyjskich \u017co\u0142nierzy. &#8211; Wed\u0142ug wst\u0119pnych szacunk\u00f3w naszego wywiadu, pod koniec ubieg\u0142ego tygodnia na kr\u00f3tkofal\u00f3wkach by\u0142o 40 aktywnych znak\u00f3w wywo\u0142awczych. Zazwyczaj jedna kr\u00f3tkofal\u00f3wka przypada na trzy, mo\u017ce cztery osoby. Szacujemy zatem, \u017ce jest ich oko\u0142o 100 do 200 &#8211; przekaza\u0142 szef Wydzia\u0142u \u0141\u0105czno\u015bci Grupy Si\u0142 Po\u0142\u0105czonych Ukrai\u0144skich Si\u0142 Zbrojnych\u00a0na antenie ukrai\u0144skiej telewizji podczas tzw. wsp\u00f3lnego maratonu informacyjnego.<\/p>\n<p>Trehubow doda\u0142, \u017ce oswobadzanie miasta odbywa si\u0119 powoli. &#8211; Sytuacja si\u0119 rozwija, poniewa\u017c Rosjanie s\u0105 obecnie skutecznie zablokowani w mie\u015bcie i s\u0105 stopniowo wypierani. S\u0142yszeli\u015bmy ju\u017c pewne informacje o tym, jak to si\u0119 dzieje. W szczeg\u00f3lno\u015bci o uwolnieniu cywilnych zak\u0142adnik\u00f3w, kt\u00f3rych Rosjanie u\u017cywali jako \u017cywych tarcz, w tym dzieci. I to wyja\u015bnia, dlaczego nie dzieje si\u0119 to natychmiast &#8211; m\u00f3wi\u0142 dziennikarzom.<\/p>\n<p>Most powietrzny. Wida\u0107 Rosjan, biegn\u0105cych po zrzut<\/p>\n<p>Rzecznik wskaza\u0142, \u017ce pozostaj\u0105cy w obl\u0119\u017ceniu s\u0105 zdani na tzw. most powietrzny. Pozosta\u0142e linie logistyczne s\u0105 zablokowane. Wed\u0142ug wojskowego nie ma teraz nawet mowy o uzupe\u0142nianiu zapas\u00f3w. Jednak most dronowy niesie z sob\u0105 du\u017ce ryzyko &#8211; gdy Ukrai\u0144cy widz\u0105, gdzie spadaj\u0105 \u0142adunki, mog\u0105 wy\u015bledzi\u0107 biegn\u0105cych po nie \u017co\u0142nierzy i ich p\u00f3\u017aniejsz\u0105 drog\u0119 do ukrycia. Wed\u0142ug wojskowego nie ma teraz nawet mowy o uzupe\u0142nianiu zapas\u00f3w.<\/p>\n<p>Do tego, jak wskaza\u0142 wojskowy, drony maj\u0105 ograniczon\u0105 \u0142adowno\u015b\u0107,\u00a0nie mog\u0105 lata\u0107 wsz\u0119dzie. &#8211; Bycie Rosjaninem w Kupia\u0144sku nie jest teraz przyjemne &#8211; wskaza\u0142 rzecznik Wiktor Trehubow na antenie maratonu informacyjnego ukrai\u0144skiej telewizji.<\/p>\n<p>Prezydent Ze\u0142enski w Kupia\u0144sku<\/p>\n<p>12 grudnia prezydent Ukrainy Wo\u0142odymyr Ze\u0142enski odwiedzi\u0142 Kupia\u0144sk w obwodzie charkowskim. Kilka tygodni temu 20 listopada szef Sztabu Generalnego Rosj Walerij Gierasimow, poinformowa\u0142 Putina o &#8222;zdobyciu&#8221; Kupia\u0144ska. Jednak tej informacji nie dowierzali nawet prorosyjscy blogerzy. Ukrai\u0144skie media zauwa\u017ca\u0142y jednak, \u017ce W\u0142adimir Putin zaprasza\u0142 dziennikarzy do Kupia\u0144ska.<\/p>\n<p>Tymczasem 12 grudnia to nie rosyjscy dziennikarze, a prezydent Ukrainy Wo\u0142odymyr Ze\u0142enski odwiedzi\u0142 Kupia\u0144sk w obwodzie charkowskim. Przes\u0142a\u0142 film z tablic\u0105 oznaczaj\u0105c\u0105 granice miasta.<\/p>\n<p>Ukrai\u0144cy przeprowadzili wcze\u015bniej udan\u0105 operacj\u0119 oczyszczenia przedmie\u015b\u0107 miasta. 12 grudnia dow\u00f3dztwo Korpusu Gwardii Narodowej Kartia poinformowa\u0142o, \u017ce ukrai\u0144skie wojska przedar\u0142y si\u0119 do rzeki Oskil i zablokowa\u0142y szlaki zaopatrzeniowe dla rosyjskiej grupy w Kupia\u0144sku. Wtedy wyzwolono wsie Kindrasz\u00f3wka, Radkiwka i osiedla na p\u00f3\u0142noc od Kupia\u0144ska.<\/p>\n<p>Publicysta ukrai\u0144ski Witalij Portnikow wskaza\u0142, \u017ce W\u0142adimir Putin ma ambitne plany wobec Kupia\u0144ska, kt\u00f3rych nie uda\u0142o mu si\u0119 zrealizowa\u0107 w 2022 roku, ale chce je zrealizowa\u0107 w 2026 roku. Chodzi o organizacj\u0119 tam &#8222;dobrowolnego referendum&#8221; pod lufami rosyjskich wojsk.<\/p>\n<p>Czytaj tak\u017ce:<\/p>\n<ul class=\"ArticleContent_articleUlList__sA7TW\">&#13;<\/p>\n<li><a href=\"https:\/\/polskieradio24.pl\/artykul\/3621141,zmasowany-atak-ukrainskich-dronow-eksplozje-w-moskwie-i-innych-miastach\" rel=\"nofollow noopener\" target=\"_blank\">Zmasowany atak ukrai\u0144skich dron\u00f3w. Eksplozje w Moskwie i innych miastach<\/a><\/li>\n<p>&#13;\n<\/ul>\n<p>\u0179r\u00f3d\u0142o: Ukrai\u0144ska Prawda\/lb.ua\/inne\/<\/p>\n","protected":false},"excerpt":{"rendered":"Rosjanie obl\u0119\u017ceni w Kupia\u0144sku. Ich liczb\u0119 wyda\u0142y kr\u00f3tkofal\u00f3wki W Kupia\u0144sku obl\u0119\u017conych jest od stu do dwustu rosyjskich \u017co\u0142nierzy.&hellip;\n","protected":false},"author":2,"featured_media":153089,"comment_status":"","ping_status":"","sticky":false,"template":"","format":"standard","meta":{"footnotes":""},"categories":[14],"tags":[32,33,27,34,35,28,31,25,40,41,80,29,30,26,82,83,84],"class_list":{"0":"post-153088","1":"post","2":"type-post","3":"status-publish","4":"format-standard","5":"has-post-thumbnail","7":"category-swiat","8":"tag-breaking-news","9":"tag-breakingnews","10":"tag-headlines","11":"tag-latest-news","12":"tag-latestnews","13":"tag-naglowki","14":"tag-najwazniejsze-artykuly","15":"tag-news","16":"tag-polish","17":"tag-polski","18":"tag-swiat","19":"tag-top-stories","20":"tag-topstories","21":"tag-wiadomosci","22":"tag-world","23":"tag-world-news","24":"tag-worldnews"},"share_on_mastodon":{"url":"https:\/\/pubeurope.com\/@pl\/115726229401378184","error":""},"_links":{"self":[{"href":"https:\/\/www.europesays.com\/pl\/wp-json\/wp\/v2\/posts\/153088","targetHints":{"allow":["GET"]}}],"collection":[{"href":"https:\/\/www.europesays.com\/pl\/wp-json\/wp\/v2\/posts"}],"about":[{"href":"https:\/\/www.europesays.com\/pl\/wp-json\/wp\/v2\/types\/post"}],"author":[{"embeddable":true,"href":"https:\/\/www.europesays.com\/pl\/wp-json\/wp\/v2\/users\/2"}],"replies":[{"embeddable":true,"href":"https:\/\/www.europesays.com\/pl\/wp-json\/wp\/v2\/comments?post=153088"}],"version-history":[{"count":0,"href":"https:\/\/www.europesays.com\/pl\/wp-json\/wp\/v2\/posts\/153088\/revisions"}],"wp:featuredmedia":[{"embeddable":true,"href":"https:\/\/www.europesays.com\/pl\/wp-json\/wp\/v2\/media\/153089"}],"wp:attachment":[{"href":"https:\/\/www.europesays.com\/pl\/wp-json\/wp\/v2\/media?parent=153088"}],"wp:term":[{"taxonomy":"category","embeddable":true,"href":"https:\/\/www.europesays.com\/pl\/wp-json\/wp\/v2\/categories?post=153088"},{"taxonomy":"post_tag","embeddable":true,"href":"https:\/\/www.europesays.com\/pl\/wp-json\/wp\/v2\/tags?post=153088"}],"curies":[{"name":"wp","href":"https:\/\/api.w.org\/{rel}","templated":true}]}}