{"id":153090,"date":"2025-12-15T23:41:11","date_gmt":"2025-12-15T23:41:11","guid":{"rendered":"https:\/\/www.europesays.com\/pl\/153090\/"},"modified":"2025-12-15T23:41:11","modified_gmt":"2025-12-15T23:41:11","slug":"jelenia-gora-ruch-miasta-po-tragedii-w-szkole-pilne-spotkania","status":"publish","type":"post","link":"https:\/\/www.europesays.com\/pl\/153090\/","title":{"rendered":"Jelenia G\u00f3ra. Ruch miasta po tragedii. W szkole pilne spotkania"},"content":{"rendered":"<p>W skr\u00f3cie<\/p>\n<ul class=\"typography ids-typeset-body ids-typeset-body--preset-large list ids-list ids-list--unordered ids-list--size-large \" datatype=\"disc\">\n<li class=\"ids-list-item\">\n<p>W Szkole Podstawowej nr 10 w Jeleniej G\u00f3rze zorganizowane zostan\u0105 pilne spotkania wychowawc\u00f3w ze wsparciem psycholog\u00f3w po tragicznej \u015bmierci 12-letniej uczennicy.<\/p>\n<\/li>\n<li class=\"ids-list-item\">\n<p>Miasto zapewnia wsparcie psychologiczne dla uczni\u00f3w, nauczycieli i rodzic\u00f3w oraz uruchamia specjalne dy\u017cury w okresie \u015bwi\u0105tecznym.<\/p>\n<\/li>\n<li class=\"ids-list-item\">\n<p>Policja prowadzi \u015bledztwo w sprawie prawdopodobnego zab\u00f3jstwa, a w sprawie zatrzymano 14-letni\u0105 uczennic\u0119.<\/p>\n<\/li>\n<li class=\"ids-list-item\"><\/li>\n<\/ul>\n<p class=\"typography ids-typeset-body ids-typeset-body--preset-large link paragraph ids-paragraph ids-paragraph--default\">Komunikat Miasta <a href=\"https:\/\/wydarzenia.interia.pl\/tematy-jelenia-gora,gsbi,7015\" rel=\"nofollow noopener\" target=\"_blank\">Jelenia G\u00f3ra<\/a> w tej sprawie pojawi\u0142 si\u0119 po zako\u0144czeniu poniedzia\u0142kowego posiedzenia Powiatowego Zespo\u0142u Zarz\u0105dzania Kryzysowego. Jak wskazano, we wtorek w Szkole Podstawowej nr 10 w ka\u017cdej klasie na pierwszych lekcjach odb\u0119d\u0105 si\u0119 spotkania wychowawc\u00f3w przy wsparciu psycholog\u00f3w i pedagog\u00f3w\u00a0z terenu miasta.<\/p>\n<p class=\"typography ids-typeset-body ids-typeset-body--preset-large link paragraph ids-paragraph ids-paragraph--default\">Dodatkowo w\u00a0plac\u00f3wce zorganizowane zostan\u0105 dy\u017cury pracownik\u00f3w Poradni Psychologiczno-Pedagogicznej\u00a0dla nauczycieli i rodzic\u00f3w uczni\u00f3w szko\u0142y. Jak zapewniono, opiek\u0105 psychologiczn\u0105 zostali obj\u0119ci do tej pory rodzice zmar\u0142ej dziewczynki.<\/p>\n<p class=\"typography ids-typeset-body ids-typeset-body--preset-large link paragraph ids-paragraph ids-paragraph--default\">Na terenie pozosta\u0142ych plac\u00f3wek o\u015bwiatowych w Jeleniej G\u00f3rze odb\u0119d\u0105 si\u0119 spotkania z psychologami i pedagogami dla uczni\u00f3w, za kt\u00f3rych organizacj\u0119 odpowiedzialni b\u0119d\u0105 dyrektorzy.<\/p>\n<p class=\"typography ids-typeset-body ids-typeset-body--preset-large link paragraph ids-paragraph ids-paragraph--default\">Specjalne dy\u017cury dla os\u00f3b, kt\u00f3re w zwi\u0105zku z poniedzia\u0142kow\u0105 tragedi\u0105 b\u0119d\u0105 potrzebowa\u0107 wsparcia psychologicznego, odb\u0119d\u0105 si\u0119 r\u00f3wnie\u017c w dniach 22-23 grudnia, kiedy w szko\u0142ach b\u0119d\u0105 trwa\u0107 ferie \u015bwi\u0105teczne. W\u00f3wczas zainteresowani powinni si\u0119 zg\u0142osi\u0107 do Poradni Psychologiczno-Pedagogicznej, kt\u00f3ra mie\u015bci si\u0119 w Jeleniej G\u00f3rze przy ul. Wolno\u015bci 259.<\/p>\n<p>Tragiczna \u015bmier\u0107 12-latki. Trwa \u015bledztwo prokuratury<\/p>\n<p class=\"typography ids-typeset-body ids-typeset-body--preset-large link paragraph ids-paragraph ids-paragraph--default\">O tragedii w Jeleniej G\u00f3rze Interia informowa\u0142a w poniedzia\u0142kowe popo\u0142udnie. Jak przekaza\u0142 naszemu serwisowi starszy aspirant \u0141ukasz Por\u0119bski z KWP we <a href=\"https:\/\/wydarzenia.interia.pl\/tematy-wroclaw,gsbi,4167\" rel=\"nofollow noopener\" target=\"_blank\">Wroc\u0142awiu<\/a>, zg\u0142oszenie o ujawnieniu zw\u0142ok w pobli\u017cu szko\u0142y podstawowej wp\u0142yn\u0119\u0142o do s\u0142u\u017cb ok. godz. 14:50. Cia\u0142o zosta\u0142o odnalezione ok. 200 metr\u00f3w od plac\u00f3wki.<\/p>\n<p class=\"typography ids-typeset-body ids-typeset-body--preset-large link paragraph ids-paragraph ids-paragraph--default\">Spraw\u0105 natychmiast zainteresowali si\u0119 \u015bledczy. Jak poinformowa\u0142a Interi\u0119 podinspektor Edyta Bagrowska, rzeczniczka KMP w Jeleniej G\u00f3rze, najprawdopodobniej dosz\u0142o do zab\u00f3jstwa 12-latki. &#8211; Trwaj\u0105 czynno\u015bci wyja\u015bniaj\u0105ce w tej sprawie &#8211; o\u015bwiadczy\u0142a.<\/p>\n<p class=\"typography ids-typeset-body ids-typeset-body--preset-large link paragraph ids-paragraph ids-paragraph--default\">\u015aledztwo w tej sprawie wszcz\u0119\u0142a Prokuratura Rejonowa w Jeleniej G\u00f3rze. Jak ustali\u0142 &#8222;Fakt&#8221;, w toku prowadzonych czynno\u015bci zatrzymano 14-letni\u0105 uczennic\u0119 szko\u0142y podstawowej, kt\u00f3ra mo\u017ce mie\u0107 zwi\u0105zek z tym zdarzeniem.<\/p>\n<p>Spotkanie Nawrockiego i Ze\u0142enskiego w Warszawie. Siwiec w &#8221;Go\u015bciu Wydarze\u0144&#8221;: Marsza\u0142ek Sejmu r\u00f3wnie\u017c b\u0119dzie go\u015bci\u0142 Ze\u0142enskiegoPolsat NewsPolsat News<\/p>\n<p><a class=\"ids-undecorated-link source ids-page-info--source__link\" href=\"https:\/\/www.interia.pl\" rel=\"nofollow noopener\" target=\"_blank\"><img decoding=\"async\" class=\"ids-image-holder__img\" loading=\"lazy\" alt=\"\" title=\"\" height=\"24px\" src=\"https:\/\/www.europesays.com\/pl\/wp-content\/uploads\/2025\/12\/1765825632_127_0009A60QQ5I2TYF7-C202-F4.webp.webp\"\/><\/a><\/p>\n<p>Masz sugestie, uwagi albo widzisz b\u0142\u0105d? Napisz do nas<\/p>\n","protected":false},"excerpt":{"rendered":"W skr\u00f3cie W Szkole Podstawowej nr 10 w Jeleniej G\u00f3rze zorganizowane zostan\u0105 pilne spotkania wychowawc\u00f3w ze wsparciem psycholog\u00f3w&hellip;\n","protected":false},"author":2,"featured_media":153091,"comment_status":"","ping_status":"","sticky":false,"template":"","format":"standard","meta":{"footnotes":""},"categories":[12],"tags":[32,33,36,37,27,34,35,28,31,25,42,38,40,39,41,29,30,26],"class_list":{"0":"post-153090","1":"post","2":"type-post","3":"status-publish","4":"format-standard","5":"has-post-thumbnail","7":"category-polska","8":"tag-breaking-news","9":"tag-breakingnews","10":"tag-featured-news","11":"tag-featurednews","12":"tag-headlines","13":"tag-latest-news","14":"tag-latestnews","15":"tag-naglowki","16":"tag-najwazniejsze-artykuly","17":"tag-news","18":"tag-pl","19":"tag-poland","20":"tag-polish","21":"tag-polska","22":"tag-polski","23":"tag-top-stories","24":"tag-topstories","25":"tag-wiadomosci"},"share_on_mastodon":{"url":"https:\/\/pubeurope.com\/@pl\/115726233592702902","error":""},"_links":{"self":[{"href":"https:\/\/www.europesays.com\/pl\/wp-json\/wp\/v2\/posts\/153090","targetHints":{"allow":["GET"]}}],"collection":[{"href":"https:\/\/www.europesays.com\/pl\/wp-json\/wp\/v2\/posts"}],"about":[{"href":"https:\/\/www.europesays.com\/pl\/wp-json\/wp\/v2\/types\/post"}],"author":[{"embeddable":true,"href":"https:\/\/www.europesays.com\/pl\/wp-json\/wp\/v2\/users\/2"}],"replies":[{"embeddable":true,"href":"https:\/\/www.europesays.com\/pl\/wp-json\/wp\/v2\/comments?post=153090"}],"version-history":[{"count":0,"href":"https:\/\/www.europesays.com\/pl\/wp-json\/wp\/v2\/posts\/153090\/revisions"}],"wp:featuredmedia":[{"embeddable":true,"href":"https:\/\/www.europesays.com\/pl\/wp-json\/wp\/v2\/media\/153091"}],"wp:attachment":[{"href":"https:\/\/www.europesays.com\/pl\/wp-json\/wp\/v2\/media?parent=153090"}],"wp:term":[{"taxonomy":"category","embeddable":true,"href":"https:\/\/www.europesays.com\/pl\/wp-json\/wp\/v2\/categories?post=153090"},{"taxonomy":"post_tag","embeddable":true,"href":"https:\/\/www.europesays.com\/pl\/wp-json\/wp\/v2\/tags?post=153090"}],"curies":[{"name":"wp","href":"https:\/\/api.w.org\/{rel}","templated":true}]}}