{"id":153094,"date":"2025-12-15T23:43:06","date_gmt":"2025-12-15T23:43:06","guid":{"rendered":"https:\/\/www.europesays.com\/pl\/153094\/"},"modified":"2025-12-15T23:43:06","modified_gmt":"2025-12-15T23:43:06","slug":"burza-po-decyzji-polsatu-zmiany-w-transmisjach-polskich-druzyn-w-europie-przeglad-sportowy-onet","status":"publish","type":"post","link":"https:\/\/www.europesays.com\/pl\/153094\/","title":{"rendered":"Burza po decyzji Polsatu. Zmiany w transmisjach polskich dru\u017cyn w Europie &#8211; Przegl\u0105d Sportowy Onet"},"content":{"rendered":"<ol>\n<li><a href=\"https:\/\/news.google.com\/rss\/articles\/CBMi4wFBVV95cUxNckZPNDRUdmM5dWZhMWI1ZFRreGVWMGx5M3BBN2d0RlBka09kSDVkWDN3TG5VblRkakNBY2d0eVZpOWZYMXloWnpiaWhobXFBbGNqQTRsaUFsTXVjMDJIUkh0WHBvUjBEWFhzallNSDZ2UjEzbFJKb0ZMd2tqUk5YNzRjWFBkSkFCWW53ZzN4VUs0RTlvckEtblhLSmhzbUdzZnhXbXVOS0JpQlNPbkEyeFlxZmM0LVd0cE05UElNMjJjOWU5SWc3NHp5UVVQWXVXbU5fR25McnR1VlNEN3F1RV9Cbw?oc=5\" target=\"_blank\" rel=\"nofollow noopener\">Burza po decyzji Polsatu. Zmiany w transmisjach polskich dru\u017cyn w Europie<\/a>&nbsp;&nbsp;Przegl\u0105d Sportowy Onet<\/li>\n<li><a href=\"https:\/\/news.google.com\/rss\/articles\/CBMitAFBVV95cUxQdHVRUV92T2lIN2xTUTdFd0s1V3JWQ0lOVXlHVmRhNHZFUnVpUnJadVNGb2sxRzNScThIQUxWT19jaFlFSWZidVE2QnhNVzBOeE5iUzJxVGstOGFabnJfU0dtODlUV1NUMzg2RTRyUlB1YlpYbGlNZXR6YUt1bFZEUV8xWTVpcXJLb1pfRnV6bkJDbFNoTzRXWGRuS3BoRTN5dGtBbTIzNzlhaENpUWNsRl9Sd2k?oc=5\" target=\"_blank\" rel=\"nofollow noopener\">Kibice nie wytrzymali po tym, co zrobi\u0142 Polsat z meczami polskich klub\u00f3w w LK. &#8222;Jaja&#8221;<\/a>&nbsp;&nbsp;Sport.pl<\/li>\n<li><a href=\"https:\/\/news.google.com\/rss\/articles\/CBMiwAFBVV95cUxQci14UWotLWo4bmp5VVRYT1E0S01nR3BrY3dpU2VfcWVxSVc3TmxiT1lWQ0NkNmtxRkVfWGlyQmpiWXUwWnlnaTBXZE9rQU8xaEpDUWF6eFBtY1pEMF8tdEFtS0daT25CMEtwZjc4bGsxQi1mNElpZ05JRlF6RzdnT2VmVzM2U2JCRFVveE5qRUlOczluZDR0RVVDaHlHUGplT2kzRlJ6djU0N0NUaDlqM09jUzFrQTBkd1lMaENVdjY?oc=5\" target=\"_blank\" rel=\"nofollow noopener\">Cztery mecze polskich dru\u017cyn o 21:00. Polsat ma rozwi\u0105zanie. Kibice zirytowani<\/a>&nbsp;&nbsp;SportoweFakty<\/li>\n<li><a href=\"https:\/\/news.google.com\/rss\/articles\/CBMi0wFBVV95cUxOSU4zMFlsbnNaWDFWUWFOYVZ0U1BlbzNhdDdqb3R1QTFwWExiMDhHMlBfMHRqbEFNYlVCYlBhbWIyREdUSHhrS1VKdVJQNUlKVUdkVVFEbFIyMGh2Q0JKaEdfaS1wLU9ua3lVclpiQjNjMmxZa283TV9PdG84djBRWHp2dGNGREJJQkxtX0N4Ui1UYUdNZzQ0Z281N2ZvM2Zmd3BNNVdhODdicXNJOEE1QWs4MzFVODRwQUEteHpfOEMwSHE1dGdDTkk1LXkzeVY4Uzk4?oc=5\" target=\"_blank\" rel=\"nofollow noopener\">Transmisja \u0142\u0105czona w Polsacie Sport! Gdzie obejrze\u0107 mecze polskich dru\u017cyn w Lidze Konferencji?<\/a>&nbsp;&nbsp;www.polsatsport.pl<\/li>\n<li><a href=\"https:\/\/news.google.com\/rss\/articles\/CBMikAFBVV95cUxPSFN6RXFVYlhHOFBXc0p4c1hfLWZGUjBHemhWdXM1MTltMkhOLUlEMUtyWEdCWXlXN3BTLVNRMmhqR0I5a0hCNTlKbmh4U0lnQURBVVppZU9uMzFLWmtraTRIc09nbnhaYlJDVUZCeURad3V1T3ZmeFk4Y0N6VXF6Y1A5aVhmLWpUZzJWTWVHRXY?oc=5\" target=\"_blank\" rel=\"nofollow noopener\">Gdzie ogl\u0105da\u0107 ostatni\u0105 6. kolejk\u0119 Ligi Konferencji?<\/a>&nbsp;&nbsp;satkurier.pl<\/li>\n<\/ol>\n","protected":false},"excerpt":{"rendered":"Burza po decyzji Polsatu. Zmiany w transmisjach polskich dru\u017cyn w Europie&nbsp;&nbsp;Przegl\u0105d Sportowy Onet Kibice nie wytrzymali po tym,&hellip;\n","protected":false},"author":2,"featured_media":153095,"comment_status":"","ping_status":"","sticky":false,"template":"","format":"standard","meta":{"footnotes":""},"categories":[24],"tags":[67,2477,2806,2563,7714,7713,549,42,38,40,30702,39,41,136,28861,128,2562,47,127,135,126,130],"class_list":{"0":"post-153094","1":"post","2":"type-post","3":"status-publish","4":"format-standard","5":"has-post-thumbnail","7":"category-sport","8":"tag-intextvideo_splayer","9":"tag-jagiellonia_bialystok","10":"tag-lech_poznan","11":"tag-legia_warszawa","12":"tag-liga_konferencji","13":"tag-liga_konferencji_europy","14":"tag-pber","15":"tag-pl","16":"tag-poland","17":"tag-polish","18":"tag-polsat_sport","19":"tag-polska","20":"tag-polski","21":"tag-ps_detal_new","22":"tag-ps_omp_tst0","23":"tag-psv2","24":"tag-rakow_czestochowa","25":"tag-screening_general","26":"tag-sport","27":"tag-sport_sport","28":"tag-sports","29":"tag-wiadomosci_sportowe"},"share_on_mastodon":{"url":"https:\/\/pubeurope.com\/@pl\/115726241231817618","error":""},"_links":{"self":[{"href":"https:\/\/www.europesays.com\/pl\/wp-json\/wp\/v2\/posts\/153094","targetHints":{"allow":["GET"]}}],"collection":[{"href":"https:\/\/www.europesays.com\/pl\/wp-json\/wp\/v2\/posts"}],"about":[{"href":"https:\/\/www.europesays.com\/pl\/wp-json\/wp\/v2\/types\/post"}],"author":[{"embeddable":true,"href":"https:\/\/www.europesays.com\/pl\/wp-json\/wp\/v2\/users\/2"}],"replies":[{"embeddable":true,"href":"https:\/\/www.europesays.com\/pl\/wp-json\/wp\/v2\/comments?post=153094"}],"version-history":[{"count":0,"href":"https:\/\/www.europesays.com\/pl\/wp-json\/wp\/v2\/posts\/153094\/revisions"}],"wp:featuredmedia":[{"embeddable":true,"href":"https:\/\/www.europesays.com\/pl\/wp-json\/wp\/v2\/media\/153095"}],"wp:attachment":[{"href":"https:\/\/www.europesays.com\/pl\/wp-json\/wp\/v2\/media?parent=153094"}],"wp:term":[{"taxonomy":"category","embeddable":true,"href":"https:\/\/www.europesays.com\/pl\/wp-json\/wp\/v2\/categories?post=153094"},{"taxonomy":"post_tag","embeddable":true,"href":"https:\/\/www.europesays.com\/pl\/wp-json\/wp\/v2\/tags?post=153094"}],"curies":[{"name":"wp","href":"https:\/\/api.w.org\/{rel}","templated":true}]}}