{"id":153117,"date":"2025-12-16T00:02:17","date_gmt":"2025-12-16T00:02:17","guid":{"rendered":"https:\/\/www.europesays.com\/pl\/153117\/"},"modified":"2025-12-16T00:02:17","modified_gmt":"2025-12-16T00:02:17","slug":"polska-nie-bedzie-przedpokojem-nawrocki-stanowczo-o-spotkaniu-z-zelenskim","status":"publish","type":"post","link":"https:\/\/www.europesays.com\/pl\/153117\/","title":{"rendered":"Polska nie b\u0119dzie &#8222;przedpokojem&#8221;. Nawrocki stanowczo o spotkaniu z Ze\u0142enskim"},"content":{"rendered":"<p>2025-12-15 08:32<\/p>\n<p>publikacja<br \/>2025-12-15 08:32<\/p>\n<p>Podziel si\u0119<\/p>\n<p>Prezydent Karol Nawrocki w rozmowie z wp.pl oceni\u0142, \u017ce jego spotkanie z prezydentem Ukrainy Wo\u0142odymyrem Ze\u0142enskim, planowane na 19 grudnia, mo\u017ce sta\u0107 si\u0119 nowym otwarciem w relacjach naszych kraj\u00f3w. \u201eZ poszanowaniem strategicznego interesu Polski i jasnym m\u00f3wieniem o sprawach wa\u017cnych dla Polak\u00f3w\u201d &#8211; doda\u0142.<\/p>\n<p><img decoding=\"async\" class=\"o-graphics-multiobject__inner-blurry-picture-img\" src=\"https:\/\/www.europesays.com\/pl\/wp-content\/uploads\/2025\/12\/5b9d2df314e712-948-568-240-0-3533-2120.png\" width=\"948\" height=\"568\" alt=\"Polska nie b\u0119dzie &quot;przedpokojem&quot;. Nawrocki stanowczo o spotkaniu z Ze\u0142enskim\" loading=\"lazy\"\/><img decoding=\"async\" class=\"o-graphics-multiobject__item webfeedsFeaturedVisual\" src=\"https:\/\/www.europesays.com\/pl\/wp-content\/uploads\/2025\/12\/5b9d2df314e712-948-568-240-0-3533-2120.png\" width=\"948\" height=\"568\" alt=\"Polska nie b\u0119dzie &quot;przedpokojem&quot;. Nawrocki stanowczo o spotkaniu z Ze\u0142enskim\" loading=\"lazy\"\/>\/\u00a0fot. Jacek Szydlowski &amp; Aleksiej Witwicki \/ Forum<\/p>\n<p>Prezydent Nawrocki w opublikowanej w poniedzia\u0142ek rozmowie, pytany o to, co padnie w pierwszych s\u0142owach podczas planowanego na 19 grudnia spotkania z prezydentem Ze\u0142enskim w Warszawie odpowiedzia\u0142, \u017ce nie planowa\u0142 konkretnych sformu\u0142owa\u0144 dodaj\u0105c, \u017ce strona ukrai\u0144ska \u201edoskonale zna nasze wymagania dotycz\u0105ce agendy\u201d.<\/p>\n<p>\u201eKancelaria prezydenta RP zaproponowa\u0142a dat\u0119 mojego spotkania z prezydentem Ukrainy na 19 grudnia w Warszawie. Pracujemy nad szczeg\u00f3\u0142ami. Oczywi\u015bcie, b\u0119dzie to pierwsza oficjalna wizyta, ale nie jest tak, \u017ce nigdy ze sob\u0105 nie rozmawiali\u015bmy i si\u0119 nie widzieli\u015bmy. Bra\u0142em udzia\u0142 w co najmniej kilku rozmowach z prezydentem Wo\u0142odymyrem Ze\u0142enskim\u201d &#8211; zaznaczy\u0142.<\/p>\n<p>Jak oceni\u0142, spotkanie w Warszawie mo\u017ce sta\u0107 si\u0119 nowym otwarciem w relacjach obu kraj\u00f3w, z \u201eposzanowaniem strategicznego interesu Polski, z jasnym m\u00f3wieniem o sprawach wa\u017cnych dla Polak\u00f3w\u201d.<\/p>\n<p>\u201eStracili\u015bmy element partnerstwa na linii Polska &#8211; Ukraina i m\u00f3wi\u0119 to otwarcie&#8221; &#8211; powiedzia\u0142 Nawrocki i doda\u0142, \u017ce jako prezydent nie b\u0119dzie zgadza\u0142 si\u0119 na stawianie Polski w roli wy\u0142\u0105cznie \u201eprzedpokoju\u201d czy \u201ekorytarza\u201d w sprawach strategicznie wa\u017cnych.<\/p>\n<p>Prezydent na pytanie o brak polskiej obecno\u015bci w ostatnim czasie przy sto\u0142ach negocjacyjnych, dotycz\u0105cych przysz\u0142o\u015bci Ukrainy przypomnia\u0142, \u017ce w formatach, w kt\u00f3rych powinni\u015bmy by\u0107, czyli np. tak zwanej &#8222;Koalicji ch\u0119tnych&#8221; reprezentuje nas premier.<\/p>\n<p>Pytany o to, czy premier Tusk jest w tym formacie szanowanym graczem odpowiedzia\u0142 przecz\u0105co.<\/p>\n<p>\u201eTo nie jest dobra informacja ani dla mnie jako dla prezydenta Polski, ani &#8211; co wa\u017cniejsze &#8211; dla Polak\u00f3w\u201d &#8211; doda\u0142.(PAP)<\/p>\n<p>amk\/ mro\/<\/p>\n","protected":false},"excerpt":{"rendered":"2025-12-15 08:32 publikacja2025-12-15 08:32 Podziel si\u0119 Prezydent Karol Nawrocki w rozmowie z wp.pl oceni\u0142, \u017ce jego spotkanie z&hellip;\n","protected":false},"author":2,"featured_media":153118,"comment_status":"","ping_status":"","sticky":false,"template":"","format":"standard","meta":{"footnotes":""},"categories":[12],"tags":[32,33,36,37,27,34,35,28,31,25,42,38,40,39,41,29,30,26],"class_list":{"0":"post-153117","1":"post","2":"type-post","3":"status-publish","4":"format-standard","5":"has-post-thumbnail","7":"category-polska","8":"tag-breaking-news","9":"tag-breakingnews","10":"tag-featured-news","11":"tag-featurednews","12":"tag-headlines","13":"tag-latest-news","14":"tag-latestnews","15":"tag-naglowki","16":"tag-najwazniejsze-artykuly","17":"tag-news","18":"tag-pl","19":"tag-poland","20":"tag-polish","21":"tag-polska","22":"tag-polski","23":"tag-top-stories","24":"tag-topstories","25":"tag-wiadomosci"},"share_on_mastodon":{"url":"https:\/\/pubeurope.com\/@pl\/115726315955415637","error":""},"_links":{"self":[{"href":"https:\/\/www.europesays.com\/pl\/wp-json\/wp\/v2\/posts\/153117","targetHints":{"allow":["GET"]}}],"collection":[{"href":"https:\/\/www.europesays.com\/pl\/wp-json\/wp\/v2\/posts"}],"about":[{"href":"https:\/\/www.europesays.com\/pl\/wp-json\/wp\/v2\/types\/post"}],"author":[{"embeddable":true,"href":"https:\/\/www.europesays.com\/pl\/wp-json\/wp\/v2\/users\/2"}],"replies":[{"embeddable":true,"href":"https:\/\/www.europesays.com\/pl\/wp-json\/wp\/v2\/comments?post=153117"}],"version-history":[{"count":0,"href":"https:\/\/www.europesays.com\/pl\/wp-json\/wp\/v2\/posts\/153117\/revisions"}],"wp:featuredmedia":[{"embeddable":true,"href":"https:\/\/www.europesays.com\/pl\/wp-json\/wp\/v2\/media\/153118"}],"wp:attachment":[{"href":"https:\/\/www.europesays.com\/pl\/wp-json\/wp\/v2\/media?parent=153117"}],"wp:term":[{"taxonomy":"category","embeddable":true,"href":"https:\/\/www.europesays.com\/pl\/wp-json\/wp\/v2\/categories?post=153117"},{"taxonomy":"post_tag","embeddable":true,"href":"https:\/\/www.europesays.com\/pl\/wp-json\/wp\/v2\/tags?post=153117"}],"curies":[{"name":"wp","href":"https:\/\/api.w.org\/{rel}","templated":true}]}}