{"id":153119,"date":"2025-12-16T00:04:09","date_gmt":"2025-12-16T00:04:09","guid":{"rendered":"https:\/\/www.europesays.com\/pl\/153119\/"},"modified":"2025-12-16T00:04:09","modified_gmt":"2025-12-16T00:04:09","slug":"zwiedzil-juz-ponad-140-krajow-pokazal-zdjecia-z-kolejnego","status":"publish","type":"post","link":"https:\/\/www.europesays.com\/pl\/153119\/","title":{"rendered":"Zwiedzi\u0142 ju\u017c ponad 140 kraj\u00f3w. Pokaza\u0142 zdj\u0119cia z kolejnego"},"content":{"rendered":"\n<p class=\"contentpart contentpart--default contentpart--text\" data-position=\"0\"><a href=\"https:\/\/sportowefakty.wp.pl\/pilka-nozna\/grzegorz-krychowiak\" rel=\"nofollow noopener\" target=\"_blank\">Grzegorz Krychowiak<\/a>\u00a0od zawsze s\u0142yn\u0105\u0142 z zami\u0142owania do podr\u00f3\u017cy, a odk\u0105d zako\u0144czy\u0142 pi\u0142karsk\u0105 karier\u0119, jeszcze bardziej zintensyfikowa\u0142 t\u0119 sfer\u0119 \u017cycia. Na jego Instagramie co rusz pojawiaj\u0105 si\u0119 nowe relacje z kolejnych kraj\u00f3w.<\/p>\n<p class=\"contentpart contentpart--default contentpart--text\" data-position=\"1\">&#8211; By\u0142em w ponad 140 krajach. Chc\u0119 zwiedzi\u0107 ka\u017cdy kraj \u015bwiata &#8211; zapowiada\u0142 niedawno w rozmowie z Foot Truckiem.<\/p>\n<p> <img role=\"presentation\" src=\"https:\/\/std.wpcdn.pl\/images\/adv\/placeholder_wp.svg\" loading=\"lazy\" alt=\"\" decoding=\"async\"\/>  <\/p>\n<p class=\"contentpart contentpart--default contentpart--text\" data-position=\"2\">Kilka dni temu by\u0142y reprezentant Polski dzieli\u0142 si\u0119 zdj\u0119ciami z Nepalu. Teraz dokumentuje kolejne etapy swojej podr\u00f3\u017cy, nie zwalniaj\u0105c tempa nawet na chwil\u0119. Tym razem postawi\u0142 na wypraw\u0119 do Pakistanu.\u00a0<\/p>\n<p class=\"contentpart contentpart--default contentpart--text\" data-position=\"3\">Na jedno z najnowszych zdj\u0119\u0107 zareagowa\u0142 Piotr Paj\u0105k &#8211; podr\u00f3\u017cnik i influencer zwi\u0105zany ze sportami walki &#8211; znany z podobnych eskapad.<\/p>\n<p class=\"contentpart contentpart--default contentpart--text\" data-position=\"4\">&#8222;Polecam Fairy Meadows i trekking pod Nanga Parbat Base Camp. I ca\u0142\u0105 tras\u0119 w stron\u0119 granicy z Indiami przez Karakorum Highway. Najpi\u0119kniejsze miejsca&#8221; &#8211; napisa\u0142 w komentarzu.<\/p>\n<p class=\"contentpart contentpart--default contentpart--text\" data-position=\"5\">Krychowiak odpisa\u0142 kr\u00f3tko, ale z uznaniem: &#8222;Zastanowimy si\u0119, ale czasu ma\u0142o. Dzi\u0119ki&#8221;.<\/p>\n<p class=\"contentpart contentpart--default contentpart--text\" data-position=\"6\">Pod koniec pa\u017adziernika 2025 roku, Grzegorz Krychowiak oficjalnie og\u0142osi\u0142 zako\u0144czenie kariery. Stukrotny reprezentant Polski zamie\u015bci\u0142 w mediach spo\u0142eczno\u015bciowych wpis, w kt\u00f3rym podkre\u015bli\u0142: &#8222;Jestem spe\u0142nionym pi\u0142karzem &#8211; niczego nie \u017ca\u0142uj\u0119 i niczego bym nie zmieni\u0142&#8221;.<\/p>\n<p> <img role=\"presentation\" src=\"https:\/\/std.wpcdn.pl\/images\/adv\/placeholder_wp.svg\" loading=\"lazy\" alt=\"\" decoding=\"async\"\/>       <\/p>\n","protected":false},"excerpt":{"rendered":"Grzegorz Krychowiak\u00a0od zawsze s\u0142yn\u0105\u0142 z zami\u0142owania do podr\u00f3\u017cy, a odk\u0105d zako\u0144czy\u0142 pi\u0142karsk\u0105 karier\u0119, jeszcze bardziej zintensyfikowa\u0142 t\u0119 sfer\u0119&hellip;\n","protected":false},"author":2,"featured_media":153120,"comment_status":"","ping_status":"","sticky":false,"template":"","format":"standard","meta":{"footnotes":""},"categories":[24],"tags":[10225,10986,989,269,42,38,40,39,41,127,268,126],"class_list":{"0":"post-153119","1":"post","2":"type-post","3":"status-publish","4":"format-standard","5":"has-post-thumbnail","7":"category-sport","8":"tag-grzegorz-krychowiak","9":"tag-pakistan","10":"tag-pilka-na-swiecie","11":"tag-pilka-nozna","12":"tag-pl","13":"tag-poland","14":"tag-polish","15":"tag-polska","16":"tag-polski","17":"tag-sport","18":"tag-sportowybar","19":"tag-sports"},"share_on_mastodon":{"url":"https:\/\/pubeurope.com\/@pl\/115726324463082577","error":""},"_links":{"self":[{"href":"https:\/\/www.europesays.com\/pl\/wp-json\/wp\/v2\/posts\/153119","targetHints":{"allow":["GET"]}}],"collection":[{"href":"https:\/\/www.europesays.com\/pl\/wp-json\/wp\/v2\/posts"}],"about":[{"href":"https:\/\/www.europesays.com\/pl\/wp-json\/wp\/v2\/types\/post"}],"author":[{"embeddable":true,"href":"https:\/\/www.europesays.com\/pl\/wp-json\/wp\/v2\/users\/2"}],"replies":[{"embeddable":true,"href":"https:\/\/www.europesays.com\/pl\/wp-json\/wp\/v2\/comments?post=153119"}],"version-history":[{"count":0,"href":"https:\/\/www.europesays.com\/pl\/wp-json\/wp\/v2\/posts\/153119\/revisions"}],"wp:featuredmedia":[{"embeddable":true,"href":"https:\/\/www.europesays.com\/pl\/wp-json\/wp\/v2\/media\/153120"}],"wp:attachment":[{"href":"https:\/\/www.europesays.com\/pl\/wp-json\/wp\/v2\/media?parent=153119"}],"wp:term":[{"taxonomy":"category","embeddable":true,"href":"https:\/\/www.europesays.com\/pl\/wp-json\/wp\/v2\/categories?post=153119"},{"taxonomy":"post_tag","embeddable":true,"href":"https:\/\/www.europesays.com\/pl\/wp-json\/wp\/v2\/tags?post=153119"}],"curies":[{"name":"wp","href":"https:\/\/api.w.org\/{rel}","templated":true}]}}