{"id":153135,"date":"2025-12-16T00:25:20","date_gmt":"2025-12-16T00:25:20","guid":{"rendered":"https:\/\/www.europesays.com\/pl\/153135\/"},"modified":"2025-12-16T00:25:20","modified_gmt":"2025-12-16T00:25:20","slug":"iga-swiatek-po-raz-kolejny-w-cieniu-aryny-sabalenki-wta-oglasza","status":"publish","type":"post","link":"https:\/\/www.europesays.com\/pl\/153135\/","title":{"rendered":"Iga \u015awi\u0105tek po raz kolejny w cieniu Aryny Sabalenki. WTA og\u0142asza"},"content":{"rendered":"<p class=\"typography ids-typeset-body ids-typeset-body--preset-large link paragraph ids-paragraph ids-paragraph--default\">Nominacje do WTA Player Awards 2025 og\u0142oszono 18 listopada. Na li\u015bcie pretendentek znalaz\u0142y si\u0119 Iga \u015awi\u0105tek, Aryna Sabalenka, Amanda Anisimova, Coco Gauff, Madison Keys i Jelena Rybakina. Sensacji nie by\u0142o, drugi rok z rz\u0119du tytu\u0142 przypad\u0142 w udziale Bia\u0142orusince.<\/p>\n<p class=\"typography ids-typeset-body ids-typeset-body--preset-large link paragraph ids-paragraph ids-paragraph--default\">Dla Polki by\u0142a to ostatnia szansa w sezonie, by spojrze\u0107 na najwi\u0119ksz\u0105 rywalk\u0119 z g\u00f3ry. Czy po spektakularnym triumfie w Wimbledonie Iga mia\u0142a realne szanse na triumf? Obiektywnie patrz\u0105c &#8211; znikome. Przegra\u0142a z Sabalenk\u0105 ju\u017c w tamtym roku, mimo \u017ce na szczycie rankingu WTA sp\u0119dzi\u0142a 32 tygodnie. Mijaj\u0105cy sezon ju\u017c w ca\u0142o\u015bci nale\u017ca\u0142 pod tym wzgl\u0119dem do tenisistki z Mi\u0144ska.<\/p>\n<p>WTA Player Awards 2025. Iga \u015awi\u0105tek w cieniu Aryny Sabalenki. Tytu\u0142 ponownie dla Bia\u0142orusinki<\/p>\n<p class=\"typography ids-typeset-body ids-typeset-body--preset-large link paragraph ids-paragraph ids-paragraph--default\">&#8222;Zdoby\u0142a prawie 80 proc. g\u0142os\u00f3w medi\u00f3w po dominuj\u0105cym sezonie, w kt\u00f3rym dotar\u0142a do najwi\u0119kszej liczby fina\u0142\u00f3w (9), zdoby\u0142a najwi\u0119cej tytu\u0142\u00f3w (4), odnios\u0142a najwi\u0119cej zwyci\u0119stw (63) i ustanowi\u0142a nowy rekord nagr\u00f3d pieni\u0119\u017cnych w jednym sezonie, zgarniaj\u0105c 15 008 519 dolar\u00f3w&#8221; &#8211; czytamy o Sabalence w oficjalnym serwisie internetowym WTA.<\/p>\n<p class=\"typography ids-typeset-body ids-typeset-body--preset-large link paragraph ids-paragraph ids-paragraph--default\">To dla niej drugi z rz\u0119du tytu\u0142 Zawodniczki Roku WTA. W dw\u00f3ch poprzednich edycjach bezkonkurencyjna okazywa\u0142a si\u0119 Swi\u0105tek. To efekt w sumie 125 tygodni sp\u0119dzonych na szczycie \u015bwiatowego rankingu.<\/p>\n<p class=\"typography ids-typeset-body ids-typeset-body--preset-large link paragraph ids-paragraph ids-paragraph--default\">Co ciekawe, w mijaj\u0105cym roku Sabalenka wygra\u0142a tylko jeden turniej wi\u0119cej ni\u017c Polka. Triumfowa\u0142a w US Open, a tak\u017ce w Miami i Madrycie (WTA 1000) oraz w Brisbane (WTA 500). Im d\u0142u\u017cej trwa\u0142 sezon, tym wyra\u017aniej by\u0142o jednak wida\u0107, \u017ce miana pierwszej rakiety \u015bwiata Bia\u0142orusinka nie pozwoli sobie odebra\u0107.<\/p>\n<p class=\"typography ids-typeset-body ids-typeset-body--preset-large link paragraph ids-paragraph ids-paragraph--default\">&#8222;W wieku 27 lat Sabalenka w du\u017cej mierze rozwi\u0105za\u0142a problem, kt\u00f3ry cz\u0119sto zaburza\u0142 jej wczesn\u0105 karier\u0119, czyli brak panowania nad emocjami&#8221; &#8211; czytamy w serwisie WTA.<\/p>\n<p class=\"typography ids-typeset-body ids-typeset-body--preset-large link paragraph ids-paragraph ids-paragraph--default\">Brzmi znajomo. Czy niebawem to samo b\u0119dzie mo\u017cna powiedzie\u0107 o trzy lata m\u0142odszej \u015awi\u0105tek? Niezmiennie wydaje si\u0119, \u017ce w\u0142a\u015bnie tu le\u017cy klucz do odzyskania miejsca na szczycie \u015bwiatowego rankingu.<\/p>\n<p>Triumfy w pozosta\u0142ych kategoriach WTA Player Awards:<\/p>\n<p class=\"typography ids-typeset-body ids-typeset-body--preset-large link paragraph ids-paragraph ids-paragraph--default\">Dru\u017cyna roku:\u00a0Katerina Siniakova (Czechy) i Taylor Townsend (USA)<\/p>\n<p class=\"typography ids-typeset-body ids-typeset-body--preset-large link paragraph ids-paragraph ids-paragraph--default\">Progres roku: Amanda Anisimova (USA)<\/p>\n<p class=\"typography ids-typeset-body ids-typeset-body--preset-large link paragraph ids-paragraph ids-paragraph--default\">Debiutantka roku: Victoria Mboko (Kanada)<\/p>\n<p class=\"typography ids-typeset-body ids-typeset-body--preset-large link paragraph ids-paragraph ids-paragraph--default\">Powr\u00f3t Roku: Belinda Bencic (Szwajcaria)<\/p>\n<p>Aryna Sabalenka po meczu z Laur\u0105 Siegemund: Publiczno\u015b\u0107 da\u0142a mi t\u0119 energi\u0119. WIDEOPolsat SportPolsat Sport<\/p>\n<p><img decoding=\"async\" class=\"ids-image-holder__img\" loading=\"lazy\" alt=\"Zawodniczka tenisowa w bia\u0142ej koszulce z rakiet\u0105 w r\u0119ku, patrz\u0105ca do g\u00f3ry z wyrazem zdziwienia lub rozczarowania na twarzy, na tle niebieskiej tablicy z napisem.\" title=\"Iga \u015awi\u0105tek\" width=\"1253\" height=\"705\" src=\"https:\/\/www.europesays.com\/pl\/wp-content\/uploads\/2025\/12\/000M2DVXL4UUSDHB-C323-F4.webp.webp\"\/><\/p>\n<p>Iga \u015awi\u0105tekAndrew Schwartz\/SIPAEast News<\/p>\n<p><img decoding=\"async\" class=\"ids-image-holder__img\" loading=\"lazy\" alt=\"Aryna Sabalenka\" title=\"Aryna Sabalenka\" width=\"2716\" height=\"1811\" src=\"https:\/\/www.europesays.com\/pl\/wp-content\/uploads\/2025\/12\/000L59VP7TKC0YVI-C323-F4.webp.webp\"\/><\/p>\n<p>Aryna SabalenkaALAIN JOCARD \/ AFPAFP<\/p>\n<p><img decoding=\"async\" class=\"ids-image-holder__img\" loading=\"lazy\" alt=\"Kobieta wypowiadaj\u0105ca si\u0119 podczas konferencji prasowej, trzyma mikrofon z logo Prudential, w tle czerwony baner z logotypem tej firmy, ubrana w czarn\u0105 koszulk\u0119 oraz kilka naszyjnik\u00f3w i bransoletek.\" title=\"Aryna Sabalenka\" width=\"3668\" height=\"2445\" src=\"https:\/\/www.europesays.com\/pl\/wp-content\/uploads\/2025\/12\/000LSDGB8FH59THU-C323-F4.webp.webp\"\/><\/p>\n<p>Aryna SabalenkaPETER PARKSAFP<\/p>\n<p><a class=\"ids-undecorated-link source ids-page-info--source__link\" href=\"https:\/\/www.interia.pl\" rel=\"nofollow noopener\" target=\"_blank\"><img decoding=\"async\" class=\"ids-image-holder__img\" loading=\"lazy\" alt=\"\" title=\"\" height=\"24px\" src=\"https:\/\/www.europesays.com\/pl\/wp-content\/uploads\/2025\/12\/1765825632_127_0009A60QQ5I2TYF7-C202-F4.webp.webp\"\/><\/a><\/p>\n<p>Masz sugestie, uwagi albo widzisz b\u0142\u0105d? Napisz do nas<\/p>\n","protected":false},"excerpt":{"rendered":"Nominacje do WTA Player Awards 2025 og\u0142oszono 18 listopada. Na li\u015bcie pretendentek znalaz\u0142y si\u0119 Iga \u015awi\u0105tek, Aryna Sabalenka,&hellip;\n","protected":false},"author":2,"featured_media":153136,"comment_status":"","ping_status":"","sticky":false,"template":"","format":"standard","meta":{"footnotes":""},"categories":[24],"tags":[42,38,40,39,41,127,126],"class_list":{"0":"post-153135","1":"post","2":"type-post","3":"status-publish","4":"format-standard","5":"has-post-thumbnail","7":"category-sport","8":"tag-pl","9":"tag-poland","10":"tag-polish","11":"tag-polska","12":"tag-polski","13":"tag-sport","14":"tag-sports"},"share_on_mastodon":{"url":"https:\/\/pubeurope.com\/@pl\/115726406478810463","error":""},"_links":{"self":[{"href":"https:\/\/www.europesays.com\/pl\/wp-json\/wp\/v2\/posts\/153135","targetHints":{"allow":["GET"]}}],"collection":[{"href":"https:\/\/www.europesays.com\/pl\/wp-json\/wp\/v2\/posts"}],"about":[{"href":"https:\/\/www.europesays.com\/pl\/wp-json\/wp\/v2\/types\/post"}],"author":[{"embeddable":true,"href":"https:\/\/www.europesays.com\/pl\/wp-json\/wp\/v2\/users\/2"}],"replies":[{"embeddable":true,"href":"https:\/\/www.europesays.com\/pl\/wp-json\/wp\/v2\/comments?post=153135"}],"version-history":[{"count":0,"href":"https:\/\/www.europesays.com\/pl\/wp-json\/wp\/v2\/posts\/153135\/revisions"}],"wp:featuredmedia":[{"embeddable":true,"href":"https:\/\/www.europesays.com\/pl\/wp-json\/wp\/v2\/media\/153136"}],"wp:attachment":[{"href":"https:\/\/www.europesays.com\/pl\/wp-json\/wp\/v2\/media?parent=153135"}],"wp:term":[{"taxonomy":"category","embeddable":true,"href":"https:\/\/www.europesays.com\/pl\/wp-json\/wp\/v2\/categories?post=153135"},{"taxonomy":"post_tag","embeddable":true,"href":"https:\/\/www.europesays.com\/pl\/wp-json\/wp\/v2\/tags?post=153135"}],"curies":[{"name":"wp","href":"https:\/\/api.w.org\/{rel}","templated":true}]}}