{"id":153150,"date":"2025-12-16T00:53:11","date_gmt":"2025-12-16T00:53:11","guid":{"rendered":"https:\/\/www.europesays.com\/pl\/153150\/"},"modified":"2025-12-16T00:53:11","modified_gmt":"2025-12-16T00:53:11","slug":"cd-guadalajara-fc-barcelona-w-1-16-pucharu-krola-relacja-na-zywo-sport-w-interia-pl","status":"publish","type":"post","link":"https:\/\/www.europesays.com\/pl\/153150\/","title":{"rendered":"CD Guadalajara &#8211; FC Barcelona w 1\/16 Pucharu Kr\u00f3la. Relacja na \u017cywo &#8211; Sport w INTERIA.PL"},"content":{"rendered":"<ol>\n<li><a href=\"https:\/\/news.google.com\/rss\/articles\/CBMivwFBVV95cUxPaXNibVExaXhPT24tS3NQYldhSWtJRTl5czJlWVZsVHpUakhMVkxOMmU5ejFDeHQ0ckthV29KWGhUTzVmWFpYQ3lLRmVWeWlpNmRtZHNBd1FwM180ZE5uVlJEN0I1eG4zTEc3S3IydS1tR2hMTGpocjVIa3dzVzVYSkptV2QtVWNjWU5FWmpqNmVHRDlvUFpiQjdWdTRFLVhIS0h3c0dXSDdRQVRrdzNJVkJ2VUVSUVhpNkg4LVpBWQ?oc=5\" target=\"_blank\" rel=\"nofollow noopener\">CD Guadalajara &#8211; FC Barcelona w 1\/16 Pucharu Kr\u00f3la. Relacja na \u017cywo<\/a>&nbsp;&nbsp;Sport w INTERIA.PL<\/li>\n<li><a href=\"https:\/\/news.google.com\/rss\/articles\/CBMivAFBVV95cUxNTXpLTFJKMC12MHZMUXN3VFMxTXpwdE1YdVhjWjVjR3BkTm5vSDVXNFJ3eGJzeTRZTmVpbThXYk1XWlY1WmxFVHdOc1o1NkJiRlg3VFJ5cldveElOTlJFWVp3YnNLeXFVcnhLY3FVOV9DOFVsVE93eEplR19HMG5DMEhob0tYQjFOOW9NaUlKelBQY3J6VE56Tjc3eUh6NTQzYTFEaHZMUDJRMWVsQzJKN0JRWHVDN25RdU1GOQ?oc=5\" target=\"_blank\" rel=\"nofollow noopener\">Oficjalnie: To ta stacja poka\u017ce mecze Barcelony! Wyja\u015bni\u0142o si\u0119<\/a>&nbsp;&nbsp;Przegl\u0105d Sportowy Onet<\/li>\n<li><a href=\"https:\/\/news.google.com\/rss\/articles\/CBMirwFBVV95cUxPMzhNbHkzLXpaZ3pKWkVTSlRaMlVGQThKdlY0RGZYQ2ZST01ZbkJ3N21XUU1EVmVuakxfXzluMVp5S0w0VmphQU01RjFLbEFfdEJyeEQwYXBEcGxUV3VRS1E3Y3FfejdIVG5IUTRlaDczLTNpdGRleldka0hNLUdqR0xZc2RIZzllS19NaHd3QnZFakJscTVzQVpjRWZxNzNvQlFpeHkzb2Y2Wm1PV2JN?oc=5\" target=\"_blank\" rel=\"nofollow noopener\">Tylko w WP. Wszystko ju\u017c jasne. Ta stacja b\u0119dzie pokazywa\u0107 Puchar Hiszpanii<\/a>&nbsp;&nbsp;SportoweFakty<\/li>\n<li><a href=\"https:\/\/news.google.com\/rss\/articles\/CBMitgFBVV95cUxNNXYxc19lVjlJOG54TVZtaFFEcU5UN0VTcHlrMjd5WHNXb2c0bzUtZVVZX3ZxNnFOVXNBaVpIeU5lMlBzblpPUm1WenFaNkpGNl9EcnNVajllaWFZQVF3Z281SHI5ZDh4c19Cb01tZEttUHJuQ2dMMnk2UzFIazN1TVR3ZjZOLW95dUIzWE95enNFT2R3M1FMejF5c1lDdjYxUXFWWVo5MXhhN2FvajNoR3B3XzhJQQ?oc=5\" target=\"_blank\" rel=\"nofollow noopener\">Kluczowe wie\u015bci z Polski ws. Szcz\u0119snego. To tu go obejrzymy! Oficjalnie<\/a>&nbsp;&nbsp;Sport w INTERIA.PL<\/li>\n<li><a href=\"https:\/\/news.google.com\/rss\/articles\/CBMiswFBVV95cUxOTzZwNS1MY2g3MHNrRFpfVzdpWEZhUVhNdEhGb21SRWJraUJZMmZpYXFWQllxUHFNa1VpWUk4Z2FKOUFLdGJJbU5HOWVIVllJcFJkNFhiMktBM2RNNUc2VWx4cmJSWjdJUVBjNHM1cU9Fd2lyTV9CbFZEWHdOc3VQZ3daX3R5SXlKaFpFVWxtT1dNaGpaLXhfdTZtU2NGSVc5Q2sySmtBeEVLbnZoRXBmN1JQOA?oc=5\" target=\"_blank\" rel=\"nofollow noopener\">Guadalajara &#8211; FC Barcelona &#8211; Raport &#8211; Pi\u0142ka no\u017cna &#8211; Wynik i najlepsze momenty &#8211; Puchar Kr\u00f3la<\/a>&nbsp;&nbsp;Eurosport Polska<\/li>\n<\/ol>\n","protected":false},"excerpt":{"rendered":"CD Guadalajara &#8211; FC Barcelona w 1\/16 Pucharu Kr\u00f3la. Relacja na \u017cywo&nbsp;&nbsp;Sport w INTERIA.PL Oficjalnie: To ta stacja&hellip;\n","protected":false},"author":2,"featured_media":153151,"comment_status":"","ping_status":"","sticky":false,"template":"","format":"standard","meta":{"footnotes":""},"categories":[24],"tags":[42,38,40,39,41,127,126],"class_list":{"0":"post-153150","1":"post","2":"type-post","3":"status-publish","4":"format-standard","5":"has-post-thumbnail","7":"category-sport","8":"tag-pl","9":"tag-poland","10":"tag-polish","11":"tag-polska","12":"tag-polski","13":"tag-sport","14":"tag-sports"},"share_on_mastodon":{"url":"https:\/\/pubeurope.com\/@pl\/115726516432449107","error":""},"_links":{"self":[{"href":"https:\/\/www.europesays.com\/pl\/wp-json\/wp\/v2\/posts\/153150","targetHints":{"allow":["GET"]}}],"collection":[{"href":"https:\/\/www.europesays.com\/pl\/wp-json\/wp\/v2\/posts"}],"about":[{"href":"https:\/\/www.europesays.com\/pl\/wp-json\/wp\/v2\/types\/post"}],"author":[{"embeddable":true,"href":"https:\/\/www.europesays.com\/pl\/wp-json\/wp\/v2\/users\/2"}],"replies":[{"embeddable":true,"href":"https:\/\/www.europesays.com\/pl\/wp-json\/wp\/v2\/comments?post=153150"}],"version-history":[{"count":0,"href":"https:\/\/www.europesays.com\/pl\/wp-json\/wp\/v2\/posts\/153150\/revisions"}],"wp:featuredmedia":[{"embeddable":true,"href":"https:\/\/www.europesays.com\/pl\/wp-json\/wp\/v2\/media\/153151"}],"wp:attachment":[{"href":"https:\/\/www.europesays.com\/pl\/wp-json\/wp\/v2\/media?parent=153150"}],"wp:term":[{"taxonomy":"category","embeddable":true,"href":"https:\/\/www.europesays.com\/pl\/wp-json\/wp\/v2\/categories?post=153150"},{"taxonomy":"post_tag","embeddable":true,"href":"https:\/\/www.europesays.com\/pl\/wp-json\/wp\/v2\/tags?post=153150"}],"curies":[{"name":"wp","href":"https:\/\/api.w.org\/{rel}","templated":true}]}}