{"id":153210,"date":"2025-12-16T01:39:13","date_gmt":"2025-12-16T01:39:13","guid":{"rendered":"https:\/\/www.europesays.com\/pl\/153210\/"},"modified":"2025-12-16T01:39:13","modified_gmt":"2025-12-16T01:39:13","slug":"oto-co-ukraincy-sadza-o-planie-pokojowym-i-oddaniu-donbasu-rosjanom-tvp-info","status":"publish","type":"post","link":"https:\/\/www.europesays.com\/pl\/153210\/","title":{"rendered":"Oto, co Ukrai\u0144cy s\u0105dz\u0105 o planie pokojowym i oddaniu Donbasu Rosjanom &#8211; TVP Info"},"content":{"rendered":"<ol>\n<li><a href=\"https:\/\/news.google.com\/rss\/articles\/CBMiyAFBVV95cUxPTEFfZU9ZUWVjbWdBTURScEZ2ejFjTGJYZ0dOVzh4ekJBa2R3ZXRXTU0xUjA2Q2hUSGQ2VHpTQS04NzJyQUhicDIydVJsRUw0ZEo4bm52clBxSW5pdmJraHZpTDQ3dTNHYXFSelRrSGVpRWZxc0psdC1Mb1N3SzNJajNrWl9vcTR5Vy1udDNnWkdMa2RQZ0RxUWIxb2Fzb3BlNWludk03UTFoTTI3ZHFiQkc2Q2pVUGpFVDNBcjFBdnl6TFFVeEN3Mg?oc=5\" target=\"_blank\" rel=\"nofollow noopener\">Oto, co Ukrai\u0144cy s\u0105dz\u0105 o planie pokojowym i oddaniu Donbasu Rosjanom<\/a>&nbsp;&nbsp;TVP Info<\/li>\n<li><a href=\"https:\/\/news.google.com\/rss\/articles\/CBMivwFBVV95cUxNMVpteUFENWctMFlzencwN0xSTU9sbFdCdzFmRGV3OVBsV0lUOHlma09DVnF4dkZrVnJoN0RvTHJvR1pQMlNRN3VPRUw0bS1OckV2TmZLVGszUF9SZXQ4MThYNFZDQnVwdGlFMXJEM0JVYXNBclpILXNyTS00NS1jUVZfUVNtcWw5QVNGYWdjWVJHQVp5TGYtdEt5MDl1Z2xWREJTbFBHbXd0YmpzR1gxV3pPUkg2QjlfM0RzWElPYw?oc=5\" target=\"_blank\" rel=\"nofollow noopener\">S\u0105 gotowi dalej walczy\u0107. Nowy sonda\u017c, Ukrai\u0144cy wypowiedzieli si\u0119 na temat wojny z Rosj\u0105<\/a>&nbsp;&nbsp;Wydarzenia w INTERIA.PL<\/li>\n<li><a href=\"https:\/\/news.google.com\/rss\/articles\/CBMiswFBVV95cUxNWVZ3MnZuWW5TMFNYcldUR0YxX2RGYUVZNkdtTG9XUS00WFZTMXZhN191dmdhcU5FOHNBOXpvdmphOXdvYmg4V004QWo4dnppZk9vd1BLeEkwR0FzYzRDZm45SURFNS1ZbDNtdkQycXhmWlpWWnlsUGdyaXVpU0dvak9IM205VVVBWk04NkZxLXU1M05KZy15cjNGVXlMN3JHUzlFdGpfdFphd2psdzZMZ3VSYw?oc=5\" target=\"_blank\" rel=\"nofollow noopener\">Pok\u00f3j czy wojna? Takie nastroje panuj\u0105 w\u015br\u00f3d Ukrai\u0144c\u00f3w<\/a>&nbsp;&nbsp;Business Insider Polska<\/li>\n<li><a href=\"https:\/\/news.google.com\/rss\/articles\/CBMixgFBVV95cUxNQm1PWE9FS0kyVGQxVUtBMGpZa2phUHM1MEtDUGpCR1d0TFIyZXVjWWJaWTdObl9XLVFjRkJnZHk0LUtvNHJXbGo0UUZUTVoxaWF0MmE3UDJxWnlTSTlJT1RnOGhPX1AwdXIxcWRoWkhfZkJBU19OdlhuZmdGU2FBbjNvLXgtQTYzelJDVzlfVzkzaUNyZDUxMFhZXzFvSFU0WFY0T04zWHAtYl93QkNJekNsTjBXQlhueDZpZ28tZEdHc3FtbHc?oc=5\" target=\"_blank\" rel=\"nofollow noopener\">Wojna w Ukrainie. Sonda\u017c: Tylu obywateli jest gotowych do ust\u0119pstw<\/a>&nbsp;&nbsp;RMF24<\/li>\n<li><a href=\"https:\/\/news.google.com\/rss\/articles\/CBMiqgFBVV95cUxQYWFqOWI4NUI3ZmFaOFU3YjJQd1AxdWNtR25DVkxsTHdueGszaEZscjEtRDhnaXZlcVMxcmNtVUVJZE9iazk0clFjMTlRSENwbVFpN0dUdWZJMlRNMDdmc3puVk85NkxoM3RaVEZFSTBER0JGcU4tYXBFVnQyZmwtSmdXM3VCbnpvY0VuVVVVRGJzQ3NWcjdtREFaWlppWG1XZF9jNVdmX2RzUQ?oc=5\" target=\"_blank\" rel=\"nofollow noopener\">Ukrai\u0144cy o planie pokojowym. Na te warunki mog\u0105 si\u0119 zgodzi\u0107 [SONDA\u017b]<\/a>&nbsp;&nbsp;Onet Wiadomo\u015bci<\/li>\n<\/ol>\n","protected":false},"excerpt":{"rendered":"Oto, co Ukrai\u0144cy s\u0105dz\u0105 o planie pokojowym i oddaniu Donbasu Rosjanom&nbsp;&nbsp;TVP Info S\u0105 gotowi dalej walczy\u0107. Nowy sonda\u017c,&hellip;\n","protected":false},"author":2,"featured_media":153211,"comment_status":"","ping_status":"","sticky":false,"template":"","format":"standard","meta":{"footnotes":""},"categories":[14],"tags":[32,33,27,34,35,28,31,25,40,41,80,29,30,26,82,83,84],"class_list":{"0":"post-153210","1":"post","2":"type-post","3":"status-publish","4":"format-standard","5":"has-post-thumbnail","7":"category-swiat","8":"tag-breaking-news","9":"tag-breakingnews","10":"tag-headlines","11":"tag-latest-news","12":"tag-latestnews","13":"tag-naglowki","14":"tag-najwazniejsze-artykuly","15":"tag-news","16":"tag-polish","17":"tag-polski","18":"tag-swiat","19":"tag-top-stories","20":"tag-topstories","21":"tag-wiadomosci","22":"tag-world","23":"tag-world-news","24":"tag-worldnews"},"share_on_mastodon":{"url":"https:\/\/pubeurope.com\/@pl\/115726697230667095","error":""},"_links":{"self":[{"href":"https:\/\/www.europesays.com\/pl\/wp-json\/wp\/v2\/posts\/153210","targetHints":{"allow":["GET"]}}],"collection":[{"href":"https:\/\/www.europesays.com\/pl\/wp-json\/wp\/v2\/posts"}],"about":[{"href":"https:\/\/www.europesays.com\/pl\/wp-json\/wp\/v2\/types\/post"}],"author":[{"embeddable":true,"href":"https:\/\/www.europesays.com\/pl\/wp-json\/wp\/v2\/users\/2"}],"replies":[{"embeddable":true,"href":"https:\/\/www.europesays.com\/pl\/wp-json\/wp\/v2\/comments?post=153210"}],"version-history":[{"count":0,"href":"https:\/\/www.europesays.com\/pl\/wp-json\/wp\/v2\/posts\/153210\/revisions"}],"wp:featuredmedia":[{"embeddable":true,"href":"https:\/\/www.europesays.com\/pl\/wp-json\/wp\/v2\/media\/153211"}],"wp:attachment":[{"href":"https:\/\/www.europesays.com\/pl\/wp-json\/wp\/v2\/media?parent=153210"}],"wp:term":[{"taxonomy":"category","embeddable":true,"href":"https:\/\/www.europesays.com\/pl\/wp-json\/wp\/v2\/categories?post=153210"},{"taxonomy":"post_tag","embeddable":true,"href":"https:\/\/www.europesays.com\/pl\/wp-json\/wp\/v2\/tags?post=153210"}],"curies":[{"name":"wp","href":"https:\/\/api.w.org\/{rel}","templated":true}]}}