{"id":153212,"date":"2025-12-16T01:42:10","date_gmt":"2025-12-16T01:42:10","guid":{"rendered":"https:\/\/www.europesays.com\/pl\/153212\/"},"modified":"2025-12-16T01:42:10","modified_gmt":"2025-12-16T01:42:10","slug":"mieszane-odczucia-w-motorze-lublin-trener-zapowiada-wzmocnienia","status":"publish","type":"post","link":"https:\/\/www.europesays.com\/pl\/153212\/","title":{"rendered":"Mieszane odczucia w Motorze Lublin. Trener zapowiada wzmocnienia"},"content":{"rendered":"\n<p class=\"contentpart contentpart--default contentpart--text\" data-position=\"0\">Motor Lublin zako\u0144czy\u0142 2025 rok na 11. miejscu w tabeli PKO Ekstraklasy. W niedziel\u0119 zesp\u00f3\u0142 Mateusza Stolarskiego zremisowa\u0142 przed w\u0142asn\u0105 publiczno\u015bci\u0105 z Jagielloni\u0105 Bia\u0142ystok 1:1.<\/p>\n<p class=\"contentpart contentpart--default contentpart--text\" data-position=\"1\">&#8211; Nie jestem usatysfakcjonowany dziewi\u0105tym remisem. W poprzednim sezonie takie mecze przepychali\u015bmy, ale nie mog\u0119 mie\u0107 pretensji do zawodnik\u00f3w. Stworzyli\u015bmy wystarczaj\u0105co du\u017co sytuacji, \u017ceby zdoby\u0107 dwie bramki. Oczywi\u015bcie mogli\u015bmy odda\u0107 wi\u0119cej celnych strza\u0142\u00f3w, ale do sytuacji dochodzili\u015bmy. Zaprezentowali\u015bmy pi\u0142k\u0119 na swoim poziomie &#8211; powiedzia\u0142 trener Stolarski na konferencji prasowej.<\/p>\n<p> <img role=\"presentation\" src=\"https:\/\/std.wpcdn.pl\/images\/adv\/placeholder_wp.svg\" loading=\"lazy\" alt=\"\" decoding=\"async\"\/>  <\/p>\n<p class=\"contentpart contentpart--default contentpart--text\" data-position=\"2\">&#8211; Oczywi\u015bcie Jagiellonia te\u017c mia\u0142a sytuacje, nie by\u0142a dla nas t\u0142em. Wr\u0119cz przeciwnie, gra\u0142a dobry mecz, mimo i\u017c uprawia inn\u0105 dyscyplin\u0119 sportu, bo od wielu miesi\u0119cy gra co trzy dni. Natomiast mo\u017cemy czu\u0107 niedosyt i sportow\u0105 z\u0142o\u015b\u0107 &#8211; przyzna\u0142 trener Motoru.<\/p>\n<p class=\"contentpart contentpart--default contentpart--text\" data-position=\"3\">&#8211; Dla mnie nie jest okej. Szanuj\u0119 pozycj\u0119 i liczb\u0119 zdobytych punkt\u00f3w. To niez\u0142a pozycja wyj\u015bciowa przed rund\u0105 wiosenn\u0105, bo podejrzewam, \u017ce to punktowanie musi si\u0119 troch\u0119 zmieni\u0107, cho\u0107 ta liga jest nieprzewidywalna, natomiast wymagam od siebie zdecydowanie wi\u0119cej. Chcieliby\u015bmy da\u0107 wi\u0119cej kibicom, jak i sobie &#8211; komentowa\u0142 Stolarski.<\/p>\n<p class=\"contentpart contentpart--default contentpart--text\" data-position=\"4\">ZOBACZ WIDEO: Hukn\u0105\u0142 jak z armaty! Bramkarz nie mia\u0142 \u017cadnych szans<\/p>\n<p class=\"contentpart contentpart--default contentpart--text\" data-position=\"6\">Jest jednak zauwa\u017calny regres, je\u015bli spojrzymy na punkty. Jesieni\u0105 2024 roku Motor zdoby\u0142 ich dwadzie\u015bcia osiem i by\u0142 na si\u00f3dmej pozycji.<\/p>\n<p> <img role=\"presentation\" src=\"https:\/\/std.wpcdn.pl\/images\/adv\/placeholder_wp.svg\" loading=\"lazy\" alt=\"\" decoding=\"async\"\/>  <\/p>\n<p class=\"contentpart contentpart--default contentpart--text\" data-position=\"7\">&#8211; Czasami jest to taki b\u0142\u0105d poznawczy. Patrzy si\u0119 na efekt ko\u0144cowy, a pod k\u0105tem pi\u0142karskim i statystycznym grali\u015bmy lepsz\u0105 rund\u0119 ni\u017c wtedy, gdy zdobyli\u015bmy 28 punkt\u00f3w. Tamta runda by\u0142a szcz\u0119\u015bliwa, nie zas\u0142ugiwali\u015bmy na 28 punkt\u00f3w. \u017bar\u0142o, wykorzystywali\u015bmy to, co mieli\u015bmy i za to szacunek, ale gdyby por\u00f3wna\u0107 z obecn\u0105 rund\u0105, to w kluczowych statystykach byli\u015bmy lepsi &#8211; zauwa\u017cy\u0142 trener Stolarski.<\/p>\n<p class=\"contentpart contentpart--default contentpart--text\" data-position=\"8\">Zosta\u0142 te\u017c zapytany o potencjalne wzmocnienia w zimowym okienku. I potwierdzi\u0142, \u017ce takowych nale\u017cy si\u0119 spodziewa\u0107.<\/p>\n<p class=\"contentpart contentpart--default contentpart--text\" data-position=\"9\">&#8211; Na pewno s\u0105 pozycje, na kt\u00f3rych potrzebujemy wzmocnie\u0144 i impulsu. Na pewno pojawi\u0105 si\u0119 transfery do klubu. Mam jutro [w poniedzia\u0142ek &#8211; red.] do\u015b\u0107 obszern\u0105 rozmow\u0119 na ten temat z w\u0142a\u015bcicielem klubu i podejmiemy konkretne decyzje &#8211; powiedzia\u0142 Stolarski.<\/p>\n","protected":false},"excerpt":{"rendered":"Motor Lublin zako\u0144czy\u0142 2025 rok na 11. miejscu w tabeli PKO Ekstraklasy. W niedziel\u0119 zesp\u00f3\u0142 Mateusza Stolarskiego zremisowa\u0142&hellip;\n","protected":false},"author":2,"featured_media":153213,"comment_status":"","ping_status":"","sticky":false,"template":"","format":"standard","meta":{"footnotes":""},"categories":[24],"tags":[10608,1081,10606,3364,269,1724,42,38,40,39,41,127,126],"class_list":{"0":"post-153212","1":"post","2":"type-post","3":"status-publish","4":"format-standard","5":"has-post-thumbnail","7":"category-sport","8":"tag-arena-lublin","9":"tag-lublin","10":"tag-mateusz-stolarski","11":"tag-motor-lublin","12":"tag-pilka-nozna","13":"tag-pko-ekstraklasa","14":"tag-pl","15":"tag-poland","16":"tag-polish","17":"tag-polska","18":"tag-polski","19":"tag-sport","20":"tag-sports"},"share_on_mastodon":{"url":"https:\/\/pubeurope.com\/@pl\/115726709582041716","error":""},"_links":{"self":[{"href":"https:\/\/www.europesays.com\/pl\/wp-json\/wp\/v2\/posts\/153212","targetHints":{"allow":["GET"]}}],"collection":[{"href":"https:\/\/www.europesays.com\/pl\/wp-json\/wp\/v2\/posts"}],"about":[{"href":"https:\/\/www.europesays.com\/pl\/wp-json\/wp\/v2\/types\/post"}],"author":[{"embeddable":true,"href":"https:\/\/www.europesays.com\/pl\/wp-json\/wp\/v2\/users\/2"}],"replies":[{"embeddable":true,"href":"https:\/\/www.europesays.com\/pl\/wp-json\/wp\/v2\/comments?post=153212"}],"version-history":[{"count":0,"href":"https:\/\/www.europesays.com\/pl\/wp-json\/wp\/v2\/posts\/153212\/revisions"}],"wp:featuredmedia":[{"embeddable":true,"href":"https:\/\/www.europesays.com\/pl\/wp-json\/wp\/v2\/media\/153213"}],"wp:attachment":[{"href":"https:\/\/www.europesays.com\/pl\/wp-json\/wp\/v2\/media?parent=153212"}],"wp:term":[{"taxonomy":"category","embeddable":true,"href":"https:\/\/www.europesays.com\/pl\/wp-json\/wp\/v2\/categories?post=153212"},{"taxonomy":"post_tag","embeddable":true,"href":"https:\/\/www.europesays.com\/pl\/wp-json\/wp\/v2\/tags?post=153212"}],"curies":[{"name":"wp","href":"https:\/\/api.w.org\/{rel}","templated":true}]}}