{"id":153218,"date":"2025-12-16T01:45:26","date_gmt":"2025-12-16T01:45:26","guid":{"rendered":"https:\/\/www.europesays.com\/pl\/153218\/"},"modified":"2025-12-16T01:45:26","modified_gmt":"2025-12-16T01:45:26","slug":"dolar-ponizej-360-zl-euro-najtansze-od-kwietnia-i-testuje-linie-wsparcia","status":"publish","type":"post","link":"https:\/\/www.europesays.com\/pl\/153218\/","title":{"rendered":"Dolar poni\u017cej 3,60 z\u0142. Euro najta\u0144sze od kwietnia i testuje lini\u0119 wsparcia"},"content":{"rendered":"<p>2025-12-15 10:40<\/p>\n<p>publikacja<br \/>2025-12-15 10:40<\/p>\n<p>Podziel si\u0119<\/p>\n<p>Poniedzia\u0142kowy poranek przywita\u0142 nas kursem euro na dolnej<br \/>\ngranicy tegorocznego trendu bocznego. Za to notowania dolara ameryka\u0144skiego<br \/>\nponownie spad\u0142y poni\u017cej 3,60 z\u0142, zmierzaj\u0105c w stron\u0119 najni\u017cszego poziomu od<br \/>\ntrzech miesi\u0119cy.<\/p>\n<p><img decoding=\"async\" class=\"o-graphics-multiobject__inner-blurry-picture-img\" src=\"https:\/\/www.europesays.com\/pl\/wp-content\/uploads\/2025\/12\/675ca973bdcef1-948-568-8-21-1723-1034.jpg\" width=\"948\" height=\"568\" alt=\"Dolar poni\u017cej 3,60 z\u0142. Euro najta\u0144sze od kwietnia i testuje lini\u0119 wsparcia\" loading=\"lazy\"\/><img decoding=\"async\" class=\"o-graphics-multiobject__item webfeedsFeaturedVisual\" src=\"https:\/\/www.europesays.com\/pl\/wp-content\/uploads\/2025\/12\/675ca973bdcef1-948-568-8-21-1723-1034.jpg\" width=\"948\" height=\"568\" alt=\"Dolar poni\u017cej 3,60 z\u0142. Euro najta\u0144sze od kwietnia i testuje lini\u0119 wsparcia\" loading=\"lazy\"\/>fot. Anikin Denis \/ \/\u00a0Shutterstock<\/p>\n<p>O 10:30 kurs euro wynosi\u0142 4,2204 z\u0142 i znalaz\u0142 si\u0119 najni\u017cej<br \/>\nod przesz\u0142o 8 miesi\u0119cy. W ten spos\u00f3b euroz\u0142oty testuje lini\u0119 wsparcia i zarazem<br \/>\ndolnego ograniczenia trwaj\u0105cego od kwietnia trendu bocznego. Na gruncie analizy<br \/>\ntechnicznej trwa\u0142e zej\u015bcie poni\u017cej 4,22 z\u0142 sugerowa\u0142oby spadek kurs euro w<br \/>\nrejon lutowego minimum (ok. 4,13 z\u0142)<\/p>\n<p><img decoding=\"async\" alt=\"\" class=\"o-graphics-multiobject__inner-blurry-picture-img\" height=\"513\" loading=\"lazy\" src=\"https:\/\/www.europesays.com\/pl\/wp-content\/uploads\/2025\/12\/cc7601f9d1b2d3-948-513-0-0-1266-686.png\" width=\"948\"\/><\/p>\n<p><a href=\"https:\/\/www.bankier.pl\/waluty\/kursy-walut\/forex\/EURPLn\" rel=\"nofollow noopener\" target=\"_blank\"><\/p>\n<p><img decoding=\"async\" alt=\"\" class=\"o-graphics-multiobject__item webfeedsFeaturedVisual\" height=\"513\" loading=\"lazy\" src=\"https:\/\/www.europesays.com\/pl\/wp-content\/uploads\/2025\/12\/cc7601f9d1b2d3-948-513-0-0-1266-686.png\" width=\"948\"\/><\/p>\n<p><\/a><\/p>\n<p>&#8211; W przed\u015bwi\u0105tecznym tygodniu zestaw czynnik\u00f3w wp\u0142ywaj\u0105cych<br \/>\nna z\u0142otego nie zmieni si\u0119. Na dolara, ujemnie skorelowanego z walutami EM,<br \/>\npo\u015brednio wp\u0142yn\u0105 miesi\u0119czne dane z rynku pracy USA i odczyt inflacji CPI. Z<br \/>\ndoniesie\u0144 medialnych wynika te\u017c, \u017ce du\u017co b\u0119dzie si\u0119 dzia\u0142o wok\u00f3\u0142 negocjacji<br \/>\npokojowych dotycz\u0105cych wojny Rosji z Ukrain\u0105 &#8211; wskazuj\u0105 ekonomi\u015bci PKO BP.<\/p>\n<p>Wydaje si\u0119, \u017ce w kr\u00f3tkim i \u015brednim terminie dla los\u00f3w<br \/>\nz\u0142otego rozstrzygaj\u0105cy mo\u017ce by\u0107 ten ostatni czynnik. Rynek mo\u017ce zacz\u0105\u0107<br \/>\ndyskontowa\u0107 <a href=\"https:\/\/www.bankier.pl\/wiadomosc\/Donbas-to-ukrainski-pas-twierdz-Trump-chce-go-wymienic-na-pokoj-9054240.html\" data-vr-contentbox=\"news_news_2\" data-vr-contentbox-url=\"https:\/\/www.bankier.pl\/wiadomosc\/Donbas-to-ukrainski-pas-twierdz-Trump-chce-go-wymienic-na-pokoj-9054240.html\" rel=\"nofollow noopener\" target=\"_blank\">jak\u0105\u015b<br \/>\nform\u0119 zawieszenia broni na Ukrainie<\/a> (lub nawet trwa\u0142ego pokoju), na rzecz<br \/>\nczego \u015bwiadcz\u0105 <a href=\"https:\/\/www.bankier.pl\/wiadomosc\/W-berlinskich-rozmowach-o-wojnie-brakuje-najwazniejszego-uczestnika-9055579.html\" data-vr-contentbox=\"news_news_3\" data-vr-contentbox-url=\"https:\/\/www.bankier.pl\/wiadomosc\/W-berlinskich-rozmowach-o-wojnie-brakuje-najwazniejszego-uczestnika-9055579.html\" rel=\"nofollow noopener\" target=\"_blank\">doniesienia<br \/>\no tocz\u0105cych si\u0119 rozmowach na najwy\u017cszym szczeblu.<\/a><\/p>\n<p>Wi\u0119kszego wp\u0142ywu na polski rynek walutowy nie mia\u0142y finalne<br \/>\ndane o inflacji CPI za listopad. <a href=\"https:\/\/www.bankier.pl\/wiadomosc\/Inflacja-w-listopadzie-2025-byla-dokladnie-w-celu-GUS-rewiduje-pierwotny-szacunek-9055586.html\" data-vr-contentbox=\"news_news_4\" data-vr-contentbox-url=\"https:\/\/www.bankier.pl\/wiadomosc\/Inflacja-w-listopadzie-2025-byla-dokladnie-w-celu-GUS-rewiduje-pierwotny-szacunek-9055586.html\" rel=\"nofollow noopener\" target=\"_blank\">GUS<br \/>\nzrewidowa\u0142 pierwotny odczyt nieznacznie w g\u00f3r\u0119<\/a>, co nie zmienia szerszego<br \/>\nobrazu sytuacji. Na ten moment polska inflacja konsumencka znajduje si\u0119 celu<br \/>\nbanku centralnego, co otwiera furtk\u0119 dla kolejnych obni\u017cek st\u00f3p procentowych w<br \/>\nNBP w 2026 roku. Taki te\u017c od wielu miesi\u0119cy jest rynkowy konsensus.<\/p>\n<p>Warto przy tym odnotowa\u0107, \u017ce poniedzia\u0142kowe umocnienie<br \/>\nz\u0142otego mia\u0142o miejsce przy stabilnej sytuacji na parze euro-dolar. Tyle jednak<br \/>\nwystarczy\u0142o, aby notowania \u201ezielonego\u201d na polskim rynku spad\u0142y poni\u017cej 3,60 z\u0142.<br \/>\nO poranku <a href=\"https:\/\/www.bankier.pl\/waluty\/kursy-walut\/forex\/USDPLN\" rel=\"nofollow noopener\" target=\"_blank\">dolar<br \/>\nnotowany by\u0142 po 3,5944 z\u0142.<\/a><\/p>\n<p><a href=\"https:\/\/www.bankier.pl\/waluty\/kursy-walut\/forex\/CHFPLn\" rel=\"nofollow noopener\" target=\"_blank\">Frank szwajcarski<br \/>\nwyceniany by\u0142 na 4,5122 z\u0142<\/a>, a wi\u0119c coraz bli\u017cej dolnego ograniczenia<br \/>\ntrwaj\u0105cej od kwietnia konsolidacji. Ju\u017c od przesz\u0142o 8 miesi\u0119cy <a href=\"https:\/\/www.bankier.pl\/waluty\/kursy-walut\/forex\/CHFPLn\" rel=\"nofollow noopener\" target=\"_blank\">kurs CHF\/PLN<\/a><br \/>\nporusza si\u0119 w zakresie 4,50-4,60 z\u0142. <\/p>\n<p>Natomiast <a href=\"https:\/\/www.bankier.pl\/waluty\/kursy-walut\/forex\/GBPPLn\" rel=\"nofollow noopener\" target=\"_blank\">funt brytyjski<br \/>\nkosztowa\u0142 4,8105 z\u0142<\/a> i by\u0142 ju\u017c o 4 grosze ta\u0144szy ni\u017c przed tygodniem. W ten<br \/>\nspos\u00f3b zatrzymana zosta\u0142a pr\u00f3ba odbicia na parze funt-z\u0142oty, kt\u00f3ra w po\u0142owie<br \/>\nlistopada notowana by\u0142a najni\u017cej od 6 lat.<\/p>\n<p>KK<\/p>\n<p>\u0179r\u00f3d\u0142o:<a href=\"\" target=\"_blank\" rel=\"noopener nofollow\"><img decoding=\"async\" class=\"a-image__img\" src=\"https:\/\/www.europesays.com\/pl\/wp-content\/uploads\/2025\/12\/5ef7bb0f2bddb9.png\" loading=\"lazy\" width=\"100\" height=\"32\"\/><\/a><\/p>\n","protected":false},"excerpt":{"rendered":"2025-12-15 10:40 publikacja2025-12-15 10:40 Podziel si\u0119 Poniedzia\u0142kowy poranek przywita\u0142 nas kursem euro na dolnej granicy tegorocznego trendu bocznego.&hellip;\n","protected":false},"author":2,"featured_media":153219,"comment_status":"","ping_status":"","sticky":false,"template":"","format":"standard","meta":{"footnotes":""},"categories":[16],"tags":[113,112,42,38,40,39,41],"class_list":{"0":"post-153218","1":"post","2":"type-post","3":"status-publish","4":"format-standard","5":"has-post-thumbnail","7":"category-biznes","8":"tag-biznes","9":"tag-business","10":"tag-pl","11":"tag-poland","12":"tag-polish","13":"tag-polska","14":"tag-polski"},"share_on_mastodon":{"url":"https:\/\/pubeurope.com\/@pl\/115726721315851542","error":""},"_links":{"self":[{"href":"https:\/\/www.europesays.com\/pl\/wp-json\/wp\/v2\/posts\/153218","targetHints":{"allow":["GET"]}}],"collection":[{"href":"https:\/\/www.europesays.com\/pl\/wp-json\/wp\/v2\/posts"}],"about":[{"href":"https:\/\/www.europesays.com\/pl\/wp-json\/wp\/v2\/types\/post"}],"author":[{"embeddable":true,"href":"https:\/\/www.europesays.com\/pl\/wp-json\/wp\/v2\/users\/2"}],"replies":[{"embeddable":true,"href":"https:\/\/www.europesays.com\/pl\/wp-json\/wp\/v2\/comments?post=153218"}],"version-history":[{"count":0,"href":"https:\/\/www.europesays.com\/pl\/wp-json\/wp\/v2\/posts\/153218\/revisions"}],"wp:featuredmedia":[{"embeddable":true,"href":"https:\/\/www.europesays.com\/pl\/wp-json\/wp\/v2\/media\/153219"}],"wp:attachment":[{"href":"https:\/\/www.europesays.com\/pl\/wp-json\/wp\/v2\/media?parent=153218"}],"wp:term":[{"taxonomy":"category","embeddable":true,"href":"https:\/\/www.europesays.com\/pl\/wp-json\/wp\/v2\/categories?post=153218"},{"taxonomy":"post_tag","embeddable":true,"href":"https:\/\/www.europesays.com\/pl\/wp-json\/wp\/v2\/tags?post=153218"}],"curies":[{"name":"wp","href":"https:\/\/api.w.org\/{rel}","templated":true}]}}