{"id":153220,"date":"2025-12-16T01:49:10","date_gmt":"2025-12-16T01:49:10","guid":{"rendered":"https:\/\/www.europesays.com\/pl\/153220\/"},"modified":"2025-12-16T01:49:10","modified_gmt":"2025-12-16T01:49:10","slug":"wygral-w-sadzie-dostanie-blisko-850-tys-euro-odszkodowania","status":"publish","type":"post","link":"https:\/\/www.europesays.com\/pl\/153220\/","title":{"rendered":"Wygra\u0142 w s\u0105dzie. Dostanie blisko 850 tys. euro odszkodowania"},"content":{"rendered":"\n<p class=\"contentpart contentpart--default contentpart--text\" data-position=\"0\">Na prze\u0142omie XX i XXI wieku\u00a0<a href=\"https:\/\/sportowefakty.wp.pl\/tenis\/nicolas-escude\" rel=\"nofollow noopener\" target=\"_blank\">Nicolas Escude<\/a>\u00a0by\u0142 czo\u0142owym francuskim tenisist\u0105. Wygra\u0142 cztery turnieje g\u0142\u00f3wnego cyklu. Dotar\u0142 do p\u00f3\u0142fina\u0142u Australian Open 1998 oraz \u0107wier\u0107fina\u0142u Wimbledonu 2001 i US Open 1999. Najwy\u017cej w karierze plasowa\u0142 si\u0119 na 17. pozycji w rankingu ATP.<\/p>\n<p class=\"contentpart contentpart--default contentpart--text\" data-position=\"1\">W 2006 roku z powodu powa\u017cnej kontuzji barku Escude og\u0142osi\u0142 zako\u0144czenie zawodowej kariery, ale pozosta\u0142 przy tenisie. By\u0142 m.in. trenerem Jo-Wilfrieda Tsongi czy Nicolasa Mahuta. Pe\u0142ni\u0142 tak\u017ce w latach 2009-2012 funkcj\u0119 kapitana dru\u017cyny narodowej w\u00a0<a href=\"https:\/\/sportowefakty.wp.pl\/tenis\/puchar-federacji\" rel=\"nofollow noopener\" target=\"_blank\">Pucharze Billie Jean King<\/a>. Potem przyj\u0105\u0142 ofert\u0119 Francuskiej Federacji Tenisowej (FFT) i zosta\u0142 dyrektorem technicznym.<\/p>\n<p> <img role=\"presentation\" src=\"https:\/\/std.wpcdn.pl\/images\/adv\/placeholder_wp.svg\" loading=\"lazy\" alt=\"\" decoding=\"async\"\/>  <\/p>\n<p class=\"contentpart contentpart--default contentpart--text\" data-position=\"2\">ZOBACZ WIDEO: Jakub Kiwior i jego \u017cona zachwycili. Nagranie robi wra\u017cenie<\/p>\n<p class=\"contentpart contentpart--default contentpart--text\" data-position=\"4\">Jak informuje s\u0142ynny dziennik sportowy &#8222;L&#8217;Equipe&#8221;, paryski s\u0105d pracy stwierdzi\u0142 niewa\u017cno\u015b\u0107 zwolnienia Escude z 2024 roku i zobowi\u0105za\u0142 Francusk\u0105 Federacj\u0119 Tenisa do wyp\u0142aty \u0142\u0105cznie niemal 850 tys. euro\u00a0(oko\u0142o 3,7 mln z\u0142otych) by\u0142emu dyrektorowi technicznemu, kt\u00f3ry pe\u0142ni\u0142 t\u0119 funkcj\u0119 w latach 2021-2024.<\/p>\n<p class=\"contentpart contentpart--default contentpart--text\" data-position=\"5\">Sp\u00f3r by\u0142 konsekwencj\u0105 reorganizacji FFT z 2023 roku. W jej wyniku zakres obowi\u0105zk\u00f3w Escude zosta\u0142 znacz\u0105co ograniczony &#8211; odpowiada\u0142 ju\u017c tylko za szkolenie m\u0142odzie\u017cy w wieku 5-15 lat w ramach programu &#8222;Droga na Szczyt&#8221;, podczas gdy obszar sportu wyczynowego przej\u0119li Paul-Henri Mathieu i Ivan Ljubici\u0107.<\/p>\n<p class=\"contentpart contentpart--default contentpart--text\" data-position=\"6\">Escude nie zgodzi\u0142 si\u0119 na te zmiany, argumentuj\u0105c, \u017ce pozbawi\u0142y one jego stanowisko pierwotnego znaczenia. Po przej\u015bciu na zwolnienie lekarskie zosta\u0142 zwolniony, co zakwestionowa\u0142 przed s\u0105dem. FFT broni\u0142a si\u0119, twierdz\u0105c, \u017ce jego funkcja nie dawa\u0142a gwarancji zatrudnienia.<\/p>\n<p> <img role=\"presentation\" src=\"https:\/\/std.wpcdn.pl\/images\/adv\/placeholder_wp.svg\" loading=\"lazy\" alt=\"\" decoding=\"async\"\/>  <\/p>\n<p class=\"contentpart contentpart--default contentpart--text\" data-position=\"7\">S\u0105d przyzna\u0142 jednak racj\u0119 by\u0142emu dyrektorowi technicznemu. Zas\u0105dzone kwoty obejmuj\u0105 m.in. 330 tys. euro za naruszenie gwarancji zatrudnienia, 180 tys. euro za niewa\u017cno\u015b\u0107 zwolnienia, ponad 81 tys. euro tytu\u0142em okresu wypowiedzenia oraz po 80 tys. euro za mobbing i szkody zawodowo-ekonomiczne.<\/p>\n<p class=\"contentpart contentpart--default contentpart--text\" data-position=\"8\">Do tego dochodzi 50 tys. euro za szkody moralne, spo\u0142eczne i rodzinne. Orzeczenie zamyka wielomiesi\u0119czny sp\u00f3r mi\u0119dzy Escude a federacj\u0105 i stanowi istotny precedens dla zarz\u0105dzania stanowiskami kierowniczymi w francuskim sporcie.<\/p>\n","protected":false},"excerpt":{"rendered":"Na prze\u0142omie XX i XXI wieku\u00a0Nicolas Escude\u00a0by\u0142 czo\u0142owym francuskim tenisist\u0105. Wygra\u0142 cztery turnieje g\u0142\u00f3wnego cyklu. Dotar\u0142 do p\u00f3\u0142fina\u0142u&hellip;\n","protected":false},"author":2,"featured_media":153221,"comment_status":"","ping_status":"","sticky":false,"template":"","format":"standard","meta":{"footnotes":""},"categories":[24],"tags":[2080,96,30719,42,38,40,39,41,127,126,156],"class_list":{"0":"post-153220","1":"post","2":"type-post","3":"status-publish","4":"format-standard","5":"has-post-thumbnail","7":"category-sport","8":"tag-atp","9":"tag-francja","10":"tag-nicolas-escude","11":"tag-pl","12":"tag-poland","13":"tag-polish","14":"tag-polska","15":"tag-polski","16":"tag-sport","17":"tag-sports","18":"tag-tenis"},"share_on_mastodon":{"url":"https:\/\/pubeurope.com\/@pl\/115726736966510570","error":""},"_links":{"self":[{"href":"https:\/\/www.europesays.com\/pl\/wp-json\/wp\/v2\/posts\/153220","targetHints":{"allow":["GET"]}}],"collection":[{"href":"https:\/\/www.europesays.com\/pl\/wp-json\/wp\/v2\/posts"}],"about":[{"href":"https:\/\/www.europesays.com\/pl\/wp-json\/wp\/v2\/types\/post"}],"author":[{"embeddable":true,"href":"https:\/\/www.europesays.com\/pl\/wp-json\/wp\/v2\/users\/2"}],"replies":[{"embeddable":true,"href":"https:\/\/www.europesays.com\/pl\/wp-json\/wp\/v2\/comments?post=153220"}],"version-history":[{"count":0,"href":"https:\/\/www.europesays.com\/pl\/wp-json\/wp\/v2\/posts\/153220\/revisions"}],"wp:featuredmedia":[{"embeddable":true,"href":"https:\/\/www.europesays.com\/pl\/wp-json\/wp\/v2\/media\/153221"}],"wp:attachment":[{"href":"https:\/\/www.europesays.com\/pl\/wp-json\/wp\/v2\/media?parent=153220"}],"wp:term":[{"taxonomy":"category","embeddable":true,"href":"https:\/\/www.europesays.com\/pl\/wp-json\/wp\/v2\/categories?post=153220"},{"taxonomy":"post_tag","embeddable":true,"href":"https:\/\/www.europesays.com\/pl\/wp-json\/wp\/v2\/tags?post=153220"}],"curies":[{"name":"wp","href":"https:\/\/api.w.org\/{rel}","templated":true}]}}