{"id":153317,"date":"2025-12-16T03:41:15","date_gmt":"2025-12-16T03:41:15","guid":{"rendered":"https:\/\/www.europesays.com\/pl\/153317\/"},"modified":"2025-12-16T03:41:15","modified_gmt":"2025-12-16T03:41:15","slug":"luka-elsner-kandydatem-do-roli-selekcjonera-reprezentacji-slowenii","status":"publish","type":"post","link":"https:\/\/www.europesays.com\/pl\/153317\/","title":{"rendered":"Luka Elsner kandydatem do roli selekcjonera reprezentacji S\u0142owenii"},"content":{"rendered":"<p>S\u0142owe\u0144skie media sprawiaj\u0105, \u017ce\u00a0kibice Cracovii nie\u00a0mog\u0105 spa\u0107 spokojnie. Niewykluczone bowiem, \u017ce\u00a0Pasy w\u00a0przerwie zimowej mog\u0105 straci\u0107 trenera.<\/p>\n<p>Zdaniem portalu nogomania.com Lukas Elsner to\u00a0aktualnie powa\u017cny kandydat do\u00a0przej\u0119cia reprezentacji S\u0142owenii.<\/p>\n<p>Luka Elsner kandydatem do\u00a0roli selekcjonera reprezentacji S\u0142owenii<\/p>\n<p>Niedawno z\u00a0tamtejsz\u0105 kadr\u0105 po\u017cegna\u0142 si\u0119 Matja\u017c Kek, a\u00a0krajowa federacja ci\u0105gle nie\u00a0znalaz\u0142a jego nast\u0119pcy. Ch\u0119tny do\u00a0tej\u00a0posady by\u0142by prowadz\u0105cy NK Celje Albert Riera, ale\u00a0prezes s\u0142owe\u0144skiego zwi\u0105zku pi\u0142karskiego Radenko Mijatovi\u0107 traci entuzjazm do\u00a0tego wariantu.<\/p>\n<p>Rozwa\u017cany by\u0142 tak\u017ce Darko Milani\u0107, kt\u00f3ry\u00a0w\u00a0czerwcu odszed\u0142 z\u00a0Al-Wahdy. Tutaj sam zainteresowany odm\u00f3wi\u0142, nie\u00a0ukrywaj\u0105c, \u017ce\u00a0czeka na\u00a0kolejn\u0105 ofert\u0119 z\u00a0kraj\u00f3w arabskich.<\/p>\n<p>Realn\u0105 opcj\u0105 ma\u00a0pozostawa\u0107 trener Mariboru, Bostjan Cesar, cho\u0107 dotychczas nie\u00a0potwierdzi\u0142 publicznie, \u017ce\u00a0by\u0142by zainteresowany podj\u0119ciem wyzwania.<\/p>\n<p>Nic wi\u0119c\u00a0dziwnego, \u017ce\u00a0Elsner na\u00a0tym tle jawi si\u0119 jako kandydat godny rozwa\u017cenia. Poprowadzenie kadry mo\u017ce by\u0107 dla niego bardziej kusz\u0105ce ni\u017c ciekawa propozycja z\u00a0MLS, kt\u00f3r\u0105 ostatnio mia\u0142 odrzuci\u0107, \u017ceby\u00a0skupi\u0107 si\u0119 na\u00a0pracy w\u00a0Cracovii.<\/p>\n<p>Pasy pod\u00a0wodz\u0105 Elsnera zako\u0144czy\u0142y rok na\u00a0sz\u00f3stym miejscu w\u00a0tabeli Ekstraklasy. Do\u00a0lideruj\u0105cej Wis\u0142y P\u0142ock trac\u0105 tylko\u00a0trzy punkty.<\/p>\n<p>Fot.\u00a0Newspix<\/p>\n","protected":false},"excerpt":{"rendered":"S\u0142owe\u0144skie media sprawiaj\u0105, \u017ce\u00a0kibice Cracovii nie\u00a0mog\u0105 spa\u0107 spokojnie. Niewykluczone bowiem, \u017ce\u00a0Pasy w\u00a0przerwie zimowej mog\u0105 straci\u0107 trenera. Zdaniem portalu&hellip;\n","protected":false},"author":2,"featured_media":153318,"comment_status":"","ping_status":"","sticky":false,"template":"","format":"standard","meta":{"footnotes":""},"categories":[24],"tags":[2398,2572,42,38,40,39,41,127,126],"class_list":{"0":"post-153317","1":"post","2":"type-post","3":"status-publish","4":"format-standard","5":"has-post-thumbnail","7":"category-sport","8":"tag-cracovia","9":"tag-luka-elsner","10":"tag-pl","11":"tag-poland","12":"tag-polish","13":"tag-polska","14":"tag-polski","15":"tag-sport","16":"tag-sports"},"share_on_mastodon":{"url":"https:\/\/pubeurope.com\/@pl\/115727177027897991","error":""},"_links":{"self":[{"href":"https:\/\/www.europesays.com\/pl\/wp-json\/wp\/v2\/posts\/153317","targetHints":{"allow":["GET"]}}],"collection":[{"href":"https:\/\/www.europesays.com\/pl\/wp-json\/wp\/v2\/posts"}],"about":[{"href":"https:\/\/www.europesays.com\/pl\/wp-json\/wp\/v2\/types\/post"}],"author":[{"embeddable":true,"href":"https:\/\/www.europesays.com\/pl\/wp-json\/wp\/v2\/users\/2"}],"replies":[{"embeddable":true,"href":"https:\/\/www.europesays.com\/pl\/wp-json\/wp\/v2\/comments?post=153317"}],"version-history":[{"count":0,"href":"https:\/\/www.europesays.com\/pl\/wp-json\/wp\/v2\/posts\/153317\/revisions"}],"wp:featuredmedia":[{"embeddable":true,"href":"https:\/\/www.europesays.com\/pl\/wp-json\/wp\/v2\/media\/153318"}],"wp:attachment":[{"href":"https:\/\/www.europesays.com\/pl\/wp-json\/wp\/v2\/media?parent=153317"}],"wp:term":[{"taxonomy":"category","embeddable":true,"href":"https:\/\/www.europesays.com\/pl\/wp-json\/wp\/v2\/categories?post=153317"},{"taxonomy":"post_tag","embeddable":true,"href":"https:\/\/www.europesays.com\/pl\/wp-json\/wp\/v2\/tags?post=153317"}],"curies":[{"name":"wp","href":"https:\/\/api.w.org\/{rel}","templated":true}]}}