{"id":153329,"date":"2025-12-16T04:16:18","date_gmt":"2025-12-16T04:16:18","guid":{"rendered":"https:\/\/www.europesays.com\/pl\/153329\/"},"modified":"2025-12-16T04:16:18","modified_gmt":"2025-12-16T04:16:18","slug":"nie-nadaje-sie-bez-hamulcow-o-gwiazdorze-legii-warszawa","status":"publish","type":"post","link":"https:\/\/www.europesays.com\/pl\/153329\/","title":{"rendered":"&#8222;Nie nadaje si\u0119&#8221;. Bez hamulc\u00f3w o gwiazdorze Legii Warszawa"},"content":{"rendered":"\n<p class=\"contentpart contentpart--default contentpart--text\" data-position=\"0\"><a href=\"https:\/\/sportowefakty.wp.pl\/inne\/bozydar-iwanow\" rel=\"nofollow noopener\" target=\"_blank\">Bo\u017cydar Iwanow<\/a>\u00a0surowo skomentowa\u0142 wyst\u0119py <a href=\"https:\/\/sportowefakty.wp.pl\/pilka-nozna\/noah-weisshaupt\" rel=\"nofollow noopener\" target=\"_blank\">Noaha Weisshaupta<\/a>\u00a0z <a href=\"https:\/\/sportowefakty.wp.pl\/pilka-nozna\/legia-warszawa\" rel=\"nofollow noopener\" target=\"_blank\">Legii Warszawa<\/a>, oceniaj\u0105c jego gr\u0119 ni\u017cej ni\u017c <a href=\"https:\/\/sportowefakty.wp.pl\/pilka-nozna\/kacper-chodyna\" rel=\"nofollow noopener\" target=\"_blank\">Kacpra Chodyny<\/a>, tak\u017ce krytykowanego zawodnika sto\u0142ecznego zespo\u0142u.<\/p>\n<p class=\"contentpart contentpart--default contentpart--text\" data-position=\"1\">&#8211; On si\u0119 nie nadaje po prostu. Jest gorszy od Kacpra Chodyny o jakie\u015b trzy poziomy. Nie dostaje szans, bo w procesie treningowym prezentuje si\u0119 tak s\u0142abo, \u017ce nie ma danych, aby on gra\u0142 w pi\u0142k\u0119 &#8211; m\u00f3wi komentator <a href=\"https:\/\/sportowefakty.wp.pl\/inne\/polsat-sport\" rel=\"nofollow noopener\" target=\"_blank\">Polsatu Sport<\/a>,\u00a0Bo\u017cydar Iwanow w programie na kanale Meczyki.<\/p>\n<p> <img role=\"presentation\" src=\"https:\/\/std.wpcdn.pl\/images\/adv\/placeholder_wp.svg\" loading=\"lazy\" alt=\"\" decoding=\"async\"\/>  <\/p>\n<p class=\"contentpart contentpart--default contentpart--text\" data-position=\"2\">Skrzyd\u0142owy Noah Weisshaupt jest wypo\u017cyczony do <a href=\"https:\/\/sportowefakty.wp.pl\/pilka-nozna\/legia-warszawa\" rel=\"nofollow noopener\" target=\"_blank\">Legii Warszawa<\/a>\u00a0z niemieckiego\u00a0<a href=\"https:\/\/sportowefakty.wp.pl\/pilka-nozna\/sc-freiburg\" rel=\"nofollow noopener\" target=\"_blank\">SC Freiburg<\/a>.\u00a0W\u0142adze sportowe klubu z <a href=\"https:\/\/sportowefakty.wp.pl\/pilka-nozna\/pko-ekstraklasa\" rel=\"nofollow noopener\" target=\"_blank\">PKO Ekstraklasy<\/a>\u00a0zastanawiaj\u0105 si\u0119 aktualnie nad przysz\u0142o\u015bci\u0105 <a href=\"https:\/\/sportowefakty.wp.pl\/niemcy\" rel=\"nofollow noopener\" target=\"_blank\">Niemca<\/a> w zespole.<\/p>\n<p class=\"contentpart contentpart--default contentpart--text\" data-position=\"3\">ZOBACZ WIDEO: #dziejesiewsporcie: Gol z po\u0142owy boiska. Mo\u017cna ogl\u0105da\u0107 i ogl\u0105da\u0107<\/p>\n<p class=\"contentpart contentpart--default contentpart--text\" data-position=\"5\">Sam zawodnik, \u015bci\u0105gni\u0119ty z <a href=\"https:\/\/sportowefakty.wp.pl\/pilka-nozna\/bundesliga\" rel=\"nofollow noopener\" target=\"_blank\">Bundesligi<\/a>, mia\u0142 nadziej\u0119 na cz\u0119stsze wyst\u0119py w Legii. Pomimo oczekiwa\u0144, w tym sezonie wyst\u0105pi\u0142 jedynie w dziewi\u0119ciu meczach, notuj\u0105c jedn\u0105 asyst\u0119 przy golu. Od ko\u0144ca pa\u017adziernika w og\u00f3le nie pojawi\u0142 si\u0119 na boisku.<\/p>\n<p class=\"contentpart contentpart--default contentpart--text\" data-position=\"6\">Kontrakt Noaha Weisshaupta z Legi\u0105 obowi\u0105zuje do ko\u0144ca sezonu. W umowie wypo\u017cyczenia jest opcja wykupu za trzy miliony euro z SC Freiburg. Bior\u0105c pod uwag\u0119 dotychczasowe wyst\u0119py pomocnika, ma\u0142o prawdopodobne jest, \u017ce Legia zdecyduje si\u0119 na ten krok.<\/p>\n<p> <img role=\"presentation\" src=\"https:\/\/std.wpcdn.pl\/images\/adv\/placeholder_wp.svg\" loading=\"lazy\" alt=\"\" decoding=\"async\"\/>  <\/p>\n<p class=\"contentpart contentpart--default contentpart--text\" data-position=\"7\">&#8211; Widzieli\u015bcie jaki\u015b jego dobry mecz? &#8211; zapyta\u0142 zaczepnie Bo\u017cydar Iwanow.<\/p>\n<p class=\"contentpart contentpart--default contentpart--text\" data-position=\"8\">Legia, aktywna w letnim oknie transferowym, pozyska\u0142a dziesi\u0119ciu nowych zawodnik\u00f3w. S\u0142aba forma Niemca budzi pytania o skuteczno\u015b\u0107 polityki transferowej klubu.<\/p>\n<p class=\"contentpart contentpart--default contentpart--text\" data-position=\"9\">Nie przemawiaj\u0105 za nim ani statystyki indywidualne, ani wyniki zespo\u0142u. B\u0119d\u0105ca w strefie spadkowej PKO Ekstraklasy dru\u017cyna odpad\u0142a ju\u017c z <a href=\"https:\/\/sportowefakty.wp.pl\/pilka-nozna\/puchar-polski\" rel=\"nofollow noopener\" target=\"_blank\">STS Pucharu Polski<\/a>\u00a0i <a href=\"https:\/\/sportowefakty.wp.pl\/pilka-nozna\/liga-konferencji-europy\" rel=\"nofollow noopener\" target=\"_blank\">Ligi Konferencji<\/a>. Nie pomog\u0142a jej jak dot\u0105d zmiana trenera z <a href=\"https:\/\/sportowefakty.wp.pl\/pilka-nozna\/edward-iordanescu\" rel=\"nofollow noopener\" target=\"_blank\">Edwarda Iordanescu<\/a>\u00a0na <a href=\"https:\/\/sportowefakty.wp.pl\/pilka-nozna\/inaki-astiz\" rel=\"nofollow noopener\" target=\"_blank\">Inakiego Astiza<\/a>. Na nowego szkoleniowca Legii jest wskazywany teraz <a href=\"https:\/\/sportowefakty.wp.pl\/pilka-nozna\/marek-papszun\" rel=\"nofollow noopener\" target=\"_blank\">Marek Papszun<\/a>.<\/p>\n<p class=\"contentpart contentpart--default contentpart--text\" data-position=\"10\">W niedziel\u0119 o godzinie 20:15 ostatni w tym roku mecz Legii w PKO Ekstraklasie przeciwko <a href=\"https:\/\/sportowefakty.wp.pl\/pilka-nozna\/piast-gliwice\" rel=\"nofollow noopener\" target=\"_blank\">Piastowi Gliwice<\/a>. P\u00f3\u017aniej podejmie jeszcze gibraltarski <a href=\"https:\/\/sportowefakty.wp.pl\/pilka-nozna\/lincoln-red-imps-fc\" rel=\"nofollow noopener\" target=\"_blank\">Lincoln Red Imps<\/a>\u00a0na po\u017cegnanie z edycj\u0105 Ligi Konferencji.<\/p>\n","protected":false},"excerpt":{"rendered":"Bo\u017cydar Iwanow\u00a0surowo skomentowa\u0142 wyst\u0119py Noaha Weisshaupta\u00a0z Legii Warszawa, oceniaj\u0105c jego gr\u0119 ni\u017cej ni\u017c Kacpra Chodyny, tak\u017ce krytykowanego zawodnika&hellip;\n","protected":false},"author":2,"featured_media":153330,"comment_status":"","ping_status":"","sticky":false,"template":"","format":"standard","meta":{"footnotes":""},"categories":[24],"tags":[30114,713,19754,269,1724,42,38,40,39,41,127,126,435],"class_list":{"0":"post-153329","1":"post","2":"type-post","3":"status-publish","4":"format-standard","5":"has-post-thumbnail","7":"category-sport","8":"tag-bozydar-iwanow","9":"tag-legia-warszawa","10":"tag-noah-weisshaupt","11":"tag-pilka-nozna","12":"tag-pko-ekstraklasa","13":"tag-pl","14":"tag-poland","15":"tag-polish","16":"tag-polska","17":"tag-polski","18":"tag-sport","19":"tag-sports","20":"tag-warszawa"},"share_on_mastodon":{"url":"https:\/\/pubeurope.com\/@pl\/115727314966274299","error":""},"_links":{"self":[{"href":"https:\/\/www.europesays.com\/pl\/wp-json\/wp\/v2\/posts\/153329","targetHints":{"allow":["GET"]}}],"collection":[{"href":"https:\/\/www.europesays.com\/pl\/wp-json\/wp\/v2\/posts"}],"about":[{"href":"https:\/\/www.europesays.com\/pl\/wp-json\/wp\/v2\/types\/post"}],"author":[{"embeddable":true,"href":"https:\/\/www.europesays.com\/pl\/wp-json\/wp\/v2\/users\/2"}],"replies":[{"embeddable":true,"href":"https:\/\/www.europesays.com\/pl\/wp-json\/wp\/v2\/comments?post=153329"}],"version-history":[{"count":0,"href":"https:\/\/www.europesays.com\/pl\/wp-json\/wp\/v2\/posts\/153329\/revisions"}],"wp:featuredmedia":[{"embeddable":true,"href":"https:\/\/www.europesays.com\/pl\/wp-json\/wp\/v2\/media\/153330"}],"wp:attachment":[{"href":"https:\/\/www.europesays.com\/pl\/wp-json\/wp\/v2\/media?parent=153329"}],"wp:term":[{"taxonomy":"category","embeddable":true,"href":"https:\/\/www.europesays.com\/pl\/wp-json\/wp\/v2\/categories?post=153329"},{"taxonomy":"post_tag","embeddable":true,"href":"https:\/\/www.europesays.com\/pl\/wp-json\/wp\/v2\/tags?post=153329"}],"curies":[{"name":"wp","href":"https:\/\/api.w.org\/{rel}","templated":true}]}}