{"id":153339,"date":"2025-12-16T04:48:09","date_gmt":"2025-12-16T04:48:09","guid":{"rendered":"https:\/\/www.europesays.com\/pl\/153339\/"},"modified":"2025-12-16T04:48:09","modified_gmt":"2025-12-16T04:48:09","slug":"donald-trump-pozwal-bbc-o-odszkodowanie","status":"publish","type":"post","link":"https:\/\/www.europesays.com\/pl\/153339\/","title":{"rendered":"Donald Trump pozwa\u0142 BBC o odszkodowanie"},"content":{"rendered":"<p class=\"ods-c-paragraph \">Pozew z\u0142o\u017cono w poniedzia\u0142ek w s\u0105dzie federalnym w Miami na Florydzie. Zarzucono w nim r\u00f3wnie\u017c z\u0142amanie obowi\u0105zuj\u0105cych na Florydzie przepis\u00f3w o nieuczciwych praktykach handlowych. Za ka\u017cdy z tych czyn\u00f3w Trump domaga si\u0119 po 5 mld dol. Adwokaci prezydenta argumentuj\u0105, \u017ce BBC wyrz\u0105dzi\u0142a <a href=\"https:\/\/wiadomosci.onet.pl\/bbc\" id=\"b5d33052-f6c3-45c3-b77a-de06040a0c08\" rel=\"nofollow noopener\" target=\"_blank\">Trumpowi <\/a>&#8222;ogromne szkody wizerunkowe i finansowe&#8221;.<\/p>\n<p> Dlaczego Donald Trump pozwa\u0142 BBC? <\/p>\n<p> Jak\u0105 kwot\u0119 domaga si\u0119 Trump? <\/p>\n<p> Na jakiej podstawie Trump sk\u0142ada pozew? <\/p>\n<p> Co BBC zrobi\u0142a po emisji kontrowersyjnego programu? <\/p>\n<p class=\"ods-c-paragraph \">&#8222;Dawniej ciesz\u0105ca si\u0119 szacunkiem, a obecnie zha\u0144biona BBC znies\u0142awi\u0142a prezydenta Trumpa, celowo, z\u0142o\u015bliwie i podst\u0119pnie przerabiaj\u0105c jego przem\u00f3wienie w bezczelnej pr\u00f3bie ingerencji w wybory prezydenckie w 2024 r.&#8221; \u2014 napisali prawnicy prezydenta USA.<\/p>\n<p class=\"ods-c-paragraph \">Chodzi o program &#8222;Panorama&#8221; wyemitowany przez BBC w pa\u017adzierniku 2024 roku, przed wyborami prezydenckimi w USA, w kt\u00f3rym zmontowano trzy fragmenty wyst\u0105pie\u0144 Trumpa ze stycznia 2021 r. w spos\u00f3b sugeruj\u0105cy, \u017ce polityk w jednej, ci\u0105g\u0142ej wypowiedzi jednoznacznie zach\u0119ca\u0142 swoich zwolennik\u00f3w do szturmu i zamieszek na Kapitolu.<\/p>\n<p class=\"ods-c-paragraph \">Brytyjski nadawca wystosowa\u0142 w listopadzie przeprosiny za zmanipulowanie wypowiedzi prezydenta USA, a jednocze\u015bnie odrzuci\u0142 \u017c\u0105danie Trumpa o odszkodowanie finansowe.<\/p>\n<p class=\"ods-c-paragraph \">W z\u0142o\u017conym w poniedzia\u0142ek pozwie podkre\u015blono, \u017ce BBC, pomimo przeprosin, &#8222;nie wykaza\u0142a \u017cadnej skruchy za swoje przewinienie ani nie podj\u0119\u0142a \u017cadnych znacz\u0105cych zmian instytucjonalnych, kt\u00f3re zapobieg\u0142yby przysz\u0142ym nadu\u017cyciom dziennikarskim&#8221; \u2014 poda\u0142 Reuters.<\/p>\n<p class=\"ods-c-paragraph \">Rzecznik BBC przekaza\u0142 wcze\u015bniej w poniedzia\u0142ek agencji, \u017ce prawnicy Trumpa nie nawi\u0105zywali kolejnych kontakt\u00f3w z nadawc\u0105. \u2014 Nasze stanowisko pozostaje bez zmian \u2014 doda\u0142.<\/p>\n","protected":false},"excerpt":{"rendered":"Pozew z\u0142o\u017cono w poniedzia\u0142ek w s\u0105dzie federalnym w Miami na Florydzie. Zarzucono w nim r\u00f3wnie\u017c z\u0142amanie obowi\u0105zuj\u0105cych na&hellip;\n","protected":false},"author":2,"featured_media":153340,"comment_status":"","ping_status":"","sticky":false,"template":"","format":"standard","meta":{"footnotes":""},"categories":[14],"tags":[21073,32,33,44,1350,27,34,35,28,31,48,25,46,40,41,47,80,29,30,71,26,82,83,84],"class_list":{"0":"post-153339","1":"post","2":"type-post","3":"status-publish","4":"format-standard","5":"has-post-thumbnail","7":"category-swiat","8":"tag-bbc","9":"tag-breaking-news","10":"tag-breakingnews","11":"tag-donald_trump","12":"tag-floryda","13":"tag-headlines","14":"tag-latest-news","15":"tag-latestnews","16":"tag-naglowki","17":"tag-najwazniejsze-artykuly","18":"tag-nat_styl","19":"tag-news","20":"tag-omp","21":"tag-polish","22":"tag-polski","23":"tag-screening_general","24":"tag-swiat","25":"tag-top-stories","26":"tag-topstories","27":"tag-usa","28":"tag-wiadomosci","29":"tag-world","30":"tag-world-news","31":"tag-worldnews"},"share_on_mastodon":{"url":"https:\/\/pubeurope.com\/@pl\/115727440476947878","error":""},"_links":{"self":[{"href":"https:\/\/www.europesays.com\/pl\/wp-json\/wp\/v2\/posts\/153339","targetHints":{"allow":["GET"]}}],"collection":[{"href":"https:\/\/www.europesays.com\/pl\/wp-json\/wp\/v2\/posts"}],"about":[{"href":"https:\/\/www.europesays.com\/pl\/wp-json\/wp\/v2\/types\/post"}],"author":[{"embeddable":true,"href":"https:\/\/www.europesays.com\/pl\/wp-json\/wp\/v2\/users\/2"}],"replies":[{"embeddable":true,"href":"https:\/\/www.europesays.com\/pl\/wp-json\/wp\/v2\/comments?post=153339"}],"version-history":[{"count":0,"href":"https:\/\/www.europesays.com\/pl\/wp-json\/wp\/v2\/posts\/153339\/revisions"}],"wp:featuredmedia":[{"embeddable":true,"href":"https:\/\/www.europesays.com\/pl\/wp-json\/wp\/v2\/media\/153340"}],"wp:attachment":[{"href":"https:\/\/www.europesays.com\/pl\/wp-json\/wp\/v2\/media?parent=153339"}],"wp:term":[{"taxonomy":"category","embeddable":true,"href":"https:\/\/www.europesays.com\/pl\/wp-json\/wp\/v2\/categories?post=153339"},{"taxonomy":"post_tag","embeddable":true,"href":"https:\/\/www.europesays.com\/pl\/wp-json\/wp\/v2\/tags?post=153339"}],"curies":[{"name":"wp","href":"https:\/\/api.w.org\/{rel}","templated":true}]}}