{"id":153397,"date":"2025-12-16T06:23:11","date_gmt":"2025-12-16T06:23:11","guid":{"rendered":"https:\/\/www.europesays.com\/pl\/153397\/"},"modified":"2025-12-16T06:23:11","modified_gmt":"2025-12-16T06:23:11","slug":"slub-w-cieniu-tragedii-jacek-kopczynski-w-dniu-ceremonii-pozegnal-tate","status":"publish","type":"post","link":"https:\/\/www.europesays.com\/pl\/153397\/","title":{"rendered":"\u015alub w cieniu tragedii. Jacek Kopczy\u0144ski w dniu ceremonii po\u017cegna\u0142 tat\u0119"},"content":{"rendered":"<p class=\"Paragraph_desktopParagraph__U31Gm\">Historia zwi\u0105zku <a href=\"https:\/\/plejada.pl\/temat\/jacek-kopczynski\/74w1nxf\" id=\"81ab4e07-1449-436f-98a0-4f13b5cb6e92\" rel=\"nofollow noopener\" target=\"_blank\">Jacka Kopczy\u0144skiego<\/a> i Agnieszki Kustosz rozpocz\u0119\u0142a si\u0119 w sierpniu zesz\u0142ego roku. Jak zdradzi\u0142 aktor, wszystko zacz\u0119\u0142o si\u0119 w teatrze, gdzie wyst\u0119powa\u0142 w jednym ze spektakli. To w\u0142a\u015bnie tam, w pierwszym rz\u0119dzie, dostrzeg\u0142 kobiet\u0119, kt\u00f3ra \u2014 jak sam przyznaje \u2014 od razu przyku\u0142a jego uwag\u0119.<\/p>\n<p class=\"Paragraph_desktopParagraph__U31Gm\">&#8222;Patrz\u0119, w pierwszym rz\u0119dzie siedzi pi\u0119kna kobieta i wnikliwie mi si\u0119 przygl\u0105da. Ja, zamiast gra\u0107, to patrzy\u0142em, jak ona reaguje. Wyszli\u015bmy z teatru, zapyta\u0142em, czy si\u0119 podoba\u0142o, co rzadko robi\u0119. I tak to si\u0119 zacz\u0119\u0142o. Potem Agnieszka znalaz\u0142a mnie na Facebooku&#8221; \u2014 wspomina\u0142 aktor w &#8222;Dzie\u0144 dobry TVN&#8221;.<\/p>\n<p class=\"Paragraph_desktopParagraph__U31Gm\">Okaza\u0142o si\u0119, \u017ce uczucie od pierwszego wejrzenia by\u0142o obustronne. Agnieszka Kustosz, cho\u0107 nie mia\u0142a wcze\u015bniej styczno\u015bci z show-biznesem, od razu poczu\u0142a, \u017ce to w\u0142a\u015bnie Jacek jest tym jedynym.<\/p>\n<blockquote>\n<p class=\"Paragraph_desktopParagraph__U31Gm\">Od pierwszego spojrzenia wiedzia\u0142am, \u017ce b\u0119d\u0119 z Jackiem. Patrzyli\u015bmy sobie w oczy, kiedy on by\u0142 na scenie. Widzia\u0142am w jego spojrzeniu, \u017ce to b\u0119dzie osoba, z kt\u00f3r\u0105 sp\u0119dz\u0119 reszt\u0119 \u017cycia<\/p>\n<\/blockquote>\n<p class=\"Paragraph_desktopParagraph__U31Gm\">\u2014 wyzna\u0142a narzeczona Jacka Kopczy\u0144skiego.<\/p>\n<ul class=\"OchatFollowUps_wrapper__1ry7X\">\n<li class=\"OchatFollowUps_item__Dhyly OchatFollowUps_itemDesktop__R6aBv\">Kiedy Jacek Kopczy\u0144ski wzi\u0105\u0142 \u015blub?<\/li>\n<li class=\"OchatFollowUps_item__Dhyly OchatFollowUps_itemDesktop__R6aBv\">Jak Jacek pozna\u0142 Agnieszk\u0119 Kustosz?<\/li>\n<li class=\"OchatFollowUps_item__Dhyly OchatFollowUps_itemDesktop__R6aBv\">Co wydarzy\u0142o si\u0119 w dniu \u015blubu Jacka?<\/li>\n<li class=\"OchatFollowUps_item__Dhyly OchatFollowUps_itemDesktop__R6aBv\">Jak Jacek po\u017cegna\u0142 swojego tat\u0119?<\/li>\n<\/ul>\n<p>\u015alub w cieniu tragedii <\/p>\n<p class=\"Paragraph_desktopParagraph__U31Gm\">Zakochani s\u0105 ju\u017c po \u015blubie. Jednak w pi\u0105tek, w dniu uroczysto\u015bci, aktor poinformowa\u0142 o ogromnej stracie \u2014 odszed\u0142 jego tata. We wzruszaj\u0105cym wpisie po\u017cegna\u0142 go w sieci.<\/p>\n<blockquote>\n<p class=\"Paragraph_desktopParagraph__U31Gm\">Dzi\u0119kuj\u0119 za Twoj\u0105 mi\u0142o\u015b\u0107, za Twoj\u0105 wyrozumia\u0142o\u015b\u0107, opiek\u0119 i m\u0105dro\u015b\u0107. Dzi\u0119kuj\u0119 za 43 lata ojcostwa, \u017cegnaj Tato<\/p>\n<\/blockquote>\n<p class=\"Paragraph_desktopParagraph__U31Gm\">\u2014 czytali\u015bmy.<\/p>\n<p class=\"Paragraph_desktopParagraph__U31Gm\">Przeczytaj tak\u017ce: <a href=\"https:\/\/plejada.pl\/newsy\/jacek-kopczynski-wraca-do-glosnej-afery-w-sejmie-zaczal-krzyczec-ze-go-bija\/kr53wtp\" id=\"2c544c1e-43b9-4074-92c7-622f1b211ddf\" rel=\"nofollow noopener\" target=\"_blank\">Jacek Kopczy\u0144ski wraca do g\u0142o\u015bnej afery w Sejmie. &#8222;Zacz\u0105\u0142 krzycze\u0107, \u017ce go bij\u0105&#8221;<\/a><\/p>\n<p class=\"Paragraph_desktopParagraph__U31Gm\">Dzi\u0119kujemy, \u017ce przeczyta\u0142a\u015b\/e\u015b nasz artyku\u0142 do ko\u0144ca. W serwisie Plejada.pl ka\u017cdego dnia piszemy o najwa\u017cniejszych wydarzeniach show-biznesowych. B\u0105d\u017a na bie\u017c\u0105co! <a rel=\"nofollow noopener\" href=\"https:\/\/profile.google.com\/cp\/Cg0vZy8xMWJ6X19wdHBx\" id=\"0359343a-ad38-47b5-8f1d-6edb397140a4\" target=\"_blank\">Obserwuj<\/a> Plejad\u0119 w Wiadomo\u015bciach Google. Odwied\u017a nas tak\u017ce na <a rel=\"nofollow noopener\" href=\"https:\/\/www.facebook.com\/plejadapl\" id=\"fe863cfd-6858-47e9-9f56-62f84386197f\" target=\"_blank\">Facebooku<\/a>, <a rel=\"nofollow noopener\" href=\"https:\/\/www.instagram.com\/plejadapl\/\" id=\"30ecc254-2c90-4633-83c5-64c8ccc46727\" target=\"_blank\">Instagramie<\/a>, <a rel=\"nofollow noopener\" href=\"https:\/\/www.youtube.com\/c\/plejada\" id=\"07ad9ae4-06f1-46e4-9ed3-dfced1400c5f\" target=\"_blank\">YouTube<\/a> oraz <a rel=\"nofollow noopener\" href=\"https:\/\/www.tiktok.com\/@plejada_pl\" id=\"015cb8ae-071f-4569-98f4-1dfdf6935e6e\" target=\"_blank\">TikToku<\/a>.<\/p>\n<p class=\"Paragraph_desktopParagraph__U31Gm\">Chcesz podzieli\u0107 si\u0119 ciekawym newsem lub zaproponowa\u0107 temat? Skontaktuj si\u0119 z nami, pisz\u0105c e-maila na adres: <a href=\"https:\/\/www.onet.pl\/styl-zycia\/plejada\/slub-w-cieniu-tragedii-jacek-kopczynski-w-dniu-ceremonii-pozegnal-tate\/mailto:plejada@redakcjaonet.pl\" id=\"5f1ac20c-c1b3-43e9-9243-a6e7d0d7b0c5\" rel=\"nofollow noopener\" target=\"_blank\">plejada@redakcjaonet.pl<\/a>.<\/p>\n<p><script async src=\"\/\/www.instagram.com\/embed.js\"><\/script><script async src=\"\/\/www.tiktok.com\/embed.js\"><\/script><\/p>\n","protected":false},"excerpt":{"rendered":"Historia zwi\u0105zku Jacka Kopczy\u0144skiego i Agnieszki Kustosz rozpocz\u0119\u0142a si\u0119 w sierpniu zesz\u0142ego roku. Jak zdradzi\u0142 aktor, wszystko zacz\u0119\u0142o&hellip;\n","protected":false},"author":2,"featured_media":153398,"comment_status":"","ping_status":"","sticky":false,"template":"","format":"standard","meta":{"footnotes":""},"categories":[22],"tags":[122,67,18930,53,52,68,51,55,42,38,40,39,41,123,47,196,65,50],"class_list":{"0":"post-153397","1":"post","2":"type-post","3":"status-publish","4":"format-standard","5":"has-post-thumbnail","7":"category-rozrywka","8":"tag-entertainment","9":"tag-intextvideo_splayer","10":"tag-jacek_kopczynski","11":"tag-new_header","12":"tag-onet3","13":"tag-onet3d","14":"tag-onet3d_2i","15":"tag-phx","16":"tag-pl","17":"tag-poland","18":"tag-polish","19":"tag-polska","20":"tag-polski","21":"tag-rozrywka","22":"tag-screening_general","23":"tag-styl_zycia","24":"tag-update_me","25":"tag-v2021"},"share_on_mastodon":{"url":"https:\/\/pubeurope.com\/@pl\/115727814185646441","error":""},"_links":{"self":[{"href":"https:\/\/www.europesays.com\/pl\/wp-json\/wp\/v2\/posts\/153397","targetHints":{"allow":["GET"]}}],"collection":[{"href":"https:\/\/www.europesays.com\/pl\/wp-json\/wp\/v2\/posts"}],"about":[{"href":"https:\/\/www.europesays.com\/pl\/wp-json\/wp\/v2\/types\/post"}],"author":[{"embeddable":true,"href":"https:\/\/www.europesays.com\/pl\/wp-json\/wp\/v2\/users\/2"}],"replies":[{"embeddable":true,"href":"https:\/\/www.europesays.com\/pl\/wp-json\/wp\/v2\/comments?post=153397"}],"version-history":[{"count":0,"href":"https:\/\/www.europesays.com\/pl\/wp-json\/wp\/v2\/posts\/153397\/revisions"}],"wp:featuredmedia":[{"embeddable":true,"href":"https:\/\/www.europesays.com\/pl\/wp-json\/wp\/v2\/media\/153398"}],"wp:attachment":[{"href":"https:\/\/www.europesays.com\/pl\/wp-json\/wp\/v2\/media?parent=153397"}],"wp:term":[{"taxonomy":"category","embeddable":true,"href":"https:\/\/www.europesays.com\/pl\/wp-json\/wp\/v2\/categories?post=153397"},{"taxonomy":"post_tag","embeddable":true,"href":"https:\/\/www.europesays.com\/pl\/wp-json\/wp\/v2\/tags?post=153397"}],"curies":[{"name":"wp","href":"https:\/\/api.w.org\/{rel}","templated":true}]}}