{"id":153411,"date":"2025-12-16T06:37:14","date_gmt":"2025-12-16T06:37:14","guid":{"rendered":"https:\/\/www.europesays.com\/pl\/153411\/"},"modified":"2025-12-16T06:37:14","modified_gmt":"2025-12-16T06:37:14","slug":"miroslaw-baka-jest-bylym-katolikiem-alians-kosciola-z-pisem-zohydzil-mi-kosciol","status":"publish","type":"post","link":"https:\/\/www.europesays.com\/pl\/153411\/","title":{"rendered":"Miros\u0142aw Baka &#8222;jest by\u0142ym katolikiem&#8221;. &#8222;Alians Ko\u015bcio\u0142a z PiSem zohydzi\u0142 mi Ko\u015bci\u00f3\u0142&#8221;"},"content":{"rendered":"<p class=\"Paragraph_desktopParagraph__U31Gm\">Trudno sobie wyobrazi\u0107 polskie kino bez <a href=\"https:\/\/plejada.pl\/miroslaw-baka\" id=\"86896699-c48b-46df-b1c9-bfffa5c87326\" rel=\"nofollow noopener\" target=\"_blank\">Miros\u0142awa Baki<\/a>. Aktor od lat jest obsadzany w roli czarnych (a przynajmniej niejednoznacznych) postaci i radzi sobie z nimi znakomicie. W wywiadach podkre\u015bla, \u017ce prywatnie jest zupe\u0142nie inn\u0105 osob\u0105. &#8222;Vivie!&#8221; powiedzia\u0142 kiedy\u015b:<\/p>\n<blockquote>\n<p class=\"Paragraph_desktopParagraph__U31Gm\">Cz\u0119sto jawi\u0119 si\u0119 przez niekt\u00f3re moje postaci grane przeze mnie w filmach jako kto\u015b taki skryty, kiedy\u015b twardziel. Ale nikt kto mnie zna dobrze, nie powiedzia\u0142by, \u017ce jestem specjalnie skryty.<\/p>\n<\/blockquote>\n<p class=\"Paragraph_desktopParagraph__U31Gm\">Miros\u0142aw Baka rzadko pojawia si\u0119 na imprezach bran\u017cowych, a o skandalach z jego udzia\u0142em nie przeczytamy w kolorowej prasie. Z \u0142atwo\u015bci\u0105 mo\u017cemy wymieni\u0107 produkcje z jego udzia\u0142em: &#8222;Kr\u00f3tki film o zabijaniu&#8221;, &#8222;Fala zbrodni&#8221;, a ostatnio &#8222;Kurier&#8221;, &#8222;Legiony&#8221; i oczywi\u015bcie &#8222;<a href=\"https:\/\/plejada.pl\/newsy\/urzedowska-baka-kasprzyk-wieniawa-oni-zagrali-w-chlopach-i-licza-na-oscara\/lpy1n6g?utm_source=plejada.pl_viasg_plejada&amp;utm_medium=referal&amp;utm_campaign=leo_automatic&amp;srcc=undefined&amp;utm_v=2\" id=\"4b537c08-03ec-4010-b4fa-926ab32c1169\" rel=\"nofollow noopener\" target=\"_blank\">Ch\u0142opi<\/a>&#8222;. Wiele os\u00f3b mo\u017ce te\u017c dziwi\u0107, \u017ce od 35 lat jest m\u0119\u017cem aktorki, Joanny Kreft.<\/p>\n<ul class=\"OchatFollowUps_wrapper__1ry7X\">\n<li class=\"OchatFollowUps_item__Dhyly OchatFollowUps_itemDesktop__R6aBv\">Jakie s\u0105 pogl\u0105dy Miros\u0142awa Baki na Ko\u015bci\u00f3\u0142?<\/li>\n<li class=\"OchatFollowUps_item__Dhyly OchatFollowUps_itemDesktop__R6aBv\">Co Miros\u0142aw Baka powiedzia\u0142 o swojej wierze?<\/li>\n<li class=\"OchatFollowUps_item__Dhyly OchatFollowUps_itemDesktop__R6aBv\">W jakich filmach wyst\u0105pi\u0142 Miros\u0142aw Baka?<\/li>\n<li class=\"OchatFollowUps_item__Dhyly OchatFollowUps_itemDesktop__R6aBv\">Jak d\u0142ugo Miros\u0142aw Baka jest m\u0119\u017cem Joanny Kreft?<\/li>\n<\/ul>\n<p>Miros\u0142aw Baka o wierze <\/p>\n<p class=\"Paragraph_desktopParagraph__U31Gm\">Artysta w rozmowie z natemat.pl przedstawi\u0142 si\u0119 jako &#8222;by\u0142y katolik, wci\u0105\u017c chrze\u015bcijanin&#8221; i wyja\u015bni\u0142, gdzie dzi\u015b szuka kontaktu z wiar\u0105.<\/p>\n<blockquote>\n<p class=\"Paragraph_desktopParagraph__U31Gm\">W tym momencie skre\u015bli\u0142em Ko\u015bci\u00f3\u0142 katolicki i znajduj\u0119 Boga w lesie, w domu, w ogrodzie \u2014 wsz\u0119dzie, ale na pewno nie w miejscach, w kt\u00f3rych wcze\u015bniej znajdowa\u0142em.<\/p>\n<\/blockquote>\n<p class=\"Paragraph_desktopParagraph__U31Gm\">Zdaniem aktora, zachowania wiernych kszta\u0142tuj\u0105 zar\u00f3wno ich przekonania \u015bwiatopogl\u0105dowe, jak i codzienne do\u015bwiadczenia w ramach wsp\u00f3lnot religijnych.<\/p>\n<p><img decoding=\"async\" class=\"Image_image__0tuHp Image_autoHeight__f2n87 \" height=\"587\" width=\"391\" src=\"https:\/\/www.europesays.com\/pl\/wp-content\/uploads\/2025\/12\/AE9k9kpTURBXy9hOGY1Zjc0ZTIzNmVmNmNkMjM0MzdjMjQzNjMyMDBkYi5qcGeSlQLNA6wAwsOVAgDNAkvCw94AA6EwAaExAaEzw.jpeg\" alt=\"Miros\u0142aw Baka na gali MocArty\" loading=\"lazy\" \/>Andras Szylagyi \/ MW Media<\/p>\n<p>Miros\u0142aw Baka na gali MocArty<\/p>\n<p class=\"Paragraph_desktopParagraph__U31Gm\">Polecamy: <a href=\"https:\/\/plejada.pl\/newsy\/miroslaw-baka-ostro-o-kosciele-alians-z-pis-em-zohydzil-mi-kosciol\/v1kmfxm\" id=\"0f419c0b-2d42-478b-892b-8ecaee4d6a88\" rel=\"nofollow noopener\" target=\"_blank\">Miros\u0142aw Baka jest &#8222;by\u0142ym katolikiem&#8221;. &#8222;Nie podoba mi si\u0119 alians Ko\u015bcio\u0142a z PiS-em&#8221;<\/a><\/p>\n<p class=\"Paragraph_desktopParagraph__U31Gm\"><a href=\"https:\/\/plejada.pl\/temat\/kuba-wojewodzki\/ns4t7x5\" id=\"76666f9e-952a-43bd-b00e-bf0687effe86\" rel=\"nofollow noopener\" target=\"_blank\">Kuba Wojew\u00f3dzki <\/a>i <a href=\"https:\/\/plejada.pl\/temat\/piotr-kedzierski\/gctc9s0\" id=\"a27fc2a0-4167-4aca-be32-d7a1e2918a35\" rel=\"nofollow noopener\" target=\"_blank\">Piotr K\u0119dzierski<\/a> w rozmowie z Miros\u0142awem Bak\u0105 te\u017c nie omin\u0119li tematu wiary w Boga i Ko\u015bcio\u0142a. \u2014 Powiedzia\u0142e\u015b kiedy\u015b, \u017ce jeste\u015b by\u0142ym katolikiem \u2014 zagadn\u0105\u0142 swojego go\u015bcia Kuba Wojew\u00f3dzki. \u2014 Katolicki znaczy z greckiego &#8222;powszechny&#8221;, czyli wiara tych ludzi opiera si\u0119 na Pi\u015bmie \u015awi\u0119tym i tradycji apostolskiej, to znaczy, \u017ce ju\u017c nie reprezentujesz tych warto\u015bci? \u2014 kontynuowa\u0142 prowadz\u0105cy.<\/p>\n<blockquote>\n<p class=\"Paragraph_desktopParagraph__U31Gm\">Czekaj, ty chyba mylisz katolicyzm z chrze\u015bcija\u0144stwem<\/p>\n<\/blockquote>\n<p class=\"Paragraph_desktopParagraph__U31Gm\">\u2014 odpar\u0142 ze zdziwieniem go\u015b\u0107 podcastu Onetu.<\/p>\n<p class=\"Paragraph_desktopParagraph__U31Gm\">Kuba Wojew\u00f3dzki nie da\u0142 si\u0119 jednak zbi\u0107 z tropu i zauwa\u017cy\u0142, \u017ce &#8222;jest bardzo blisko od jednego, do drugiego&#8221;.<\/p>\n<blockquote>\n<p class=\"Paragraph_desktopParagraph__U31Gm\">Wystarczaj\u0105co daleko, \u017ceby powiedzie\u0107 o sobie, \u017ce jestem chrze\u015bcijaninem, a nie jestem katolikiem<\/p>\n<\/blockquote>\n<p class=\"Paragraph_desktopParagraph__U31Gm\">\u2014 wyznaje Miros\u0142aw Baka w podca\u015bcie &#8222;Wojew\u00f3dzkiK\u0119dzierski&#8221;.<\/p>\n<p class=\"Paragraph_desktopParagraph__U31Gm\">Miros\u0142aw Baka w rozmowie z Piotrem K\u0119dzierskim i Kub\u0105 Wojew\u00f3dzkim nie ukrywa, co najbardziej odpycha go od instytucji Ko\u015bcio\u0142a. M\u00f3wi wprost o upolitycznieniu tej instytucji.<\/p>\n<p class=\"Paragraph_desktopParagraph__U31Gm\">\u2014 Nie jestem katolikiem praktykuj\u0105cym. Nie podoba mi si\u0119 Ko\u015bci\u00f3\u0142 w tej postaci, jak\u0105 to posta\u0107 proponuj\u0119 teraz swoim wiernym w tym kraju \u2014 przekonuje.<\/p>\n<blockquote>\n<p class=\"Paragraph_desktopParagraph__U31Gm\">Ten alians Ko\u015bcio\u0142a z PiSem, kt\u00f3ry si\u0119 zdarzy\u0142, po prostu zohydzi\u0142 mi Ko\u015bci\u00f3\u0142 polski i nie jestem praktykuj\u0105cym katolikiem. To wszystko<\/p>\n<\/blockquote>\n<p class=\"Paragraph_desktopParagraph__U31Gm\">\u2014 zapewnia aktor, kt\u00f3rego mo\u017cna obecnie ogl\u0105da\u0107 w filmie &#8222;Sami swoi&#8221;, podkre\u015blaj\u0105c przy tym, \u017ce &#8222;nie od\u017cegnuj\u0119 si\u0119 od 10 przykaza\u0144&#8221;.<\/p>\n<p><img decoding=\"async\" class=\"Image_image__0tuHp Image_autoHeight__f2n87 \" height=\"521\" width=\"940\" src=\"https:\/\/www.europesays.com\/pl\/wp-content\/uploads\/2025\/12\/QVUk9kpTURBXy8zMmE0NWQxZWRiZGUwMzEyODI3MjhjMzY0ZGVlNGM0Mi5wbmeSlQLNA6wAwsOVAgDNAkvCw94AA6EwAaExAaEzw.jpeg\" alt=\"Miros\u0142aw Baka w podca\u015bcie &quot;Wojew\u00f3dzkiK\u0119dzierski&quot;\" loading=\"lazy\" \/>Onet.pl<\/p>\n<p>Miros\u0142aw Baka w podca\u015bcie &#8222;Wojew\u00f3dzkiK\u0119dzierski&#8221;<\/p>\n<p class=\"Paragraph_desktopParagraph__U31Gm\">Dzi\u0119kujemy, \u017ce przeczyta\u0142a\u015b\/e\u015b nasz artyku\u0142 do ko\u0144ca. W serwisie Plejada.pl ka\u017cdego dnia piszemy o najwa\u017cniejszych wydarzeniach show-biznesowych. B\u0105d\u017a na bie\u017c\u0105co! <a rel=\"nofollow noopener\" href=\"https:\/\/profile.google.com\/cp\/Cg0vZy8xMWJ6X19wdHBx\" id=\"73f87612-8e47-4e76-ab0b-a9daae394d98\" target=\"_blank\">Obserwuj<\/a> Plejad\u0119 w Wiadomo\u015bciach Google. Odwied\u017a nas tak\u017ce na <a rel=\"nofollow noopener\" href=\"https:\/\/www.facebook.com\/plejadapl\" id=\"fcb3b1fd-5277-4dc7-a5ea-f147d4c173e0\" target=\"_blank\">Facebooku<\/a>, <a rel=\"nofollow noopener\" href=\"https:\/\/www.instagram.com\/plejadapl\/\" id=\"4df95c94-bdb0-4901-a595-181cc565ae2f\" target=\"_blank\">Instagramie<\/a>, <a rel=\"nofollow noopener\" href=\"https:\/\/www.youtube.com\/c\/plejada\" id=\"f9b13d3c-7565-4612-bec6-8127e362571f\" target=\"_blank\">YouTube<\/a> oraz <a rel=\"nofollow noopener\" href=\"https:\/\/www.tiktok.com\/@plejada_pl\" id=\"7569d8e2-d8bc-4a32-86d5-476c698429df\" target=\"_blank\">TikToku<\/a>.<\/p>\n<p class=\"Paragraph_desktopParagraph__U31Gm\">Chcesz podzieli\u0107 si\u0119 ciekawym newsem lub zaproponowa\u0107 temat? Skontaktuj si\u0119 z nami, pisz\u0105c e-maila na adres: <a href=\"https:\/\/www.onet.pl\/styl-zycia\/plejada\/miroslaw-baka-jest-bylym-katolikiem-alians-kosciola-z-pisem-zohydzil-mi-kosciol\/mailto:plejada@redakcjaonet.pl\" id=\"de0f8997-fb9a-467c-9216-010f15d8c2d1\" rel=\"nofollow noopener\" target=\"_blank\">plejada@redakcjaonet.pl<\/a>.<\/p>\n<p><script async src=\"\/\/www.instagram.com\/embed.js\"><\/script><script async src=\"\/\/www.tiktok.com\/embed.js\"><\/script><\/p>\n","protected":false},"excerpt":{"rendered":"Trudno sobie wyobrazi\u0107 polskie kino bez Miros\u0142awa Baki. Aktor od lat jest obsadzany w roli czarnych (a przynajmniej&hellip;\n","protected":false},"author":2,"featured_media":153412,"comment_status":"","ping_status":"","sticky":false,"template":"","format":"standard","meta":{"footnotes":""},"categories":[22],"tags":[122,67,30767,53,52,68,51,55,42,38,40,39,41,123,47,196,65,50],"class_list":{"0":"post-153411","1":"post","2":"type-post","3":"status-publish","4":"format-standard","5":"has-post-thumbnail","7":"category-rozrywka","8":"tag-entertainment","9":"tag-intextvideo_splayer","10":"tag-miroslaw_baka","11":"tag-new_header","12":"tag-onet3","13":"tag-onet3d","14":"tag-onet3d_2i","15":"tag-phx","16":"tag-pl","17":"tag-poland","18":"tag-polish","19":"tag-polska","20":"tag-polski","21":"tag-rozrywka","22":"tag-screening_general","23":"tag-styl_zycia","24":"tag-update_me","25":"tag-v2021"},"share_on_mastodon":{"url":"https:\/\/pubeurope.com\/@pl\/115727869193555918","error":""},"_links":{"self":[{"href":"https:\/\/www.europesays.com\/pl\/wp-json\/wp\/v2\/posts\/153411","targetHints":{"allow":["GET"]}}],"collection":[{"href":"https:\/\/www.europesays.com\/pl\/wp-json\/wp\/v2\/posts"}],"about":[{"href":"https:\/\/www.europesays.com\/pl\/wp-json\/wp\/v2\/types\/post"}],"author":[{"embeddable":true,"href":"https:\/\/www.europesays.com\/pl\/wp-json\/wp\/v2\/users\/2"}],"replies":[{"embeddable":true,"href":"https:\/\/www.europesays.com\/pl\/wp-json\/wp\/v2\/comments?post=153411"}],"version-history":[{"count":0,"href":"https:\/\/www.europesays.com\/pl\/wp-json\/wp\/v2\/posts\/153411\/revisions"}],"wp:featuredmedia":[{"embeddable":true,"href":"https:\/\/www.europesays.com\/pl\/wp-json\/wp\/v2\/media\/153412"}],"wp:attachment":[{"href":"https:\/\/www.europesays.com\/pl\/wp-json\/wp\/v2\/media?parent=153411"}],"wp:term":[{"taxonomy":"category","embeddable":true,"href":"https:\/\/www.europesays.com\/pl\/wp-json\/wp\/v2\/categories?post=153411"},{"taxonomy":"post_tag","embeddable":true,"href":"https:\/\/www.europesays.com\/pl\/wp-json\/wp\/v2\/tags?post=153411"}],"curies":[{"name":"wp","href":"https:\/\/api.w.org\/{rel}","templated":true}]}}