{"id":153413,"date":"2025-12-16T06:39:13","date_gmt":"2025-12-16T06:39:13","guid":{"rendered":"https:\/\/www.europesays.com\/pl\/153413\/"},"modified":"2025-12-16T06:39:13","modified_gmt":"2025-12-16T06:39:13","slug":"4-99565-zl-moga-odzyskac-przedsiebiorcy-ktorzy-skorzystaja-z-tej-malo-znanej-ulgi-podatkowej-musza-jednak-podjac-dzialanie-jeszcze-w-2025-roku","status":"publish","type":"post","link":"https:\/\/www.europesays.com\/pl\/153413\/","title":{"rendered":"4 995,65 z\u0142 mog\u0105 odzyska\u0107 przedsi\u0119biorcy, kt\u00f3rzy skorzystaj\u0105 z tej ma\u0142o znanej ulgi podatkowej. Musz\u0105 jednak podj\u0105\u0107 dzia\u0142anie jeszcze w 2025 roku"},"content":{"rendered":"<p>W ramach ulgi podatkowej na IKZE (tj. indywidulane konto zabezpieczenia emerytalnego), osoby prowadz\u0105ce pozarolnicz\u0105 dzia\u0142alno\u015b\u0107 gospodarcz\u0105, czyli przedsi\u0119biorcy kt\u00f3rzy w 2025 r. osi\u0105gn\u0119li doch\u00f3d powy\u017cej 120 tys. z\u0142 (a wi\u0119c kwalifikuj\u0105 si\u0119 do drugiego progu podatkowego 32%) \u2013 w rozliczeniu podatkowym za 2025 r., mog\u0105 odzyska\u0107 a\u017c 4 995,65 z\u0142. Musz\u0105 jednak dokona\u0107 wp\u0142aty na IKZE do ko\u0144ca 2025 r. \u2013 pozosta\u0142o ju\u017c zatem niewiele czasu.<\/p>\n<p>    Ulga podatkowa, dzi\u0119ki kt\u00f3rej przedsi\u0119biorcy mog\u0105 odzyska\u0107 niemal 5 tys. z\u0142, czyli ulga na IKZE \u2013 kto mo\u017ce z skorzysta\u0107 ze zwolnienia?<\/p>\n<p>Od 1 stycznia 2012 r. jednym ze sposob\u00f3w oszcz\u0119dzania na przysz\u0142\u0105 emerytur\u0119, mo\u017ce by\u0107 gromadzenie \u015brodk\u00f3w pieni\u0119\u017cnych (inwestowanie ich) w ramach indywidualnego konta zabezpieczenia emerytalnego (IKZE).<\/p>\n<p>Wp\u0142aty dokonane na IKZE \u2013 do wysoko\u015bci, kt\u00f3ra jest okre\u015blona w przepisach ustawy o indywidualnych kontach emerytalnych oraz indywidualnych kontach zabezpieczenia emerytalnego (tj. w ramach okre\u015blonych poni\u017cej limit\u00f3w) \u2013 mo\u017cna nast\u0119pnie odliczy\u0107 od:<\/p>\n<ul style=\"list-style-type: disc;\">\n<li value=\"1\">dochodu, kt\u00f3ry jest opodatkowany wed\u0142ug skali podatkowej,<\/li>\n<li value=\"2\">dochodu, kt\u00f3ry jest opodatkowany podatkiem liniowym (19%) oraz<\/li>\n<li value=\"3\">przychodu, kt\u00f3ry jest opodatkowany rycza\u0142tem od przychod\u00f3w ewidencjonowanych.<\/li>\n<\/ul>\n<p>Ulga przys\u0142uguje, je\u015bli w trakcie roku podatkowego (tj. w tym przypadku \u2013 roku 2025) dokona\u0142o si\u0119 wp\u0142at na IKZE.<\/p>\n<p>Ulga podatkowa, dzi\u0119ki kt\u00f3rej przedsi\u0119biorcy mog\u0105 odzyska\u0107 niemal 5 tys. z\u0142, czyli ulga na IKZE \u2013 jaki jest limit wp\u0142at w 2025 r.?<\/p>\n<p>Maksymalny limit wp\u0142at na IKZE w roku 2025 wynosi:<\/p>\n<ul style=\"list-style-type: disc;\">\n<li value=\"1\">1,2-krotno\u015b\u0107 przeci\u0119tnego prognozowanego wynagrodzenia miesi\u0119cznego w gospodarce narodowej na rok 2025 okre\u015blonego w ustawie bud\u017cetowej, czyli 10 407,60 z\u0142 (tj. 1,2 x 8 673 z\u0142),<\/li>\n<li value=\"2\">a dla os\u00f3b, kt\u00f3re prowadz\u0105 pozarolnicz\u0105 dzia\u0142alno\u015b\u0107 gospodarcz\u0105 \u2013 1,8-krotno\u015b\u0107 przeci\u0119tnego prognozowanego wynagrodzenia miesi\u0119cznego w gospodarce narodowej na rok 2025 okre\u015blonego w ustawie bud\u017cetowej, czyli 15 611,40 z\u0142 (tj. 1,8 x 8 673 z\u0142).<\/li>\n<\/ul>\n<p>Ulga podatkowa, dzi\u0119ki kt\u00f3rej przedsi\u0119biorcy mog\u0105 odzyska\u0107 niemal 5 tys. z\u0142, czyli ulga na IKZE \u2013 jak j\u0105 obliczy\u0107 w 2025 r.?<\/p>\n<p>Ulg\u0119 na IKZE odlicza si\u0119 w rocznym zeznaniu podatkowym od:<\/p>\n<p>Dalszy ci\u0105g materia\u0142u pod wideo<\/p>\n<ul style=\"list-style-type: disc;\">\n<li value=\"1\">dochodu, kt\u00f3ry jest opodatkowany wed\u0142ug skali podatkowej,<\/li>\n<li value=\"2\">dochodu, kt\u00f3ry jest opodatkowany podatkiem liniowym (19%) albo<\/li>\n<li value=\"3\">przychodu, kt\u00f3ry jest opodatkowany rycza\u0142tem od przychod\u00f3w ewidencjonowanych.<\/li>\n<\/ul>\n<p>W przypadku podatnik\u00f3w opodatkowanych na zasadach og\u00f3lnych, kt\u00f3rzy p\u0142ac\u0105 podatek wed\u0142ug skali podatkowej,<\/p>\n<ul style=\"list-style-type: disc;\">\n<li value=\"1\">tj. 12% minus kwota zmniejszaj\u0105ca podatek 3600 z\u0142 \u2013 w przypadku dochodu do 120 000 z\u0142 i odpowiednio<\/li>\n<li value=\"2\">10 800 z\u0142 + 32% nadwy\u017cki ponad 120 000 z\u0142 \u2013 w przypadku dochodu przekraczaj\u0105cego 120 000 z\u0142,<\/li>\n<\/ul>\n<p>kwota, kt\u00f3r\u0105 mo\u017cna zaoszcz\u0119dzi\u0107, dokonuj\u0105c w 2025 r. wp\u0142aty na IKZE w maksymalnej dopuszczalnej kwocie, wynosi odpowiednio:<\/p>\n<ul style=\"list-style-type: disc;\">\n<li value=\"1\">1 248,91 z\u0142 (tj. 10 407,60 z\u0142 x 12%),<\/li>\n<li value=\"2\">a w przypadku os\u00f3b prowadz\u0105cych pozarolnicz\u0105 dzia\u0142alno\u015b\u0107 gospodarcz\u0105 \u2013 4 995,65 z\u0142 (tj. 15 611,40 z\u0142 x 32%).<\/li>\n<\/ul>\n<p>Ulga podatkowa, dzi\u0119ki kt\u00f3rej przedsi\u0119biorcy mog\u0105 odzyska\u0107 niemal 5 tys. z\u0142, czyli ulga na IKZE \u2013 co nale\u017cy zrobi\u0107, aby skorzysta\u0107 z niej w ramach rozliczenia podatkowego za 2025?<\/p>\n<p>Celem skorzystania z ulgi na IKZE w ramach rozliczenia podatku dochodowego za 2025 r. i odzyskania maksymalnej kwoty, kt\u00f3ra opiewa na:<\/p>\n<ul style=\"list-style-type: disc;\">\n<li value=\"1\">1 248,91 z\u0142 (tj. 10 407,60 z\u0142 x 12%),<\/li>\n<li value=\"2\">a w przypadku os\u00f3b prowadz\u0105cych pozarolnicz\u0105 dzia\u0142alno\u015b\u0107 gospodarcz\u0105 \u2013 4 995,65 z\u0142 (tj. 15 611,40 z\u0142 x 32%),<\/li>\n<\/ul>\n<p>jeszcze w 2025 r., a zatem do ko\u0144ca grudnia br. \u2013 nale\u017cy dokona\u0107 wp\u0142at na IKZE na \u0142\u0105czn\u0105 kwot\u0119, kt\u00f3ra stanowi r\u00f3wnowarto\u015b\u0107 limitu wp\u0142at na IKZE w 2025 r., tj.:<\/p>\n<ul style=\"list-style-type: disc;\">\n<li value=\"1\">10 407,60 z\u0142,<\/li>\n<li value=\"2\">a w przypadku os\u00f3b, kt\u00f3re prowadz\u0105 pozarolnicz\u0105 dzia\u0142alno\u015b\u0107 gospodarcz\u0105 \u2013 15 611,40 z\u0142.<\/li>\n<\/ul>\n<p>Uwaga! Je\u017celi wp\u0142aty na IKZE, by\u0142y systematycznie dokonywane przez ca\u0142y rok 2025 r. i ich suma opiewa ju\u017c na ww. maksymaln\u0105 kwot\u0119 \u2013 celem skorzystania z ulgi w maksymalnej wysoko\u015bci w ramach rozliczenia roku 2025, w grudniu br. nie trzeba ju\u017c dokonywa\u0107 \u017cadnych dodatkowych wp\u0142at na IKZE. Je\u017celi natomiast wp\u0142aty na IKZE zosta\u0142y dokonane w mniejszej kwocie ni\u017c ww. limit na 2025 r. \u2013 z ulgi r\u00f3wnie\u017c b\u0119dzie mo\u017cna skorzysta\u0107 w ramach rozliczenia podatku, ale b\u0119dzie ona w\u00f3wczas odpowiednio ni\u017csza.<\/p>\n<p>Celem skorzystania z ulgi na IKZE w ramach rozliczenia podatku za 2025 r. \u2013 odliczenia wp\u0142at na IKZE nale\u017cy dokona\u0107 w zeznaniu:<\/p>\n<ul style=\"list-style-type: disc;\">\n<li value=\"1\">PIT-28,<\/li>\n<li value=\"2\">PIT-36,<\/li>\n<li value=\"3\">PIT-37 lub odpowiednio<\/li>\n<li value=\"4\">PIT-36L<\/li>\n<\/ul>\n<p>\u2013 z za\u0142\u0105cznikiem PIT\/O (informacja o odliczeniach).<\/p>\n<p>Ulg\u0119 IKZE nale\u017cy przy tym udokumentowa\u0107 wszelkiego rodzaju dokumentami, z kt\u00f3rych wynika poniesienie takiego wydatku. Dokument powinien zawiera\u0107 m.in. dane, kt\u00f3re identyfikuj\u0105 wp\u0142acaj\u0105cego, odbiorc\u0119 wp\u0142aty, tytu\u0142 i kwot\u0119 wp\u0142aty. Takim dokumentem jest np. przelew bankowy.<\/p>\n<p>Uwaga! Je\u015bli w przekazywaniu wp\u0142at na IKZE po\u015bredniczy <a class=\"seoMapping\" href=\"https:\/\/ksiegowosc.infor.pl\/tematy\/pracodawca\/\" title=\"pracodawca\" rel=\"nofollow noopener\" target=\"_blank\">pracodawca<\/a> \u2013 nale\u017cy natomiast posiada\u0107 dokumenty, z kt\u00f3rych wynika:<\/p>\n<ul style=\"list-style-type: disc;\">\n<li value=\"1\">\u017ce by\u0142 on uprawniony do ich potr\u0105cania oraz<\/li>\n<li value=\"2\">wysoko\u015b\u0107 tych wp\u0142at.<\/li>\n<\/ul>\n<p>Podstawa prawna:<\/p>\n<ul style=\"list-style-type: disc;\">\n<li value=\"1\">Ustawa z dnia 26 lipca 1991 r. o podatku dochodowym od os\u00f3b fizycznych (t.j. Dz.U. z 2025 r., poz. 163 z p\u00f3\u017an. zm.)<\/li>\n<li value=\"2\">Ustawa z dnia 20 listopada 1998 r. o zrycza\u0142towanym podatku dochodowym od niekt\u00f3rych przychod\u00f3w osi\u0105ganych przez osoby fizyczne (t.j. Dz.U. z 2025 r., poz. 843)<\/li>\n<\/ul>\n","protected":false},"excerpt":{"rendered":"W ramach ulgi podatkowej na IKZE (tj. indywidulane konto zabezpieczenia emerytalnego), osoby prowadz\u0105ce pozarolnicz\u0105 dzia\u0142alno\u015b\u0107 gospodarcz\u0105, czyli przedsi\u0119biorcy&hellip;\n","protected":false},"author":2,"featured_media":153414,"comment_status":"","ping_status":"","sticky":false,"template":"","format":"standard","meta":{"footnotes":""},"categories":[16],"tags":[113,112,30768,10910,42,1310,30769,38,40,39,41,4355,150,16579],"class_list":{"0":"post-153413","1":"post","2":"type-post","3":"status-publish","4":"format-standard","5":"has-post-thumbnail","7":"category-biznes","8":"tag-biznes","9":"tag-business","10":"tag-ikze","11":"tag-pit","12":"tag-pl","13":"tag-podatek","14":"tag-podatek-dochodowy-od-osob-fizycznych","15":"tag-poland","16":"tag-polish","17":"tag-polska","18":"tag-polski","19":"tag-przedsiebiorcy","20":"tag-ulga","21":"tag-ulga-podatkowa"},"share_on_mastodon":{"url":"https:\/\/pubeurope.com\/@pl\/115727877144761479","error":""},"_links":{"self":[{"href":"https:\/\/www.europesays.com\/pl\/wp-json\/wp\/v2\/posts\/153413","targetHints":{"allow":["GET"]}}],"collection":[{"href":"https:\/\/www.europesays.com\/pl\/wp-json\/wp\/v2\/posts"}],"about":[{"href":"https:\/\/www.europesays.com\/pl\/wp-json\/wp\/v2\/types\/post"}],"author":[{"embeddable":true,"href":"https:\/\/www.europesays.com\/pl\/wp-json\/wp\/v2\/users\/2"}],"replies":[{"embeddable":true,"href":"https:\/\/www.europesays.com\/pl\/wp-json\/wp\/v2\/comments?post=153413"}],"version-history":[{"count":0,"href":"https:\/\/www.europesays.com\/pl\/wp-json\/wp\/v2\/posts\/153413\/revisions"}],"wp:featuredmedia":[{"embeddable":true,"href":"https:\/\/www.europesays.com\/pl\/wp-json\/wp\/v2\/media\/153414"}],"wp:attachment":[{"href":"https:\/\/www.europesays.com\/pl\/wp-json\/wp\/v2\/media?parent=153413"}],"wp:term":[{"taxonomy":"category","embeddable":true,"href":"https:\/\/www.europesays.com\/pl\/wp-json\/wp\/v2\/categories?post=153413"},{"taxonomy":"post_tag","embeddable":true,"href":"https:\/\/www.europesays.com\/pl\/wp-json\/wp\/v2\/tags?post=153413"}],"curies":[{"name":"wp","href":"https:\/\/api.w.org\/{rel}","templated":true}]}}