{"id":153419,"date":"2025-12-16T06:44:16","date_gmt":"2025-12-16T06:44:16","guid":{"rendered":"https:\/\/www.europesays.com\/pl\/153419\/"},"modified":"2025-12-16T06:44:16","modified_gmt":"2025-12-16T06:44:16","slug":"rod-stewart-nagle-przerwal-koncert-i-wykrzykiwal-do-fana-wypad-stad","status":"publish","type":"post","link":"https:\/\/www.europesays.com\/pl\/153419\/","title":{"rendered":"Rod Stewart nagle przerwa\u0142 koncert i wykrzykiwa\u0142 do fana. &#8222;Wypad st\u0105d!&#8221;"},"content":{"rendered":"<p class=\"Paragraph_desktopParagraph__U31Gm\">W trakcie koncertu Rod Stewart ostro zareagowa\u0142, przerywaj\u0105c utw\u00f3r i zwracaj\u0105c si\u0119 do m\u0119\u017cczyzny. Wed\u0142ug relacji \u015bwiadk\u00f3w artysta powiedzia\u0142, \u017ce obecno\u015b\u0107 fana &#8222;psuje przedstawienie wszystkim&#8221; i za\u017c\u0105da\u0142, by ten opu\u015bci\u0142 teren wydarzenia.<\/p>\n<blockquote>\n<p class=\"Paragraph_desktopParagraph__U31Gm\">Wypad st\u0105d! Psujesz wszystkim zabaw\u0119. Wyjd\u017a, nie potrzebujemy ci\u0119 tu<\/p>\n<\/blockquote>\n<p class=\"Paragraph_desktopParagraph__U31Gm\">\u2014 m\u00f3wi\u0142.<\/p>\n<ul class=\"OchatFollowUps_wrapper__1ry7X\">\n<li class=\"OchatFollowUps_item__Dhyly OchatFollowUps_itemDesktop__R6aBv\">Dlaczego Rod Stewart przerwa\u0142 koncert?<\/li>\n<li class=\"OchatFollowUps_item__Dhyly OchatFollowUps_itemDesktop__R6aBv\">Co powiedzia\u0142 do fana?<\/li>\n<li class=\"OchatFollowUps_item__Dhyly OchatFollowUps_itemDesktop__R6aBv\">Gdzie odby\u0142 si\u0119 koncert?<\/li>\n<li class=\"OchatFollowUps_item__Dhyly OchatFollowUps_itemDesktop__R6aBv\">Kiedy Rod Stewart planuje kolejny wyst\u0119p?<\/li>\n<\/ul>\n<p>Nagranie wzbudza emocje w sieci <\/p>\n<p class=\"Paragraph_desktopParagraph__U31Gm\">Ca\u0142a sytuacja zosta\u0142a nagrana i opublikowana na TikToku, gdzie wywo\u0142a\u0142a burzliw\u0105 dyskusj\u0119. Jeden z u\u017cytkownik\u00f3w opisa\u0142 film jako &#8222;Rod Stewart wkurzony! Co si\u0119 wydarzy\u0142o?&#8221;. W komentarzach pojawi\u0142y si\u0119 \u017carty, \u017ce z\u0142y humor artysty m\u00f3g\u0142 by\u0107 spowodowany pora\u017ck\u0105 jego ulubionej dru\u017cyny pi\u0142karskiej, Celtic FC, kt\u00f3ra przegra\u0142a z St Mirren 1:3 w finale Scottish League Cup.<\/p>\n<p class=\"Paragraph_desktopParagraph__U31Gm\">Stewart kontynuuje swoj\u0105 \u015bwiatow\u0105 tras\u0119 koncertow\u0105. Na kolejny wyst\u0119p artysty fani b\u0119d\u0105 musieli poczeka\u0107 do \u015brody. Po tym wydarzeniu Stewart planuje trzymiesi\u0119czn\u0105 przerw\u0119, by wznowi\u0107 tras\u0119 w lutym w Stanach Zjednoczonych. W zesz\u0142ym roku Rod Stewart zapowiedzia\u0142, \u017ce zamierza zako\u0144czy\u0107 wielkie \u015bwiatowe trasy koncertowe. &#8222;To b\u0119dzie koniec wielkich \u015bwiatowych tras dla mnie, ale nie zamierzam przechodzi\u0107 na emerytur\u0119. Kocham to, co robi\u0119, i robi\u0119 to, co kocham&#8221; \u2014 napisa\u0142 artysta.<\/p>\n<p class=\"Paragraph_desktopParagraph__U31Gm\">Artysta, kt\u00f3ry w zesz\u0142ym roku przyzna\u0142, \u017ce nie boi si\u0119 \u015bmierci, zamierza nadal korzysta\u0107 z \u017cycia. W rozmowie z &#8222;The Sun&#8221; powiedzia\u0142: &#8222;Mam \u015bwiadomo\u015b\u0107, \u017ce moje dni s\u0105 policzone, ale si\u0119 nie boj\u0119. Zamierzam korzysta\u0107 z \u017cycia przez te ostatnie lata tak mocno, jak si\u0119 da&#8221;.<\/p>\n<p><img decoding=\"async\" class=\"Image_image__0tuHp Image_autoHeight__f2n87 \" height=\"587\" width=\"628\" src=\"https:\/\/www.europesays.com\/pl\/wp-content\/uploads\/2025\/12\/Lark9kpTURBXy8wZTEyYWNlMjU2ODNlZWViZGJjZGRjZDI2YmE3Nzk3OS5qcGeSlQLNA6wAwsOVAgDNAkvCw94AA6EwAaExAaEzw.jpeg\" alt=\"Rod Stewart\" loading=\"lazy\" \/>Debby Wong \/ Shutterstock<\/p>\n<p>Rod Stewart<\/p>\n<p class=\"Paragraph_desktopParagraph__U31Gm\">Dzi\u0119kujemy, \u017ce przeczyta\u0142a\u015b\/e\u015b nasz artyku\u0142 do ko\u0144ca. W serwisie Plejada.pl ka\u017cdego dnia piszemy o najwa\u017cniejszych wydarzeniach show-biznesowych. B\u0105d\u017a na bie\u017c\u0105co! <a rel=\"nofollow noopener\" href=\"https:\/\/profile.google.com\/cp\/Cg0vZy8xMWJ6X19wdHBx\" id=\"c14f1f62-bd1b-4da4-8089-4cd2692bd7e7\" target=\"_blank\">Obserwuj<\/a> Plejad\u0119 w Google. Odwied\u017a nas tak\u017ce na <a rel=\"nofollow noopener\" href=\"https:\/\/www.facebook.com\/plejadapl\" id=\"588cf839-0e06-46e2-86a2-b233849d05c6\" target=\"_blank\">Facebooku<\/a>, <a rel=\"nofollow noopener\" href=\"https:\/\/www.instagram.com\/plejadapl\/\" id=\"c31113e2-113f-4191-acfe-b79fea9ae4d8\" target=\"_blank\">Instagramie<\/a>, <a rel=\"nofollow noopener\" href=\"https:\/\/www.youtube.com\/c\/plejada\" id=\"4c785aef-dd7f-4b61-b126-74bc9b2399b5\" target=\"_blank\">YouTubie<\/a> oraz <a rel=\"nofollow noopener\" href=\"https:\/\/www.tiktok.com\/@plejada_pl\" id=\"7d66cfbb-b20a-4ffe-a618-f96778da6900\" target=\"_blank\">TikToku<\/a>.<\/p>\n<p class=\"Paragraph_desktopParagraph__U31Gm\">Chcesz podzieli\u0107 si\u0119 ciekawym newsem lub zaproponowa\u0107 temat? Skontaktuj si\u0119 z nami, pisz\u0105c maila na adres: <a href=\"https:\/\/www.onet.pl\/styl-zycia\/plejada\/rod-stewart-nagle-przerwal-koncert-i-wykrzykiwal-do-fana-wypad-stad\/mailto:plejada@redakcjaonet.pl\" id=\"c2dee999-7022-4aee-a693-1cd1badcfe05\" rel=\"nofollow noopener\" target=\"_blank\">plejada@redakcjaon<\/a><a rel=\"nofollow noopener\" href=\"http:\/\/et.pl\" id=\"ac3e82bc-5719-4ee4-ba54-f8538428dcfb\" target=\"_blank\">et.pl<\/a>.<\/p>\n<p><script async src=\"\/\/www.instagram.com\/embed.js\"><\/script><script async src=\"\/\/www.tiktok.com\/embed.js\"><\/script><\/p>\n","protected":false},"excerpt":{"rendered":"W trakcie koncertu Rod Stewart ostro zareagowa\u0142, przerywaj\u0105c utw\u00f3r i zwracaj\u0105c si\u0119 do m\u0119\u017cczyzny. Wed\u0142ug relacji \u015bwiadk\u00f3w artysta&hellip;\n","protected":false},"author":2,"featured_media":153420,"comment_status":"","ping_status":"","sticky":false,"template":"","format":"standard","meta":{"footnotes":""},"categories":[22],"tags":[122,67,261,53,52,68,51,55,42,38,40,39,41,30770,123,47,65,50],"class_list":{"0":"post-153419","1":"post","2":"type-post","3":"status-publish","4":"format-standard","5":"has-post-thumbnail","7":"category-rozrywka","8":"tag-entertainment","9":"tag-intextvideo_splayer","10":"tag-kultura","11":"tag-new_header","12":"tag-onet3","13":"tag-onet3d","14":"tag-onet3d_2i","15":"tag-phx","16":"tag-pl","17":"tag-poland","18":"tag-polish","19":"tag-polska","20":"tag-polski","21":"tag-rod_stewart","22":"tag-rozrywka","23":"tag-screening_general","24":"tag-update_me","25":"tag-v2021"},"share_on_mastodon":{"url":"https:\/\/pubeurope.com\/@pl\/115727896871425664","error":""},"_links":{"self":[{"href":"https:\/\/www.europesays.com\/pl\/wp-json\/wp\/v2\/posts\/153419","targetHints":{"allow":["GET"]}}],"collection":[{"href":"https:\/\/www.europesays.com\/pl\/wp-json\/wp\/v2\/posts"}],"about":[{"href":"https:\/\/www.europesays.com\/pl\/wp-json\/wp\/v2\/types\/post"}],"author":[{"embeddable":true,"href":"https:\/\/www.europesays.com\/pl\/wp-json\/wp\/v2\/users\/2"}],"replies":[{"embeddable":true,"href":"https:\/\/www.europesays.com\/pl\/wp-json\/wp\/v2\/comments?post=153419"}],"version-history":[{"count":0,"href":"https:\/\/www.europesays.com\/pl\/wp-json\/wp\/v2\/posts\/153419\/revisions"}],"wp:featuredmedia":[{"embeddable":true,"href":"https:\/\/www.europesays.com\/pl\/wp-json\/wp\/v2\/media\/153420"}],"wp:attachment":[{"href":"https:\/\/www.europesays.com\/pl\/wp-json\/wp\/v2\/media?parent=153419"}],"wp:term":[{"taxonomy":"category","embeddable":true,"href":"https:\/\/www.europesays.com\/pl\/wp-json\/wp\/v2\/categories?post=153419"},{"taxonomy":"post_tag","embeddable":true,"href":"https:\/\/www.europesays.com\/pl\/wp-json\/wp\/v2\/tags?post=153419"}],"curies":[{"name":"wp","href":"https:\/\/api.w.org\/{rel}","templated":true}]}}