{"id":153467,"date":"2025-12-16T07:24:14","date_gmt":"2025-12-16T07:24:14","guid":{"rendered":"https:\/\/www.europesays.com\/pl\/153467\/"},"modified":"2025-12-16T07:24:14","modified_gmt":"2025-12-16T07:24:14","slug":"karol-nawrocki-dostatecznie-angazuje-sie-w-wazne-sprawy-polacy-zabrali-glos-sondaz","status":"publish","type":"post","link":"https:\/\/www.europesays.com\/pl\/153467\/","title":{"rendered":"Karol Nawrocki dostatecznie anga\u017cuje si\u0119 w wa\u017cne sprawy? Polacy zabrali g\u0142os [SONDA\u017b]"},"content":{"rendered":"<ul class=\"UnorderedList_container__nmfSl\">\n<li class=\"UnorderedList_listElement__Py7xi\" data-id=\"ai-summary-link\">Du\u017co czytania, a ma\u0142o czasu? Sprawd\u017a\u00a0skr\u00f3t\u00a0artyku\u0142u<\/li>\n<\/ul>\n<p class=\"Paragraph_desktopParagraph__U31Gm\">Sonda\u017c Instytutu Bada\u0144 Rynkowych i Spo\u0142ecznych (IBRiS) na zlecenie Onetu zosta\u0142 przeprowadzony w dniach 5-6.12.2025 r. metod\u0105 telefonicznych, standaryzowanych wywiad\u00f3w kwestionariuszowych wspomaganych komputerowo (CATI) na pr\u00f3bie 1072 os\u00f3b.<\/p>\n<p class=\"Paragraph_desktopParagraph__U31Gm\">***<\/p>\n<p class=\"Paragraph_desktopParagraph__U31Gm\">Prezydent Karol Nawrocki od czasu obj\u0119cia prezydentury anga\u017cuje si\u0119 w polityk\u0119 krajow\u0105 i mi\u0119dzynarodow\u0105. Z jego inicjatywy odby\u0142 si\u0119 w Pa\u0142acu Prezydenckim <a href=\"https:\/\/wiadomosci.onet.pl\/tylko-w-onecie\/pojedynek-prezydenta-i-premiera-na-szczyty-zdrowotne-uczestnik-obu-spotkan-ocenia\/8ckm46y\" id=\"e3efab3e-e895-45bd-a200-a5a7d05a8b18\" rel=\"nofollow noopener\" target=\"_blank\">szczyt zdrowotny<\/a>. Wielokrotnie podkre\u015bla\u0142 swoje <a href=\"https:\/\/wiadomosci.onet.pl\/kraj\/karol-nawrocki-mowi-o-swoich-dzialaniach-skoro-tusk-nie-moze-sie-dodzwonic\/m5fte2x\" id=\"2137b3a3-ded7-498e-93eb-8ff043388a40\" rel=\"nofollow noopener\" target=\"_blank\">dobre stosunki z prezydentem Stan\u00f3w Zjednoczonych Donaldem Trumpem<\/a>.<\/p>\n<ul class=\"OchatFollowUps_wrapper__1ry7X\">\n<li class=\"OchatFollowUps_item__Dhyly OchatFollowUps_itemDesktop__R6aBv\">Jakie s\u0105 wyniki sonda\u017cu dotycz\u0105cego zaanga\u017cowania Karola Nawrockiego?<\/li>\n<li class=\"OchatFollowUps_item__Dhyly OchatFollowUps_itemDesktop__R6aBv\">Jakie opinie maj\u0105 wyborcy koalicji rz\u0105dowej na temat Nawrockiego?<\/li>\n<li class=\"OchatFollowUps_item__Dhyly OchatFollowUps_itemDesktop__R6aBv\">Ile os\u00f3b uwa\u017ca, \u017ce Karol Nawrocki anga\u017cuje si\u0119 w wa\u017cne sprawy?<\/li>\n<li class=\"OchatFollowUps_item__Dhyly OchatFollowUps_itemDesktop__R6aBv\">Jakie s\u0105 r\u00f3\u017cnice w ocenach Nawrockiego mi\u0119dzy wyborcami opozycji a koalicji?<\/li>\n<\/ul>\n<p class=\"Paragraph_desktopParagraph__U31Gm\">Cztery miesi\u0105ce od obj\u0119cia funkcji prezydenta Karol Nawrocki mo\u017ce mie\u0107 powody do zadowolenia. Prawie po\u0142owa Polak\u00f3w pozytywnie ocenia jego dotychczasowe dzia\u0142ania \u2014 <a href=\"https:\/\/wiadomosci.onet.pl\/kraj\/karol-nawrocki-ma-powody-do-zadowolenia-tak-jego-prace-oceniaja-polacy-sondaz\/37tsdl4\" id=\"dd7cb380-e21b-4bc8-8500-346d5309315c\" rel=\"nofollow noopener\" target=\"_blank\">wynika z poprzedniego badania UCE Research na zlecenie Onetu<\/a>.<\/p>\n<p class=\"Paragraph_desktopParagraph__U31Gm\">W najnowszym sonda\u017cu IBRiS na zlecenie Onetu zadali\u015bmy Polakom pytanie: &#8222;Czy Pana\/Pani zdaniem prezydent Karol Nawrocki w wystarczaj\u0105cym stopniu anga\u017cuje si\u0119 w najwa\u017cniejsze dla Polak\u00f3w sprawy?&#8221;.<\/p>\n<p>Tak Polacy oceniaj\u0105 zaanga\u017cowanie Karola Nawrockiego. Jest nowy sonda\u017c <\/p>\n<p class=\"Paragraph_desktopParagraph__U31Gm\">Wi\u0119ksza cz\u0119\u015b\u0107 badanych, a\u017c 47,9 proc., uwa\u017ca \u017ce Karol Nawrocki w wystarczaj\u0105cym stopniu anga\u017cuje si\u0119 w wa\u017cne dla Polak\u00f3w sprawy (&#8222;zdecydowanie tak&#8221; \u2014 26,6 proc., &#8222;raczej tak&#8221; \u2014 21,3 proc.).<\/p>\n<p class=\"Paragraph_desktopParagraph__U31Gm\">Przeciwnego zdania jest 46,1 proc. ankietowanych (&#8222;zdecydowanie nie&#8221; \u2014 23,1 proc., &#8222;raczej nie&#8221; \u2014 23 proc.). Opcj\u0119 &#8222;trudno powiedzie\u0107&#8221; wskaza\u0142o 6,1 proc. os\u00f3b.<\/p>\n<p class=\"Paragraph_desktopParagraph__U31Gm\">Odpowiedzi bardzo r\u00f3\u017cni\u0105 si\u0119 ze wzgl\u0119du na preferencje partyjne. Ponad po\u0142owa (53 proc.) wyborc\u00f3w koalicji rz\u0105dz\u0105cej uwa\u017ca, \u017ce prezydent nie anga\u017cuje si\u0119 wystarczaj\u0105co (&#8222;zdecydowanie nie&#8221; \u2014 6 proc., &#8222;raczej nie&#8221; \u2014 47 proc.). Odmienn\u0105 opini\u0119 ma w tej grupie 11 proc. os\u00f3b z tej grupy &#8222;zdecydowanie tak&#8221; \u2014 2 proc., &#8222;raczej tak&#8221; \u2014 9 proc.). Opcj\u0119 &#8222;trudno powiedzie\u0107&#8221; wskaza\u0142a ponad jedna trzecia (35 proc.) ankietowanych z tego grona.<\/p>\n<p class=\"Paragraph_desktopParagraph__U31Gm\">W przypadku wyborc\u00f3w opozycji a\u017c 85 proc. badanych pozytywnie ocenia zaanga\u017cowanie Karola Nawrockiego (&#8222;zdecydowanie tak&#8221; \u2014 52 proc., &#8222;raczej tak&#8221; \u2014 33 proc.). Z\u0142e zdanie o zaanga\u017cowaniu prezydenta ma tylko 6 proc. os\u00f3b (&#8222;zdecydowanie nie&#8221; \u2014 6 proc., &#8222;raczej nie&#8221; \u2014 47 proc.). Odpowied\u017a &#8222;trudno powiedzie\u0107&#8221; wybra\u0142o 9 proc. badanych.<\/p>\n<p class=\"Paragraph_desktopParagraph__U31Gm\">Pozostali wyborcy (nieg\u0142osuj\u0105cy i niezdecydowani) maj\u0105 bardzo podzielon\u0105 opini\u0119 na temat Karola Nawrockiego. 35 proc. z nich wystarczaj\u0105co ocenia zaanga\u017cowanie prezydenta (&#8222;zdecydowanie tak&#8221; \u2014 15 proc., &#8222;raczej tak&#8221; \u2014 20 proc.). 34 proc. os\u00f3b w tej grupie ma jednak przeciwne zdanie (&#8222;zdecydowanie nie&#8221; \u2014 11 proc., &#8222;raczej nie&#8221; \u2014 23 proc.). Zdania w tym gronie nie ma 31 proc. ankietowanych.<\/p>\n","protected":false},"excerpt":{"rendered":"Du\u017co czytania, a ma\u0142o czasu? Sprawd\u017a\u00a0skr\u00f3t\u00a0artyku\u0142u Sonda\u017c Instytutu Bada\u0144 Rynkowych i Spo\u0142ecznych (IBRiS) na zlecenie Onetu zosta\u0142 przeprowadzony&hellip;\n","protected":false},"author":2,"featured_media":153468,"comment_status":"","ping_status":"","sticky":false,"template":"","format":"standard","meta":{"footnotes":""},"categories":[5],"tags":[32,33,36,37,27,240,34,35,28,31,53,25,52,68,51,55,42,38,40,4409,39,41,47,1129,29,30,65,50,26],"class_list":{"0":"post-153467","1":"post","2":"type-post","3":"status-publish","4":"format-standard","5":"has-post-thumbnail","7":"category-naglowki","8":"tag-breaking-news","9":"tag-breakingnews","10":"tag-featured-news","11":"tag-featurednews","12":"tag-headlines","13":"tag-karol_nawrocki_prezydent","14":"tag-latest-news","15":"tag-latestnews","16":"tag-naglowki","17":"tag-najwazniejsze-artykuly","18":"tag-new_header","19":"tag-news","20":"tag-onet3","21":"tag-onet3d","22":"tag-onet3d_2i","23":"tag-phx","24":"tag-pl","25":"tag-poland","26":"tag-polish","27":"tag-polityka_polityk_polityczka_politycy","28":"tag-polska","29":"tag-polski","30":"tag-screening_general","31":"tag-sondaze_sondaz","32":"tag-top-stories","33":"tag-topstories","34":"tag-update_me","35":"tag-v2021","36":"tag-wiadomosci"},"share_on_mastodon":{"url":"https:\/\/pubeurope.com\/@pl\/115728053973119040","error":""},"_links":{"self":[{"href":"https:\/\/www.europesays.com\/pl\/wp-json\/wp\/v2\/posts\/153467","targetHints":{"allow":["GET"]}}],"collection":[{"href":"https:\/\/www.europesays.com\/pl\/wp-json\/wp\/v2\/posts"}],"about":[{"href":"https:\/\/www.europesays.com\/pl\/wp-json\/wp\/v2\/types\/post"}],"author":[{"embeddable":true,"href":"https:\/\/www.europesays.com\/pl\/wp-json\/wp\/v2\/users\/2"}],"replies":[{"embeddable":true,"href":"https:\/\/www.europesays.com\/pl\/wp-json\/wp\/v2\/comments?post=153467"}],"version-history":[{"count":0,"href":"https:\/\/www.europesays.com\/pl\/wp-json\/wp\/v2\/posts\/153467\/revisions"}],"wp:featuredmedia":[{"embeddable":true,"href":"https:\/\/www.europesays.com\/pl\/wp-json\/wp\/v2\/media\/153468"}],"wp:attachment":[{"href":"https:\/\/www.europesays.com\/pl\/wp-json\/wp\/v2\/media?parent=153467"}],"wp:term":[{"taxonomy":"category","embeddable":true,"href":"https:\/\/www.europesays.com\/pl\/wp-json\/wp\/v2\/categories?post=153467"},{"taxonomy":"post_tag","embeddable":true,"href":"https:\/\/www.europesays.com\/pl\/wp-json\/wp\/v2\/tags?post=153467"}],"curies":[{"name":"wp","href":"https:\/\/api.w.org\/{rel}","templated":true}]}}