{"id":153480,"date":"2025-12-16T07:31:08","date_gmt":"2025-12-16T07:31:08","guid":{"rendered":"https:\/\/www.europesays.com\/pl\/153480\/"},"modified":"2025-12-16T07:31:08","modified_gmt":"2025-12-16T07:31:08","slug":"na-koniec-wyrosl-mur-niecheci-dziwne-pozegnanie-marka-papszuna-z-rakowem","status":"publish","type":"post","link":"https:\/\/www.europesays.com\/pl\/153480\/","title":{"rendered":"Na koniec wyr\u00f3s\u0142 mur niech\u0119ci. Dziwne po\u017cegnanie Marka Papszuna z Rakowem"},"content":{"rendered":"<p>Marek Papszun dokona\u0142 rzeczy niebywa\u0142ej. W 354 spotkaniach na \u0142awce cz\u0119stochowian osi\u0105gn\u0105\u0142 znakomit\u0105 \u015bredni\u0105 niemal dw\u00f3ch punkt\u00f3w na mecz. Do Rakowa przyszed\u0142 jako mistrz klasy okr\u0119gowej z KS \u0141omianki (2011) i zwyci\u0119zca III ligi z Legionovi\u0105 (2013), a w ostatnim pi\u0119cioleciu zosta\u0142 najbardziej utytu\u0142owanym szkoleniowcem w Ekstraklasie i jedynym, kt\u00f3ry w tym okresie wygra\u0142 ponad sto spotka\u0144.<\/p>\n<p>\u2014 Jak odwijam w pami\u0119ci moj\u0105 histori\u0119, to przypominam sobie, \u017ce przej\u0105\u0142em dru\u017cyn\u0119 w II lidze tydzie\u0144 po meczu, kt\u00f3ry Rak\u00f3w przegra\u0142 1:8 [z GKS Tychy]. To pokazuje, jak\u0105 przeszli\u015bmy tu wsp\u00f3lnie drog\u0119. By\u0142o wiele sukces\u00f3w i ka\u017cdy z nich jest wa\u017cny. Oczywi\u015bcie ukoronowaniem pierwszego okresu w Cz\u0119stochowie by\u0142 tytu\u0142 mistrza i dwa Puchary Polski, ale wa\u017cne dla mnie by\u0142o te\u017c to, co si\u0119 wydarzy\u0142o po powrocie, gdy mnie poproszono, by odbudowa\u0107 zesp\u00f3\u0142 po s\u0142abym sezonie. Dlatego ostatnie wicemistrzostwo kraju te\u017c sobie bardzo ceni\u0119 \u2014 opowiada szkoleniowiec.<\/p>\n<p class=\"VideoPlayerText_videoPlayerText__zrtJk\">Dalszy ci\u0105g materia\u0142u pod wideo<\/p>\n<p class=\"Paragraph_desktopParagraph__Fd2e9\">Gdy obj\u0105\u0142 Rak\u00f3w 18 kwietnia 2016 r., w pierwszym meczu z Puszcz\u0105 Niepo\u0142omice osi\u0105gn\u0105\u0142 bezbramkowy remis, a nast\u0119pnie\u2026 przegra\u0142 trzy kolejne spotkania. P\u00f3\u017aniej by\u0142o ju\u017c tylko lepiej. Sezon 2016\/17 przyni\u00f3s\u0142 awans do I ligi, a sezon 2018\/19 \u2014 do Ekstraklasy, w kt\u00f3rej Medaliki pod jego wodz\u0105 tylko raz (!), jako beniaminek, znalaz\u0142y si\u0119 poza pierwsz\u0105 dw\u00f3jk\u0105.<\/p>\n<p class=\"Paragraph_desktopParagraph__Fd2e9\">Drugi okres pracy w Cz\u0119stochowie, trwaj\u0105cy p\u00f3\u0142tora roku, Papszun zwie\u0144czy\u0142 kolejnym wyczynem, kwalifikuj\u0105c si\u0119 z dru\u017cyn\u0105 do Ligi Konferencji. Wygrana z Rapidem Wiede\u0144 27 listopada na Arenie Sosnowiec by\u0142a dwusetnym zwyci\u0119stwem cz\u0119stochowian we wszystkich spotkaniach pod jego wodz\u0105 i de facto da\u0142a awans do nast\u0119pnej fazy.<\/p>\n<p class=\"Paragraph_desktopParagraph__Fd2e9\">\u2014 To kolejny sukces, kt\u00f3ry jest moim udzia\u0142em. Mam du\u017c\u0105 wdzi\u0119czno\u015b\u0107 do miejsca, w kt\u00f3rym jestem, a jednocze\u015bnie mam poczucie w\u0142asnej warto\u015bci. Wiem, ile pracy i wysi\u0142ku kosztowa\u0142o mnie, \u017ceby tu doj\u015b\u0107 i nikt mnie nie wytr\u0105ci z r\u00f3wnowagi i tego nie odbierze. Ciesz\u0119 si\u0119 bardzo, a wr\u0119cz jestem dumny z kolejnego osi\u0105gni\u0119cia, ale chc\u0119 te\u017c podkre\u015bli\u0107, \u017ce wraca\u0142em do Rakowa pod pewnymi warunkami, zastrzeg\u0142em, \u017ce b\u0119d\u0119 chcia\u0142 i\u015b\u0107 dalej. Je\u015bli kto\u015b mnie nie szanuje i nie docenia tego, co zrobi\u0142em, to trudno, nie b\u0119d\u0119 rozpacza\u0142 z tego powodu. B\u0119d\u0119 spokojnie z tym \u017cy\u0142, bo wiem, ile temu klubowi odda\u0142em i po\u015bwi\u0119ci\u0142em \u2014 powiedzia\u0142 Papszun, nawi\u0105zuj\u0105c do zachowania kibic\u00f3w, kt\u00f3rzy nie potrafili pogodzi\u0107 si\u0119 z jego ch\u0119ci\u0105 odej\u015bcia do Legii, co komunikowali na stadionie i poza nim w niewybredny spos\u00f3b.<\/p>\n<p><img decoding=\"async\" src=\"https:\/\/www.europesays.com\/pl\/wp-content\/uploads\/2025\/12\/1765870267_821_marek-papszun.jpg\" alt=\"Marek Papszun\" width=\"944\" height=\"627\" loading=\"lazy\" class=\"\" \/>Marek Papszun (Foto: Micha\u0142 Chwieduk \/ newspix.pl)Wielkie ambicje Marka Papszuna<\/p>\n<p class=\"Paragraph_desktopParagraph__Fd2e9\">51-letni trener zostawia dru\u017cyn\u0119 z wielkimi szansami na kolejny tytu\u0142 w Ekstraklasie oraz triumf w Pucharze Polski, bo w marcowym \u0107wier\u0107finale tych rozgrywek Rak\u00f3w zmierzy si\u0119 z III-ligow\u0105 Avi\u0105 \u015awidnik. Na krajowym podw\u00f3rku m\u00f3g\u0142by wi\u0119c w tym sezonie si\u0119gn\u0105\u0107 po dublet, a w Europie zaj\u015b\u0107 nawet wy\u017cej ni\u017c Jagiellonia i Legia, kt\u00f3re w minionym sezonie osi\u0105gn\u0119\u0142y \u0107wier\u0107fina\u0142. Po tak udanej jesieni pozycja bossa w Rakowie by\u0142aby jeszcze mocniejsza ani\u017celi by\u0142a do tej pory. M\u00f3g\u0142by stawia\u0107 kolejne warunki i uczyni\u0107 klub jeszcze bogatszym. Porzuca to wszystko z w\u0142asnej woli, podejmuj\u0105c wielkie ryzyko pora\u017cki w \u015brodowisku, w kt\u00f3rym osi\u0105gni\u0119cie tego samego, co w Cz\u0119stochowie b\u0119dzie znacznie trudniejsze. I mniej doceniane.<\/p>\n<p class=\"Paragraph_desktopParagraph__Fd2e9\">Jedno, czego nie mo\u017cna odm\u00f3wi\u0107 Papszunowi, to wielkich ambicji. Rak\u00f3w ma swoje ograniczenia infrastrukturalne, kt\u00f3rych w daj\u0105cej si\u0119 przewidzie\u0107 przysz\u0142o\u015bci nie spos\u00f3b przezwyci\u0119\u017cy\u0107, natomiast Legia jest od nich wolna, w d\u0142u\u017cszej perspektywie mierzy w p\u00f3\u0142k\u0119 europejskich \u015bredniak\u00f3w, regularnie wyst\u0119puj\u0105cych w Lidze Europy, z aspiracjami do szturmowania Ligi Mistrz\u00f3w.<\/p>\n<p class=\"Paragraph_desktopParagraph__Fd2e9\">Na razie jednak Papszun, po sensacyjnej pora\u017cce 0:1 z Zag\u0142\u0119biem Lubin na zamkni\u0119cie ligowego rozdzia\u0142u w Rakowie, chce zaspokoi\u0107 g\u0142\u00f3d zwyci\u0119stw wygran\u0105 na Cyprze, cho\u0107 nawet remis b\u0119dzie wystarczaj\u0105cy do tego, by znale\u017a\u0107 si\u0119 w gronie 16 najlepszych dru\u017cyn Ligi Konferencji. Trener denerwuje si\u0119, gdy kto\u015b deprecjonuje te rozgrywki, uwa\u017ca, \u017ce fakt, i\u017c polskie dru\u017cyny tak dobrze sobie w nich radz\u0105, nie tyle \u015bwiadczy o niskim poziomie LK, co wzro\u015bcie warto\u015bci Ekstraklasy. Prawda zapewne le\u017cy po\u015brodku, faktem jest, \u017ce ka\u017cdy zdobyty punkt podnosi pozycj\u0119 naszej ligi w rankingu UEFA, a co za tym idzie, daje szanse wyst\u0119p\u00f3w na mi\u0119dzynarodowej arenie wi\u0119kszej liczbie dru\u017cyn.<\/p>\n<p class=\"Paragraph_desktopParagraph__Fd2e9\">Zas\u0142ug\u0105 Papszuna i jego sztabu jest zaprzeczenie tezie, \u017ce polskie zespo\u0142y nie s\u0105 w stanie z powodzeniem rywalizowa\u0107 co trzy-cztery dni. Rak\u00f3w, mimo standardowej kadry, na dodatek mocno do\u015bwiadczonej powa\u017cnymi kontuzjami swoich topowych zawodnik\u00f3w, potrafi\u0142 jesieni\u0105 wygrywa\u0107 seriami, a z\u0142e momenty, kt\u00f3re s\u0105 w pi\u0142ce nieodzowne, szybko ko\u0144czy\u0142 wej\u015bciem dru\u017cyny na wy\u017cszy poziom.<\/p>\n<p><img decoding=\"async\" src=\"https:\/\/www.europesays.com\/pl\/wp-content\/uploads\/2025\/12\/1765870268_696_marek-papszun.jpg\" alt=\"Marek Papszun\" width=\"944\" height=\"629\" loading=\"lazy\" class=\"\" \/>Marek Papszun (Foto: Kamil Wolny \/ newspix.pl)<\/p>\n<p class=\"Paragraph_desktopParagraph__Fd2e9\">Fakt, \u017ce jego podopieczni potrafili znosi\u0107 tak du\u017ce obci\u0105\u017cenia nie jest przypadkiem, lecz efektem w\u0142a\u015bciwie przeprowadzonego skautingu i selekcji zawodnik\u00f3w pod k\u0105tem fizycznym i motorycznym. Papszun sprawi\u0142 te\u017c, \u017ce do Cz\u0119stochowy trafiali gracze \u015bwiadomi taktycznie i bardzo poj\u0119tni, umiej\u0105cy s\u0142ucha\u0107 i wyci\u0105ga\u0107 wnioski. Podkre\u015bla\u0142 to Michael Ameyaw, dowodz\u0105c, \u017ce do Rakowa pasuje okre\u015blony typ zawodnika i nie ka\u017cdy by sobie tu poradzi\u0142. By\u0142o sporo mecz\u00f3w, w kt\u00f3rych cz\u0119stochowianie nie grali dobrze, a jednak ich nie przegrywali. To odr\u00f3\u017cnia ten zesp\u00f3\u0142 od konkurencji, zar\u00f3wno krajowej, jak i mi\u0119dzynarodowej.<\/p>\n<p>Mecz by\u0142ego z przysz\u0142ym trenerem Legii<\/p>\n<p class=\"Paragraph_desktopParagraph__Fd2e9\">Papszunowi nale\u017cy si\u0119 po\u017cegnanie godne legendy klubu, ale trzeba b\u0119dzie na to poczeka\u0107, mo\u017ce nawet d\u0142u\u017cej ni\u017c na nowy stadion. Koniec ery nast\u0105pi w symbolicznym miejscu. Nikozja to jedyna stolica w Europie, kt\u00f3ra jest podzielona murem. W ostatnich tygodniach mur niech\u0119ci zacz\u0105\u0142 powstawa\u0107 tak\u017ce w Cz\u0119stochowie \u2014 pomi\u0119dzy Papszunem a osobami decyzyjnymi w klubie oraz cz\u0119\u015bci\u0105 zagorza\u0142ych fan\u00f3w. Nikt nie przypuszcza\u0142, \u017ce rozstanie, kiedykolwiek by mia\u0142o nast\u0105pi\u0107, b\u0119dzie si\u0119 dokonywa\u0107 w tak z\u0142ej atmosferze. A jednak do tego dosz\u0142o, cho\u0107 mo\u017cna mie\u0107 nadziej\u0119, \u017ce gdy emocje opadn\u0105, ten mur ceg\u0142a po cegle zostanie rozebrany. Mo\u017ce pocz\u0105tek tego procesu nast\u0105pi ju\u017c na Cyprze, gdy do g\u0142osu dojdzie nostalgia, a ka\u017cda ze stron u\u015bwiadomi sobie z pe\u0142n\u0105 moc\u0105, jak wiele drugiej zawdzi\u0119cza.<\/p>\n<p class=\"Paragraph_desktopParagraph__Fd2e9\">Czwartkowa potyczka w Nikozji b\u0119dzie konfrontacj\u0105 by\u0142ego trenera Legii (Henning Berg) z przysz\u0142ym. Od pi\u0105tku w Rakowie zacznie si\u0119 nowy rozdzia\u0142, a obj\u0119cie dru\u017cyny przez \u0141ukasza Tomczyka wcale nie musi oznacza\u0107 dla cz\u0119stochowskich pi\u0142karzy gorszych perspektyw; ba, mo\u017ce by\u0107 wr\u0119cz kolejnym bod\u017acem do rozwoju. Z pewno\u015bci\u0105 pojawi\u0105 si\u0119 inne metody treningowe i pomys\u0142y taktyczne, zesp\u00f3\u0142 b\u0119dzie mia\u0142 szans\u0119 na mniej pragmatyczn\u0105, za to mo\u017ce jeszcze bardziej intensywn\u0105 i widowiskow\u0105 gr\u0119. Jedni sobie z tym poradz\u0105, inni b\u0119d\u0105 musieli poszuka\u0107 nowego pracodawcy. Mecz z Omoni\u0105 mo\u017ce si\u0119 wi\u0119c okaza\u0107 ostatnim w barwach Medalik\u00f3w nie tylko dla Papszuna i kilku cz\u0142onk\u00f3w trenerskiego sztabu, kt\u00f3rych zabierze ze sob\u0105 do Warszawy.<\/p>\n<p class=\"Paragraph_desktopParagraph__Fd2e9\">6. kolejka Ligi Konferencji. Omonia Nikozja \u2014 Rak\u00f3w Cz\u0119stochowa<\/p>\n<p class=\"Paragraph_desktopParagraph__Fd2e9\">Czwartek, 18 grudnia, godz. 21, transmisja TV: Polsat Sport 2.<\/p>\n<p class=\"Paragraph_desktopParagraph__Fd2e9\">Omonia: Uzoho \u2014 Dionkou, Coulibaly, Agouzoul, Kitsos \u2014 Ewandro, Mari\u0107, Erakovi\u0107 \u2014 Andreou, Neofytou, Semedo. Trener: Berg. Nieobecni: Khammas, Mmaee (kontuzje), Musia\u0142owski, St\u0119pi\u0144ski (niezg\u0142oszeni).<\/p>\n<p class=\"Paragraph_desktopParagraph__Fd2e9\">Rak\u00f3w: Zych \u2014 Tudor, Racovitan, Svarnas \u2014 Ameyaw, Repka, Struski, Amorim \u2014 Diaby-Fadiga, Pie\u0144ko \u2014 Braut Brunes. Trener: Papszun. Nieobecni: Koczerhin, Arseni\u0107, Otieno (kontuzje, niezg\u0142oszeni), Mos\u00f3r (kontuzja).<\/p>\n","protected":false},"excerpt":{"rendered":"Marek Papszun dokona\u0142 rzeczy niebywa\u0142ej. W 354 spotkaniach na \u0142awce cz\u0119stochowian osi\u0105gn\u0105\u0142 znakomit\u0105 \u015bredni\u0105 niemal dw\u00f3ch punkt\u00f3w na&hellip;\n","protected":false},"author":2,"featured_media":153481,"comment_status":"","ping_status":"","sticky":false,"template":"","format":"standard","meta":{"footnotes":""},"categories":[5],"tags":[32,33,274,36,37,27,67,34,35,7713,2561,28,31,25,948,42,38,40,39,41,136,128,2562,47,135,29,30,26,130],"class_list":{"0":"post-153480","1":"post","2":"type-post","3":"status-publish","4":"format-standard","5":"has-post-thumbnail","7":"category-naglowki","8":"tag-breaking-news","9":"tag-breakingnews","10":"tag-ekstraklasa","11":"tag-featured-news","12":"tag-featurednews","13":"tag-headlines","14":"tag-intextvideo_splayer","15":"tag-latest-news","16":"tag-latestnews","17":"tag-liga_konferencji_europy","18":"tag-marek_papszun","19":"tag-naglowki","20":"tag-najwazniejsze-artykuly","21":"tag-news","22":"tag-pilka_nozna","23":"tag-pl","24":"tag-poland","25":"tag-polish","26":"tag-polska","27":"tag-polski","28":"tag-ps_detal_new","29":"tag-psv2","30":"tag-rakow_czestochowa","31":"tag-screening_general","32":"tag-sport_sport","33":"tag-top-stories","34":"tag-topstories","35":"tag-wiadomosci","36":"tag-wiadomosci_sportowe"},"share_on_mastodon":{"url":"https:\/\/pubeurope.com\/@pl\/115728081941870798","error":""},"_links":{"self":[{"href":"https:\/\/www.europesays.com\/pl\/wp-json\/wp\/v2\/posts\/153480","targetHints":{"allow":["GET"]}}],"collection":[{"href":"https:\/\/www.europesays.com\/pl\/wp-json\/wp\/v2\/posts"}],"about":[{"href":"https:\/\/www.europesays.com\/pl\/wp-json\/wp\/v2\/types\/post"}],"author":[{"embeddable":true,"href":"https:\/\/www.europesays.com\/pl\/wp-json\/wp\/v2\/users\/2"}],"replies":[{"embeddable":true,"href":"https:\/\/www.europesays.com\/pl\/wp-json\/wp\/v2\/comments?post=153480"}],"version-history":[{"count":0,"href":"https:\/\/www.europesays.com\/pl\/wp-json\/wp\/v2\/posts\/153480\/revisions"}],"wp:featuredmedia":[{"embeddable":true,"href":"https:\/\/www.europesays.com\/pl\/wp-json\/wp\/v2\/media\/153481"}],"wp:attachment":[{"href":"https:\/\/www.europesays.com\/pl\/wp-json\/wp\/v2\/media?parent=153480"}],"wp:term":[{"taxonomy":"category","embeddable":true,"href":"https:\/\/www.europesays.com\/pl\/wp-json\/wp\/v2\/categories?post=153480"},{"taxonomy":"post_tag","embeddable":true,"href":"https:\/\/www.europesays.com\/pl\/wp-json\/wp\/v2\/tags?post=153480"}],"curies":[{"name":"wp","href":"https:\/\/api.w.org\/{rel}","templated":true}]}}