{"id":153492,"date":"2025-12-16T07:37:13","date_gmt":"2025-12-16T07:37:13","guid":{"rendered":"https:\/\/www.europesays.com\/pl\/153492\/"},"modified":"2025-12-16T07:37:13","modified_gmt":"2025-12-16T07:37:13","slug":"wlochy-poszukiwania-polskiego-turysty-odnaleziono-jego-psa-pirata","status":"publish","type":"post","link":"https:\/\/www.europesays.com\/pl\/153492\/","title":{"rendered":"W\u0142ochy. Poszukiwania polskiego turysty. Odnaleziono jego psa Pirata"},"content":{"rendered":"<p>Pirat &#8211; jeden z dw\u00f3ch ps\u00f3w zaginionego na Gran Sasso we W\u0142oszech polskiego turysty &#8211; zosta\u0142 odnaleziony. Zwierz\u0119 by\u0142o wychudzone i zm\u0119czone, ale jego \u017cyciu nic nie zagra\u017ca. Poszukiwania 44-letniego Karola Bro\u017cka z Sopotu trwaj\u0105.\n<\/p>\n<p>                         &#13;<br \/>\n        &#13;<\/p>\n<p>                                        &#13;<br \/>\n                        &#13;<br \/>\n                            <img decoding=\"async\" src=\"https:\/\/www.europesays.com\/pl\/wp-content\/uploads\/2025\/12\/000M2WSRS7ORTSLJ-C123-F4.jpg\" title=\"\u200bUda\u0142o si\u0119 odnale\u017a\u0107 Pirata. To pies zaginionego we W\u0142oszech Polaka\" alt=\"Masyw Gran Sasso \/Shutterstock\" class=\"img-responsive\"\/>&#13;<\/p>\n<p>                            &#13;<\/p>\n<p>      &#13;<br \/>\n                            Masyw Gran Sasso&#13;<br \/>\n                                    \/Shutterstock  &#13;\n                                    <\/p>\n<p>&#13;<\/p>\n<p>44-letni Polak Karol Bro\u017cek zagin\u0105\u0142 w rejonie Gran Sasso, najwy\u017cszego masywu Apenin\u00f3w, 19 listopada. M\u0119\u017cczyzna podr\u00f3\u017cowa\u0142 kamperem wraz z dwoma psami.<\/p>\n<p>Niepok\u00f3j turyst\u00f3w wzbudzi\u0142 pozostawiony na Campo Imperatore, przysypany \u015bniegiem kamper. Karabinierzy w \u015brodku pojazdu znale\u017ali dokumenty i telefon kom\u00f3rkowy Karola Bro\u017cka.<\/p>\n<p>Z nagra\u0144 monitoringu uda\u0142o si\u0119 ustali\u0107 jedynie, \u017ce 19 listopada m\u0119\u017cczyzna oddali\u0142 si\u0119 z dwoma swoimi psami w kierunku najwy\u017cszego szczytu Apenin\u00f3w &#8211; Corno Grande. Agencja prasowa ANSA podawa\u0142a, \u017ce Polak nie dysponowa\u0142 wyposa\u017ceniem odpowiednim na panuj\u0105ce w\u00f3wczas warunki atmosferyczne.\u00a0<\/p>\n<p>W\u0142oskie s\u0142u\u017cby ratunkowe od tamtego czasu prowadzi\u0142y akcj\u0119 poszukiwawcz\u0105, w kt\u00f3rej uczestniczy\u0142y tak\u017ce polskie s\u0142u\u017cby konsularne oraz policja.<\/p>\n<p>W ostatni pi\u0105tek (12 grudnia) dosz\u0142o do wa\u017cnego wydarzenia. Pirat, jeden z ps\u00f3w Karola Bro\u017cka, zosta\u0142 odnaleziony. Informacj\u0119 t\u0119 przekaza\u0142a Alessia Natali, prezes w\u0142oskiego Stowarzyszenie Rodzin i Przyjaci\u00f3\u0142 Os\u00f3b Zaginionych im. Penelope Abruzzo, zaanga\u017cowanego w akcj\u0119 poszukiwawcz\u0105.<\/p>\n<p>Zwierz\u0119 znaleziono\u00a0w Campo Imperatore, na obszarze mi\u0119dzy Fontari i Scintarell\u0105. Pirat by\u0142 zdezorientowany i niedo\u017cywiony, ale w dobrym stanie. Natychmiast przewieziono go do kliniki weterynaryjnej na badania.<\/p>\n<p>Poszukiwania Karola Bro\u017cka i jego drugiego psa Krakena wci\u0105\u017c trwaj\u0105.\u00a0<\/p>\n<p>Jak podaje Onet, Pirat zosta\u0142 w niedziel\u0119 (14 grudnia) zabrany na kr\u00f3tki spacer w okolicy, gdzie ostatnio widziano jego w\u0142a\u015bciciela. &#8222;Na miejscu pies by\u0142 czujny, w\u0119szy\u0142 i bada\u0142 teren, ale warunki \u015brodowiskowe oraz up\u0142yw czasu najprawdopodobniej zatar\u0142y wszelkie \u015blady zapachowe&#8221; &#8211; poda\u0142 serwis.<\/p>\n","protected":false},"excerpt":{"rendered":"Pirat &#8211; jeden z dw\u00f3ch ps\u00f3w zaginionego na Gran Sasso we W\u0142oszech polskiego turysty &#8211; zosta\u0142 odnaleziony. Zwierz\u0119&hellip;\n","protected":false},"author":2,"featured_media":153493,"comment_status":"","ping_status":"","sticky":false,"template":"","format":"standard","meta":{"footnotes":""},"categories":[12],"tags":[32,33,36,37,27,34,35,28,31,25,42,38,40,39,41,29,30,26],"class_list":{"0":"post-153492","1":"post","2":"type-post","3":"status-publish","4":"format-standard","5":"has-post-thumbnail","7":"category-polska","8":"tag-breaking-news","9":"tag-breakingnews","10":"tag-featured-news","11":"tag-featurednews","12":"tag-headlines","13":"tag-latest-news","14":"tag-latestnews","15":"tag-naglowki","16":"tag-najwazniejsze-artykuly","17":"tag-news","18":"tag-pl","19":"tag-poland","20":"tag-polish","21":"tag-polska","22":"tag-polski","23":"tag-top-stories","24":"tag-topstories","25":"tag-wiadomosci"},"share_on_mastodon":{"url":"https:\/\/pubeurope.com\/@pl\/115728105345578621","error":""},"_links":{"self":[{"href":"https:\/\/www.europesays.com\/pl\/wp-json\/wp\/v2\/posts\/153492","targetHints":{"allow":["GET"]}}],"collection":[{"href":"https:\/\/www.europesays.com\/pl\/wp-json\/wp\/v2\/posts"}],"about":[{"href":"https:\/\/www.europesays.com\/pl\/wp-json\/wp\/v2\/types\/post"}],"author":[{"embeddable":true,"href":"https:\/\/www.europesays.com\/pl\/wp-json\/wp\/v2\/users\/2"}],"replies":[{"embeddable":true,"href":"https:\/\/www.europesays.com\/pl\/wp-json\/wp\/v2\/comments?post=153492"}],"version-history":[{"count":0,"href":"https:\/\/www.europesays.com\/pl\/wp-json\/wp\/v2\/posts\/153492\/revisions"}],"wp:featuredmedia":[{"embeddable":true,"href":"https:\/\/www.europesays.com\/pl\/wp-json\/wp\/v2\/media\/153493"}],"wp:attachment":[{"href":"https:\/\/www.europesays.com\/pl\/wp-json\/wp\/v2\/media?parent=153492"}],"wp:term":[{"taxonomy":"category","embeddable":true,"href":"https:\/\/www.europesays.com\/pl\/wp-json\/wp\/v2\/categories?post=153492"},{"taxonomy":"post_tag","embeddable":true,"href":"https:\/\/www.europesays.com\/pl\/wp-json\/wp\/v2\/tags?post=153492"}],"curies":[{"name":"wp","href":"https:\/\/api.w.org\/{rel}","templated":true}]}}